{"id":3328,"date":"2013-01-03T15:45:13","date_gmt":"2013-01-03T14:45:13","guid":{"rendered":"http:\/\/www.ladislavjakl.cz\/?p=3328"},"modified":"2013-01-03T15:45:13","modified_gmt":"2013-01-03T14:45:13","slug":"jakl-prohlasuje-je-potreba-zakazat-cyklistiku-pot-zamoruje-vzduch","status":"publish","type":"post","link":"https:\/\/www.ladislavjakl.cz\/?p=3328","title":{"rendered":"Jakl prohla\u0161uje: Je pot\u0159eba zak\u00e1zat cyklistiku. Pot zamo\u0159uje vzduch"},"content":{"rendered":"<p>\u201eCyklistiku nen\u00ed t\u0159eba podporovat, ale naopak zak\u00e1zat,\u201c rozhorlil se na  sv\u00e9m blogu na iDnes.cz Ladislav Jakl, tajemn\u00edk prezidenta V\u00e1clava  Klause. S d\u00e1vkou nads\u00e1zku pova\u017euje j\u00edzdu na kole za p\u00e1chnouc\u00ed a zcela  nepot\u0159ebnou \u010dinnost, kter\u00e1 nav\u00edc vy\u017eaduje d\u00e1vku energie, a t\u00edm i vysok\u00fd  p\u0159\u00edsun potravy.<\/p>\n<p><!--more--><\/p>\n<p>Ve sv\u00e9m \u010dl\u00e1nku Jakl rozb\u00edj\u00ed jeden argument, kter\u00fd cyklistiku h\u00e1j\u00ed, za  druh\u00fdm. To, \u017ee j\u00edzda na kole je zdrav\u00e1, ho v\u00a0jeho n\u00e1zoru neobm\u011bk\u010duje.  \u201eJist\u011b. Pokud v\u00e1m ale nezni\u010d\u00ed z\u00e1da a nezabijete se p\u0159i smyku na \u0161t\u011brku v  prudk\u00e9m kles\u00e1n\u00ed. A jestli je tak zdrav\u00e9, mus\u00ed jeden da\u0148ov\u00fd poplatn\u00edk  p\u0159ip\u00edvat na zdrav\u00ed druh\u00e9ho? A kdy\u017e jde n\u011bkomu k\u00a0duhu pan\u00e1k slivovice po  r\u00e1nu, taky ho dostane zadarmo?\u201c pt\u00e1 se.<\/p>\n<h4>Ekologick\u00e1 nen\u00ed cyklistika ani trochu<\/h4>\n<p>Pova\u017eovat cykloturistiku za ekologick\u00fd zp\u016fsob dopravy je podle n\u011bj  \u201eblbost na kvadr\u00e1t\u201c. \u201eZa pouh\u00fd jeden litr nafty odveze auto p\u011bt lid\u00ed na  dvacet kilometr\u016f. N\u011bjak\u00fdch 35 korun to d\u011bl\u00e1. A kdy\u017e si p\u011bt lid\u00ed sedne na  kolo a t\u011bch 20 kilometr\u016f od\u0161lape, to jako nestoj\u00ed nic? V\u00a0c\u00edli si musej\u00ed  d\u00e1t ob\u011bd, proto\u017ee sp\u00e1lili mraky energie. Za ten dohromady vypl\u00e1znou  aspo\u0148 \u010dty\u0159i stovky, a to nemluv\u00edm o nutn\u00e9m dopln\u011bn\u00ed tekutin,\u201c  vypo\u010d\u00edt\u00e1v\u00e1.<\/p>\n<p>Podot\u00fdk\u00e1, \u017ee lidsk\u00e1 energie je nejdra\u017e\u0161\u00ed a nejantiekologi\u010dt\u011bj\u00ed ze v\u0161ech  mysliteln\u00fdch. Proto lidem vzkazuje, a\u0165 zahod\u00ed kola, samoz\u0159ejm\u011b  ekologicky, z\u016fst\u00e1vaj\u00ed doma a maj\u00ed ni\u017e\u0161\u00ed pot\u0159ebu j\u00eddla. \u201eA nev\u011b\u0159te  cyklomaniak\u016fm, \u017ee kolo je pokrok, \u017ee kolo je \u010distota a zdrav\u00ed. \u010cuchn\u011bte  k\u00a0jejich propocen\u00e9mu triku a budete m\u00edt jasno, kdo tu zamo\u0159uje vzduch.  Pachem i hloup\u00fdmi argumenty,\u201c uzav\u00edr\u00e1 Jakl.<\/p>\n<p><a href=\"http:\/\/www.parlamentnilisty.cz\/zpravy\/Jakl-prohlasuje-Je-potreba-zakazat-cyklistiku-Pot-zamoruje-vzduch-258062\" target=\"_blank\">Zdroj<\/a><\/p>\n","protected":false},"excerpt":{"rendered":"<p>\u201eCyklistiku nen\u00ed t\u0159eba podporovat, ale naopak zak\u00e1zat,\u201c rozhorlil se na sv\u00e9m blogu na iDnes.cz Ladislav Jakl, tajemn\u00edk prezidenta V\u00e1clava Klause. S d\u00e1vkou nads\u00e1zku pova\u017euje j\u00edzdu na kole za p\u00e1chnouc\u00ed a zcela nepot\u0159ebnou \u010dinnost, kter\u00e1 nav\u00edc vy\u017eaduje d\u00e1vku energie, a t\u00edm i vysok\u00fd p\u0159\u00edsun potravy.<\/p>\n","protected":false},"author":1,"featured_media":0,"comment_status":"open","ping_status":"open","sticky":false,"template":"","format":"standard","meta":{"ngg_post_thumbnail":0,"footnotes":""},"categories":[11],"tags":[],"class_list":["post-3328","post","type-post","status-publish","format-standard","hentry","category-ozvena"],"_links":{"self":[{"href":"https:\/\/www.ladislavjakl.cz\/index.php?rest_route=\/wp\/v2\/posts\/3328","targetHints":{"allow":["GET"]}}],"collection":[{"href":"https:\/\/www.ladislavjakl.cz\/index.php?rest_route=\/wp\/v2\/posts"}],"about":[{"href":"https:\/\/www.ladislavjakl.cz\/index.php?rest_route=\/wp\/v2\/types\/post"}],"author":[{"embeddable":true,"href":"https:\/\/www.ladislavjakl.cz\/index.php?rest_route=\/wp\/v2\/users\/1"}],"replies":[{"embeddable":true,"href":"https:\/\/www.ladislavjakl.cz\/index.php?rest_route=%2Fwp%2Fv2%2Fcomments&post=3328"}],"version-history":[{"count":1,"href":"https:\/\/www.ladislavjakl.cz\/index.php?rest_route=\/wp\/v2\/posts\/3328\/revisions"}],"predecessor-version":[{"id":3329,"href":"https:\/\/www.ladislavjakl.cz\/index.php?rest_route=\/wp\/v2\/posts\/3328\/revisions\/3329"}],"wp:attachment":[{"href":"https:\/\/www.ladislavjakl.cz\/index.php?rest_route=%2Fwp%2Fv2%2Fmedia&parent=3328"}],"wp:term":[{"taxonomy":"category","embeddable":true,"href":"https:\/\/www.ladislavjakl.cz\/index.php?rest_route=%2Fwp%2Fv2%2Fcategories&post=3328"},{"taxonomy":"post_tag","embeddable":true,"href":"https:\/\/www.ladislavjakl.cz\/index.php?rest_route=%2Fwp%2Fv2%2Ftags&post=3328"}],"curies":[{"name":"wp","href":"https:\/\/api.w.org\/{rel}","templated":true}]}}