{"id":3330,"date":"2013-01-03T15:45:51","date_gmt":"2013-01-03T14:45:51","guid":{"rendered":"http:\/\/www.ladislavjakl.cz\/?p=3330"},"modified":"2013-01-03T15:45:51","modified_gmt":"2013-01-03T14:45:51","slug":"hospodarske-noviny-narozdil-od-cyklomaniaku-znaji-zakon-o-zachovani-energie","status":"publish","type":"post","link":"https:\/\/www.ladislavjakl.cz\/?p=3330","title":{"rendered":"Hospod\u00e1\u0159sk\u00e9 noviny narozd\u00edl od cyklomaniak\u016f znaj\u00ed z\u00e1kon o zachov\u00e1n\u00ed energie"},"content":{"rendered":"<p>Cyklistiku je t\u0159eba zak\u00e1zat jako neekologickou, napsal ned\u00e1vno na sv\u00e9m  blogu Ladislav Jakl, tajemn\u00edk prezidenta V\u00e1clava Klause. Je to provokace  a ironie, nicm\u00e9n\u011b spr\u00e1vn\u011b to ukazuje na to, \u017ee doprava pova\u017eovan\u00e1 za  ekologickou je\u0161t\u011b v\u016fbec ekologick\u00e1 b\u00fdt nemus\u00ed.<\/p>\n<p><!--more-->Jakl upozor\u0148uje na to, \u017ee cyklist\u00e9 jedou na j\u00eddlo, kter\u00e9 mus\u00ed b\u00fdt n\u011bkde  vyp\u011bstov\u00e1no. A na to jsou pot\u0159eba fosiln\u00ed paliva &#8211; pro stroje i v\u00fdrobu  hnojiv a pesticid\u016f. Znamen\u00e1 to produkci sklen\u00edkov\u00fdch plyn\u016f a dal\u0161\u00ed  ni\u010den\u00ed p\u0159\u00edrody. Podle Jakla ve v\u011bt\u0161\u00ed m\u00ed\u0159e ne\u017e u v\u00fdroby paliv pou\u017e\u00edvan\u00fdch  do aut. Z diskuse podlo\u017een\u00e9 \u010d\u00edsly, kter\u00e1 p\u0159ed p\u00e1r lety prob\u011bhla na  serveru novin New York Times , v\u0161ak vych\u00e1z\u00ed opak. P\u0159esto pou\u017e\u00edv\u00e1n\u00ed aut  m\u016f\u017ee b\u00fdt ob\u010das skute\u010dn\u011b pro p\u0159\u00edrodu \u0161etrn\u011bj\u0161\u00ed ne\u017e jin\u00fd typ dopravy.<\/p>\n<p><a href=\"http:\/\/hn.ihned.cz\/c1-59054990-jaky-druh-dopravy-je-nejekologictejsi\" target=\"_blank\">Zdroj<\/a><\/p>\n","protected":false},"excerpt":{"rendered":"<p>Cyklistiku je t\u0159eba zak\u00e1zat jako neekologickou, napsal ned\u00e1vno na sv\u00e9m blogu Ladislav Jakl, tajemn\u00edk prezidenta V\u00e1clava Klause. Je to provokace a ironie, nicm\u00e9n\u011b spr\u00e1vn\u011b to ukazuje na to, \u017ee doprava pova\u017eovan\u00e1 za ekologickou je\u0161t\u011b v\u016fbec ekologick\u00e1 b\u00fdt nemus\u00ed.<\/p>\n","protected":false},"author":1,"featured_media":0,"comment_status":"open","ping_status":"open","sticky":false,"template":"","format":"standard","meta":{"ngg_post_thumbnail":0,"footnotes":""},"categories":[11],"tags":[],"class_list":["post-3330","post","type-post","status-publish","format-standard","hentry","category-ozvena"],"_links":{"self":[{"href":"https:\/\/www.ladislavjakl.cz\/index.php?rest_route=\/wp\/v2\/posts\/3330","targetHints":{"allow":["GET"]}}],"collection":[{"href":"https:\/\/www.ladislavjakl.cz\/index.php?rest_route=\/wp\/v2\/posts"}],"about":[{"href":"https:\/\/www.ladislavjakl.cz\/index.php?rest_route=\/wp\/v2\/types\/post"}],"author":[{"embeddable":true,"href":"https:\/\/www.ladislavjakl.cz\/index.php?rest_route=\/wp\/v2\/users\/1"}],"replies":[{"embeddable":true,"href":"https:\/\/www.ladislavjakl.cz\/index.php?rest_route=%2Fwp%2Fv2%2Fcomments&post=3330"}],"version-history":[{"count":1,"href":"https:\/\/www.ladislavjakl.cz\/index.php?rest_route=\/wp\/v2\/posts\/3330\/revisions"}],"predecessor-version":[{"id":3331,"href":"https:\/\/www.ladislavjakl.cz\/index.php?rest_route=\/wp\/v2\/posts\/3330\/revisions\/3331"}],"wp:attachment":[{"href":"https:\/\/www.ladislavjakl.cz\/index.php?rest_route=%2Fwp%2Fv2%2Fmedia&parent=3330"}],"wp:term":[{"taxonomy":"category","embeddable":true,"href":"https:\/\/www.ladislavjakl.cz\/index.php?rest_route=%2Fwp%2Fv2%2Fcategories&post=3330"},{"taxonomy":"post_tag","embeddable":true,"href":"https:\/\/www.ladislavjakl.cz\/index.php?rest_route=%2Fwp%2Fv2%2Ftags&post=3330"}],"curies":[{"name":"wp","href":"https:\/\/api.w.org\/{rel}","templated":true}]}}