{"id":3336,"date":"2013-01-04T13:46:40","date_gmt":"2013-01-04T12:46:40","guid":{"rendered":"http:\/\/www.ladislavjakl.cz\/?p=3336"},"modified":"2013-01-04T13:46:40","modified_gmt":"2013-01-04T12:46:40","slug":"jak-nekdo-muze-zakazovat-auta","status":"publish","type":"post","link":"https:\/\/www.ladislavjakl.cz\/?p=3336","title":{"rendered":"Jak n\u011bkdo m\u016f\u017ee zakazovat auta!"},"content":{"rendered":"<p>No, to snad nen\u00ed pravda! Jak\u00e9 asi bude my\u0161len\u00ed blogera,  kter\u00fd ve sv\u00e9m \u010dl\u00e1nku navrhne z\u00e1kaz cyklistiky?\u00a0 O to v\u00edc mi st\u00e1vaj\u00ed  vlasy na hlav\u011b, proto\u017ee takov\u00edto lid\u00e9 jsou k\u00a0m\u00e9mu zd\u011b\u0161en\u00ed na vlivn\u00fdch  postech!<\/p>\n<p><!--more--><\/p>\n<p style=\"text-align: center;\"><img loading=\"lazy\" decoding=\"async\" class=\"aligncenter\" style=\"border: 0px none;\" title=\"a100_3241.jpg\" src=\"http:\/\/blog.idnes.cz\/blog\/3438\/313088\/a100_3241.jpg\" border=\"0\" alt=\"a100_3241.jpg\" width=\"346\" height=\"278\" \/>T\u00edmto  blogerem, jen\u017e n\u011bco takov\u00e9ho dok\u00e1zal vyprodukovat, je tajemn\u00edk  prezidenta Ladislav Jakl. Argumenty, kter\u00e9 tam p\u0159edkl\u00e1d\u00e1, jsou naprost\u00e1  demagogie. To mu vad\u00ed, \u017ee maj\u00ed cyklisti upocen\u00e1 trika? V\u017edy\u0165 je to  sport! To by pak musel zak\u00e1zat naprosto v\u0161echny sporty, nejen  cyklistiku. Takov\u00e9 aktivity jsou p\u0159eci od toho, aby se lid\u00e9 h\u00fdbali, aby  s\u00edlili, aby byli v\u00a0psychick\u00e9 pohod\u011b a aby shazovali p\u0159ebyte\u010dn\u00e1 kila. A  proto je naopak dobr\u00e9 takov\u00e9to sporty podporovat, nebo\u0165 je to i  investice do zdrav\u00ed n\u00e1roda.<\/p>\n<p>A kdy\u017e se nad t\u00edm celkov\u011b zamysl\u00edm, tak to, jako kdy\u017e n\u011bjak\u00e9mu  politikovi zrovna nevon\u00ed ta \u010di ona volno\u010dasov\u00e1 aktivita, tak se ji mus\u00ed  hned sna\u017eit zakazovat? Mo\u017en\u00e1, \u017ee pan bloger myslel sv\u016fj p\u0159\u00edsp\u011bvek jako  nads\u00e1zku, ale kdo to pochop\u00ed? Kdy\u017e si pro\u010d\u00edt\u00e1m p\u0159\u00edsp\u011bvky takov\u00fdch  bloger\u016f, kte\u0159\u00ed se hl\u00e1s\u00ed k\u00a0obdobn\u00e9 ideologick\u00e9 skupin\u011b jako on, tak  velice \u010dasto z nich nen\u00e1vist k\u00a0rozvoji cyklistiky a podobn\u00fdch sport\u016f jen  \u010di\u0161\u00ed. A je tak\u00e9 jen n\u00e1hoda, \u017ee v\u011bt\u0161inou se jedn\u00e1 o p\u0159\u00edslu\u0161n\u00edky t\u00e9ho\u017e  n\u00e1zorov\u00e9ho proudu, o n\u011bm\u017e jsem ned\u00e1vno psal i v\u00a0\u010dl\u00e1nku \u201e<a href=\"http:\/\/liborcermak.blog.idnes.cz\/c\/312012\/Jak-by-vypadala-totalitni-spolecnost-pravicovych-demagogu.html\">Jak by vypadala totalitn\u00ed spole\u010dnost pravicov\u00fdch demagog\u016f?<\/a>\u201c<\/p>\n<p><img loading=\"lazy\" decoding=\"async\" class=\"aligncenter\" style=\"border: 0px none;\" title=\"aa100_7761.jpg\" src=\"http:\/\/blog.idnes.cz\/blog\/3438\/313088\/aa100_7761.jpg\" border=\"0\" alt=\"aa100_7761.jpg\" width=\"348\" height=\"293\" \/>A  te\u010f si p\u0159edstavte, \u017ee by se tato skupina n\u011bkdy skute\u010dn\u011b dostala  k\u00a0n\u011bjak\u00e9 exekutivn\u00ed moci. To v \u017e\u00e1dn\u00e9m p\u0159\u00edpad\u011b nejsou lidi, kte\u0159\u00ed by  cht\u011bli hl\u00e1sat svobodu jednotlivce, na kterou se odvol\u00e1vaj\u00ed. To \u0159\u00edkaj\u00ed  jen proto, aby vypadali hezky. To je skupina lid\u00ed s\u00a0totalitn\u00edmi  praktikami. N\u011bco takov\u00e9ho jsme za\u017eili za komunistick\u00e9ho re\u017eimu, kdy  tehdej\u0161\u00ed politici tak\u00e9 zakazovali obdobn\u00e9 v\u011bci. Nap\u0159\u00edklad Skauta nebo  Sokola a pod. To jako m\u00e1me \u010dekat, \u017ee obdobn\u00e9 antidemokratick\u00e9 praktiky  nastanou n\u011bkdy zas?<\/p>\n<p>Ne d\u011bkuji. V\u00a0tak \u0161\u00edlen\u00e9 spole\u010dnosti u\u017e bych \u017e\u00edt necht\u011bl. To v\u017edy  rad\u011bji nasednu na kolo, nebo si nazuji inlinebrusle, nebo si hod\u00edm batoh  na z\u00e1da a p\u016fjdu se prov\u011btrat n\u011bkam na \u010derstv\u00fd vzduch do p\u0159\u00edrody. A\u0165 se  to takov\u00fdmto demagog\u016fm l\u00edb\u00ed nebo ne.<\/p>\n<p><a href=\"http:\/\/liborcermak.blog.idnes.cz\/c\/313088\/Jak-vubec-muze-nekoho-napadnout-zakazat-cyklistiku.html#t2\" target=\"_blank\">Zdroj<\/a><\/p>\n","protected":false},"excerpt":{"rendered":"<p>No, to snad nen\u00ed pravda! Jak\u00e9 asi bude my\u0161len\u00ed blogera, kter\u00fd ve sv\u00e9m \u010dl\u00e1nku navrhne z\u00e1kaz cyklistiky?\u00a0 O to v\u00edc mi st\u00e1vaj\u00ed vlasy na hlav\u011b, proto\u017ee takov\u00edto lid\u00e9 jsou k\u00a0m\u00e9mu zd\u011b\u0161en\u00ed na vlivn\u00fdch postech!<\/p>\n","protected":false},"author":1,"featured_media":0,"comment_status":"open","ping_status":"open","sticky":false,"template":"","format":"standard","meta":{"ngg_post_thumbnail":0,"footnotes":""},"categories":[11],"tags":[],"class_list":["post-3336","post","type-post","status-publish","format-standard","hentry","category-ozvena"],"_links":{"self":[{"href":"https:\/\/www.ladislavjakl.cz\/index.php?rest_route=\/wp\/v2\/posts\/3336","targetHints":{"allow":["GET"]}}],"collection":[{"href":"https:\/\/www.ladislavjakl.cz\/index.php?rest_route=\/wp\/v2\/posts"}],"about":[{"href":"https:\/\/www.ladislavjakl.cz\/index.php?rest_route=\/wp\/v2\/types\/post"}],"author":[{"embeddable":true,"href":"https:\/\/www.ladislavjakl.cz\/index.php?rest_route=\/wp\/v2\/users\/1"}],"replies":[{"embeddable":true,"href":"https:\/\/www.ladislavjakl.cz\/index.php?rest_route=%2Fwp%2Fv2%2Fcomments&post=3336"}],"version-history":[{"count":1,"href":"https:\/\/www.ladislavjakl.cz\/index.php?rest_route=\/wp\/v2\/posts\/3336\/revisions"}],"predecessor-version":[{"id":3337,"href":"https:\/\/www.ladislavjakl.cz\/index.php?rest_route=\/wp\/v2\/posts\/3336\/revisions\/3337"}],"wp:attachment":[{"href":"https:\/\/www.ladislavjakl.cz\/index.php?rest_route=%2Fwp%2Fv2%2Fmedia&parent=3336"}],"wp:term":[{"taxonomy":"category","embeddable":true,"href":"https:\/\/www.ladislavjakl.cz\/index.php?rest_route=%2Fwp%2Fv2%2Fcategories&post=3336"},{"taxonomy":"post_tag","embeddable":true,"href":"https:\/\/www.ladislavjakl.cz\/index.php?rest_route=%2Fwp%2Fv2%2Ftags&post=3336"}],"curies":[{"name":"wp","href":"https:\/\/api.w.org\/{rel}","templated":true}]}}