{"id":3338,"date":"2013-01-04T13:50:42","date_gmt":"2013-01-04T12:50:42","guid":{"rendered":"http:\/\/www.ladislavjakl.cz\/?p=3338"},"modified":"2013-01-04T13:50:42","modified_gmt":"2013-01-04T12:50:42","slug":"zakazat-orangutany-a-odlisne-nazory","status":"publish","type":"post","link":"https:\/\/www.ladislavjakl.cz\/?p=3338","title":{"rendered":"Zak\u00e1zat orangutany a odli\u0161n\u00e9 n\u00e1zory!"},"content":{"rendered":"<p><a href=\"https:\/\/www.ladislavjakl.cz\/wp-content\/uploads\/2012\/07\/Jaklorangutan.jpg\"><img loading=\"lazy\" decoding=\"async\" class=\"size-thumbnail wp-image-2247 alignleft\" title=\"Jaklorangutan\" src=\"https:\/\/www.ladislavjakl.cz\/wp-content\/uploads\/2012\/07\/Jaklorangutan-150x150.jpg\" alt=\"Jaklorangutan\" width=\"150\" height=\"150\" \/><\/a>B\u00fdt tajemn\u00edkem prezidenta znamen\u00e1 jedin\u00e9. B\u00fdt n\u00e1zorov\u011b  stejn\u00fd jako prezident. B\u00fdt pravi\u010d\u00e1k. B\u00fdt nadpr\u016fm\u011brn\u011b chytr\u00fd a na v\u0161echny  slo\u017eit\u00e9 ot\u00e1zky m\u00edt p\u0159ipravenou jednoduchou, pokud mo\u017eno dogmatickou  odpov\u011b\u010f. \u010cesk\u00fd pravi\u010d\u00e1k \u2013 to je diagn\u00f3za.<\/p>\n<p><!--more-->Typick\u00e9 pro spoustu \u010desk\u00fdch  pravi\u010d\u00e1k\u016f je to, \u017ee se nechaj\u00ed \u017eivit st\u00e1tem. Bu\u010f jako majitel\u00e9 firem,  kter\u00e9 \u010desk\u00e9mu st\u00e1tu prod\u00e1vaj\u00ed kovo\u0161rot za cenu u\u0161lechtil\u00e9ho v\u00fdrobku,  nebo jako nadstandardn\u011b placen\u00fd st\u00e1tn\u00ed zam\u011bstnanec, pokud mo\u017eno s  nejasn\u011b vymezen\u00fdmi pracovn\u00edmi povinnostmi. Jo a pravi\u010d\u00e1k, maskuj\u00edc\u00ed se  za er\u00e1r, r\u00e1d p\u00ed\u0161e blogy a cour\u00e1 po hospod\u00e1ch. Nekupte to&#8230;<\/p>\n<p><a name=\"t2\"><\/a><\/p>\n<p style=\"text-align: justify;\"><strong> <\/strong><\/p>\n<p style=\"text-align: justify;\"><strong> <\/strong><\/p>\n<p style=\"text-align: justify;\"><strong>Pan Jakl<\/strong> napsal v\u010dera  moc p\u011bkn\u00fd \u010dl\u00e1nek. A pak \u017ee nerostou! Je\u0161t\u011b, \u017ee na ten Hrad budou nakonec  kandidovat ti sta\u0159\u00ed, osv\u011bd\u010den\u00ed a napraven\u00ed bol\u0161evici. \u00a0J\u00e1 bych Jakla  fakt nevyd\u00fdchal. Asi bych musel sp\u00e1chat ritu\u00e1ln\u00ed harakiri. Nebo  emigrovat. Na\u0161t\u011bst\u00ed Jaklovy podpisov\u00e9 archy k\u00fd\u017een\u00fdch 50.000 podpis\u016f  neobsahovaly. Neklaplo to navzdory srdceryvn\u00fdm apel\u016fm samotn\u00e9ho mistra.  Co dodat? Lid rozhodl. Te\u010dka.<\/p>\n<p style=\"text-align: justify;\"><img loading=\"lazy\" decoding=\"async\" title=\"jaakl2.jpg\" src=\"http:\/\/blog.idnes.cz\/blog\/12922\/313062\/jaakl2.jpg\" border=\"0\" alt=\"jaakl2.jpg\" width=\"334\" height=\"313\" \/><\/p>\n<p><strong>Polo\u017eme si ot\u00e1zku \u010d\u00edslo jedna<\/strong> &#8211; je pan Jakl \u010dlov\u011bk, kter\u00fd by zaru\u010doval d\u016fstojn\u00fd v\u00fdkon prezidentsk\u00e9 funkce a efektivn\u00ed reprezentaci st\u00e1tu v\u00a0zahrani\u010d\u00ed?<\/p>\n<p><img loading=\"lazy\" decoding=\"async\" title=\"Jakl2.jpg\" src=\"http:\/\/blog.idnes.cz\/blog\/12922\/313062\/Jakl2.jpg\" border=\"0\" alt=\"Jakl2.jpg\" width=\"329\" height=\"408\" \/><\/p>\n<p><strong>Polo\u017eme si ot\u00e1zku \u010d\u00edslo 2<\/strong> \u2013 kdy\u017e pan Jakl tak \u010dasto  kritizuje ve\u0159ejn\u00fd sektor a utr\u00e1cen\u00ed ve\u0159ejn\u00fdch pen\u011bz, pro\u010d se jimi nech\u00e1  \u017eivit? Nen\u00ed i on velkou v\u00fddajovou a dodejme zbyte\u010dnou polo\u017ekou na\u0161eho  st\u00e1tu?<\/p>\n<p><img loading=\"lazy\" decoding=\"async\" title=\"Jakl3.jpg\" src=\"http:\/\/blog.idnes.cz\/blog\/12922\/313062\/Jakl3.jpg\" border=\"0\" alt=\"Jakl3.jpg\" width=\"323\" height=\"173\" \/><\/p>\n<p><strong>Polo\u017eme si ot\u00e1zku \u010d\u00edslo 3<\/strong> \u2013 zam\u011bstnali byste Jakla  ve sv\u00e9 firm\u011b? A pokud ano, \u010dinil by jeho plat v\u00edce ne\u017e sto tis\u00edc  m\u011bs\u00ed\u010dn\u011b? Za sebe V\u00e1m prorad\u00edm, \u017ee j\u00e1 ne&#8230;<\/p>\n<p>Mo\u017en\u00e1 si \u0159eknete, pro\u010d zrovna tyhle pitom\u00e9 ot\u00e1zky. Souhlas\u00edm, bylo to  pitom\u00e9 a hloup\u00e9. Asi jako z\u00e1kaz cyklistiky. Dobr\u00e1 zpr\u00e1va je to, \u017ee za  m\u011bs\u00edc Jakl, H\u00e1jek a Klaus bal\u00ed fidl\u00e1tka. Hlavu vzh\u016fru \u010ce\u0161i! Bude l\u00edp.<\/p>\n<p>P\u0159eji V\u00e1m p\u011bkn\u00fd den.<\/p>\n<p>Franti\u0161ek \u0160tudlar<\/p>\n<p><a href=\"http:\/\/studlar.blog.idnes.cz\/c\/313062\/Coz-takhle-zakazat-tajemnika-Jakla-Orangutana-na-HRAD.html\" target=\"_blank\">Zdroj<\/a><\/p>\n","protected":false},"excerpt":{"rendered":"<p>B\u00fdt tajemn\u00edkem prezidenta znamen\u00e1 jedin\u00e9. B\u00fdt n\u00e1zorov\u011b stejn\u00fd jako prezident. B\u00fdt pravi\u010d\u00e1k. B\u00fdt nadpr\u016fm\u011brn\u011b chytr\u00fd a na v\u0161echny slo\u017eit\u00e9 ot\u00e1zky m\u00edt p\u0159ipravenou jednoduchou, pokud mo\u017eno dogmatickou odpov\u011b\u010f. \u010cesk\u00fd pravi\u010d\u00e1k \u2013 to je diagn\u00f3za.<\/p>\n","protected":false},"author":1,"featured_media":0,"comment_status":"open","ping_status":"open","sticky":false,"template":"","format":"standard","meta":{"ngg_post_thumbnail":0,"footnotes":""},"categories":[11],"tags":[],"class_list":["post-3338","post","type-post","status-publish","format-standard","hentry","category-ozvena"],"_links":{"self":[{"href":"https:\/\/www.ladislavjakl.cz\/index.php?rest_route=\/wp\/v2\/posts\/3338","targetHints":{"allow":["GET"]}}],"collection":[{"href":"https:\/\/www.ladislavjakl.cz\/index.php?rest_route=\/wp\/v2\/posts"}],"about":[{"href":"https:\/\/www.ladislavjakl.cz\/index.php?rest_route=\/wp\/v2\/types\/post"}],"author":[{"embeddable":true,"href":"https:\/\/www.ladislavjakl.cz\/index.php?rest_route=\/wp\/v2\/users\/1"}],"replies":[{"embeddable":true,"href":"https:\/\/www.ladislavjakl.cz\/index.php?rest_route=%2Fwp%2Fv2%2Fcomments&post=3338"}],"version-history":[{"count":1,"href":"https:\/\/www.ladislavjakl.cz\/index.php?rest_route=\/wp\/v2\/posts\/3338\/revisions"}],"predecessor-version":[{"id":3339,"href":"https:\/\/www.ladislavjakl.cz\/index.php?rest_route=\/wp\/v2\/posts\/3338\/revisions\/3339"}],"wp:attachment":[{"href":"https:\/\/www.ladislavjakl.cz\/index.php?rest_route=%2Fwp%2Fv2%2Fmedia&parent=3338"}],"wp:term":[{"taxonomy":"category","embeddable":true,"href":"https:\/\/www.ladislavjakl.cz\/index.php?rest_route=%2Fwp%2Fv2%2Fcategories&post=3338"},{"taxonomy":"post_tag","embeddable":true,"href":"https:\/\/www.ladislavjakl.cz\/index.php?rest_route=%2Fwp%2Fv2%2Ftags&post=3338"}],"curies":[{"name":"wp","href":"https:\/\/api.w.org\/{rel}","templated":true}]}}