{"id":3340,"date":"2013-01-04T13:52:48","date_gmt":"2013-01-04T12:52:48","guid":{"rendered":"http:\/\/www.ladislavjakl.cz\/?p=3340"},"modified":"2013-01-04T13:52:48","modified_gmt":"2013-01-04T12:52:48","slug":"kdyz-nevim-co-si-o-necem-mam-myslet-reknu-ze-to-je-divne","status":"publish","type":"post","link":"https:\/\/www.ladislavjakl.cz\/?p=3340","title":{"rendered":"Kdy\u017e nev\u00edm, co si o n\u011b\u010dem m\u00e1m myslet, \u0159eknu, \u017ee to je divn\u00e9"},"content":{"rendered":"<p>\u2026a jako takov\u00e9ho ho i n\u00e1rod bere. Nemus\u00ed se mu to  l\u00edbit, m\u016f\u017ee si z\u00a0toho d\u011blat dobr\u00fd den, ale to je asi tak v\u0161echno, \u0159e\u010deno  slovy J\u00e1ry Cimrmana, co s\u00a0t\u00edm m\u016f\u017ee d\u011blat\u2026<\/p>\n<p><a name=\"t2\"><\/a> <!--more--><\/p>\n<p>Pan Jakl napsal tak trochu <a href=\"http:\/\/jakl.blog.idnes.cz\/c\/312994\/Cyklistiku-je-nutno-okamzite-zakazat.html\" target=\"_blank\">divn\u00fd text<\/a>, podle jedn\u011bch si d\u011blal z\u00a0lid\u00ed \u2013 \u010dten\u00e1\u0159\u016f prachoby\u010dejnou srandu, podle druh\u00fdch to (bohu\u017eel\u2026) myslel v\u00e1\u017en\u011b.<\/p>\n<p>V\u00edte, ono t\u011b\u017eko \u0159\u00edci, jak to s\u00a0n\u00e1mi pan poradce a tajemn\u00edk prezidenta  vlastn\u011b myslel. Abych se vr\u00e1til k\u00a0m\u00e9mu obvin\u011bn\u00ed p\u00e1n\u011b Jakla  z\u00a0porodnictv\u00ed perel, on toti\u017e vypustil takov\u00fdch leskl\u00fdch kuli\u010dek do  sv\u011bta b\u011bhem sv\u00e9 hradn\u00ed funkce tolik, \u017ee se fakt jen t\u011b\u017eko m\u016f\u017ee divit, \u017ee  ka\u017ed\u00fd jeho dal\u0161\u00ed text, nebo projev,\u00a0 je a priori klasifikov\u00e1n stejn\u011b  jako jeho p\u0159ede\u0161l\u00e1 \u201emoudra\u201c.<\/p>\n<p>N\u011bkdo tvrd\u00ed, \u017ee v\u00a0p\u0159\u00edpad\u011b jeho \u010dl\u00e1nku o \u0161kodliv\u00fdch cyklistech \u0161lo  \u010dist\u011b o provokaci a o to, \u017ee cht\u011bl rozd\u011blit n\u00e1rod na voly a  blahoslaven\u00e9, duchem nevolsk\u00fdm obda\u0159en\u00e9.<\/p>\n<p>Nejd\u0159\u00edve ponech\u00e1m stranou mo\u017enost zrcadl\u00edc\u00ed se v\u00a0lesku perleti, toti\u017e  mo\u017enost, \u017ee to myslel v\u00e1\u017en\u011b, a p\u0159istoup\u00edm na mo\u017enost, \u017ee \u0161lo o tu  provoka\u010dku.<\/p>\n<p>Tato mo\u017enost je dost hloup\u00e1, arogantn\u00ed, a jeho funkce absolutn\u011b nehodn\u00e1.<\/p>\n<p>Kdy\u017e ponech\u00e1m stranou mo\u017enost o provokaci, a p\u0159ijmu my\u0161lenku, \u017ee sv\u016fj  \u010dl\u00e1nek myslel v\u00e1\u017en\u011b \u2013 je tato mo\u017enost op\u011bt hloup\u00e1, arogantn\u00ed, a jeho  funkce absolutn\u011b nehodn\u00e1\u2026<\/p>\n<p>A\u0165 se na ty dv\u011b mo\u017enosti kouk\u00e1m z\u00a0kter\u00e9hokoliv \u00fahlu, stejn\u011b se mi ani  jedna nel\u00edb\u00ed. T\u011b\u017eko \u0159\u00edct, kter\u00e1 je toti\u017e hor\u0161\u00ed, jestli ta, \u017ee PORADCE a  TAJEMN\u00cdK prezidenta republiky vyzn\u00e1v\u00e1 takov\u00e9, s\u00a0odpu\u0161t\u011bn\u00edm, dementn\u00ed  n\u00e1zory, nebo ta, \u017ee se PORADCE a TAJEMN\u00cdK prezidenta republiky vy\u017e\u00edv\u00e1  v\u00a0takov\u00e9m trapn\u00e9m ,,testov\u00e1n\u00ed\u201c n\u00e1roda. P\u0159eci jen bych u \u010dlov\u011bka v takov\u00e9  ve\u0159ejn\u00e9 funkci, a poradce a tajemn\u00edk prezidenta podle m\u00e9ho JE ve\u0159ejn\u00e1  funkce, o\u010dek\u00e1val trochu v\u00edce noblesy a v\u016fbec, alespo\u0148 krap\u00edtek slu\u0161n\u00e9ho  vychov\u00e1n\u00ed.<\/p>\n<p>Prost\u011b bych u n\u011bho \u010dekal alespo\u0148 jist\u00fd stupe\u0148 d\u016fstojnosti a oby\u010dejn\u00e9 lidsk\u00e9 \u00farovn\u011b.<\/p>\n<p>Ani jedno v\u0161ak ani v\u00a0jedn\u00e9 ze dvou nast\u00edn\u011bn\u00fdch mo\u017enost\u00ed nenach\u00e1z\u00edm\u2026<\/p>\n<p>Je mi dost smutno z\u00a0faktu, \u017ee se prezident republiky, kterou pokl\u00e1d\u00e1m  za svou vlast, obklopuje takov\u00fdmi lidmi,\u00a0 s takov\u00fdmi n\u00e1zory, jako je a  m\u00e1 pr\u00e1v\u011b pan Jakl.<\/p>\n<p>Jak se asi m\u016f\u017ee rozhodovat nejvy\u0161\u0161\u00ed st\u00e1tn\u00ed p\u0159edstavitel, kter\u00e9mu n\u011bkdo takov\u00fd \u201erad\u00ed\u201c\u2026?<\/p>\n<p><a href=\"http:\/\/vladimirkroupa.blog.idnes.cz\/c\/313103\/Pan-Jakl-je-perlorodka.html\" target=\"_blank\">Zdroj<\/a><\/p>\n","protected":false},"excerpt":{"rendered":"<p>\u2026a jako takov\u00e9ho ho i n\u00e1rod bere. Nemus\u00ed se mu to l\u00edbit, m\u016f\u017ee si z\u00a0toho d\u011blat dobr\u00fd den, ale to je asi tak v\u0161echno, \u0159e\u010deno slovy J\u00e1ry Cimrmana, co s\u00a0t\u00edm m\u016f\u017ee d\u011blat\u2026<\/p>\n","protected":false},"author":1,"featured_media":0,"comment_status":"open","ping_status":"open","sticky":false,"template":"","format":"standard","meta":{"ngg_post_thumbnail":0,"footnotes":""},"categories":[11],"tags":[],"class_list":["post-3340","post","type-post","status-publish","format-standard","hentry","category-ozvena"],"_links":{"self":[{"href":"https:\/\/www.ladislavjakl.cz\/index.php?rest_route=\/wp\/v2\/posts\/3340","targetHints":{"allow":["GET"]}}],"collection":[{"href":"https:\/\/www.ladislavjakl.cz\/index.php?rest_route=\/wp\/v2\/posts"}],"about":[{"href":"https:\/\/www.ladislavjakl.cz\/index.php?rest_route=\/wp\/v2\/types\/post"}],"author":[{"embeddable":true,"href":"https:\/\/www.ladislavjakl.cz\/index.php?rest_route=\/wp\/v2\/users\/1"}],"replies":[{"embeddable":true,"href":"https:\/\/www.ladislavjakl.cz\/index.php?rest_route=%2Fwp%2Fv2%2Fcomments&post=3340"}],"version-history":[{"count":1,"href":"https:\/\/www.ladislavjakl.cz\/index.php?rest_route=\/wp\/v2\/posts\/3340\/revisions"}],"predecessor-version":[{"id":3341,"href":"https:\/\/www.ladislavjakl.cz\/index.php?rest_route=\/wp\/v2\/posts\/3340\/revisions\/3341"}],"wp:attachment":[{"href":"https:\/\/www.ladislavjakl.cz\/index.php?rest_route=%2Fwp%2Fv2%2Fmedia&parent=3340"}],"wp:term":[{"taxonomy":"category","embeddable":true,"href":"https:\/\/www.ladislavjakl.cz\/index.php?rest_route=%2Fwp%2Fv2%2Fcategories&post=3340"},{"taxonomy":"post_tag","embeddable":true,"href":"https:\/\/www.ladislavjakl.cz\/index.php?rest_route=%2Fwp%2Fv2%2Ftags&post=3340"}],"curies":[{"name":"wp","href":"https:\/\/api.w.org\/{rel}","templated":true}]}}