{"id":3344,"date":"2013-01-04T13:55:34","date_gmt":"2013-01-04T12:55:34","guid":{"rendered":"http:\/\/www.ladislavjakl.cz\/?p=3344"},"modified":"2013-01-04T13:55:34","modified_gmt":"2013-01-04T12:55:34","slug":"nasim-vzorem-jsou-chuda-asijska-mesta-kde-jezdi-cyklisti-ve-vsech-pruzich-ulic-ne-nejake-los-angeles-kde-pro-ne-na-autostradach-neni-ani-jeden","status":"publish","type":"post","link":"https:\/\/www.ladislavjakl.cz\/?p=3344","title":{"rendered":"Na\u0161\u00edm vzorem jsou chud\u00e1 asijsk\u00e1 m\u011bsta, kde jezd\u00ed cyklisti ve v\u0161ech pruz\u00edch ulic, ne n\u011bjak\u00e9 Los Angeles, kde pro n\u011b na autostr\u00e1d\u00e1ch nen\u00ed ani jeden"},"content":{"rendered":"<p>Tajemn\u00edk prezidenta republiky Ladislav Jakl v\u010dera uve\u0159ejnil hojn\u011b diskutovan\u00fd<a href=\"http:\/\/jakl.blog.idnes.cz\/c\/312994\/Cyklistiku-je-nutno-okamzite-zakazat.html\"> blog <\/a>o  cyklistice a cyklostezk\u00e1ch, kdy\u017e odstran\u00edme v\u0161echen r\u00e1doby sarkastick\u00fd  balast zn\u00e1soben\u00fd st\u0159\u00edh\u00e1n\u00edm metru Hradn\u00ed parti\u010dky, dostaneme docela jasn\u00fd  n\u00e1zor broj\u00edc\u00ed proti v\u00fdstavb\u011b cyklostezek z ve\u0159ejn\u00fdch pen\u011bz.<\/p>\n<p><!--more-->To je  vcelku odv\u00e1\u017en\u00e9 tvrzen\u00ed od \u010dlov\u011bka, kter\u00fd bere v\u00edce jak 100 tis\u00edc m\u011bs\u00ed\u010dn\u011b  z er\u00e1rn\u00edho a z pozice vysok\u00e9ho st\u00e1tn\u00edho \u00fa\u0159edn\u00edka vedl kampa\u0148 Svobodn\u00fdm,  aby v p\u0159\u00ed\u0161t\u00edch volb\u00e1ch m\u00edsto 0,79% hlas\u016f dostali 1,01% a definitivn\u011b se  tak odpoutali od v\u00fdzanamn\u00e9ho politick\u00e9ho uskupen\u00ed Moravan\u00e9. Druh\u00fdm  sty\u010dn\u00fdm bodem je a\u017e glorifikace automobilov\u00e9 dopravy, ostatn\u011b nen\u00ed to  prvn\u00ed Jakl\u016fv p\u0159\u00edsp\u011bv\u011bk na blog.idnes.cz na velmi podobn\u00e9 <a href=\"http:\/\/jakl.blog.idnes.cz\/c\/253572\/Centra-ceskych-mest-ozivenim-az-k-uplnemu-umrtveni.html\">t\u00e9ma<\/a>.<\/p>\n<p><a name=\"t2\"><\/a><\/p>\n<p>V 60. letech minul\u00e9ho  stolet\u00ed byli chodci i cyklist\u00e9 v z\u00e1padn\u00edch m\u011bstech zahn\u00e1ni na st\u00e1le u\u017e\u0161\u00ed  chodn\u00edky, byli donuceni kli\u010dkovat mezi automobily, centra mnoha m\u011bst  &#8222;um\u0159ela&#8220;, p\u0159estalo se uva\u017eovat o m\u011bstu jako celku, ve st\u0159edu z\u00e1jmu  z\u016fstaly jednotliv\u00e9 budovy a dopravn\u00ed stavby (magistr\u00e1ly, mimo\u00farov\u0148ov\u00e9  k\u0159i\u017eovatky). Bohu\u017eel velmi podobn\u00e1 situace trv\u00e1 dodnes v Praze. Jin\u00e1  m\u011bsta se vydala <a href=\"http:\/\/www.guardian.co.uk\/world\/2012\/aug\/02\/paris-seine-riverside-expressway-pedestrian\">cestou omezen\u00ed automobilov\u00e9 dopravy v centrech<\/a>,  roz\u0161i\u0159ov\u00e1n\u00ed p\u011b\u0161\u00edch z\u00f3n \u010di alespo\u0148 chodn\u00edk\u016f, posilov\u00e1n\u00ed ve\u0159ejn\u00e9 dopravy  atd. Plody zm\u011bn nejsp\u00ed\u0161 kladn\u011b poc\u00edtil ka\u017ed\u00fd, kdo n\u011bkdy zav\u00edtal do  Berl\u00edna, V\u00eddn\u011b nebo Barcelony. Poutav\u011b na toto t\u00e9ma p\u00ed\u0161e Jan Gehl, kter\u00fd  se pod\u00edlel na urbanistick\u00fdch zm\u011bn\u00e1ch nap\u0159\u00edklad v <a href=\"http:\/\/news.bbc.co.uk\/2\/hi\/americas\/8066590.stm\">New Yorku <\/a>nebo Kodani, v kn\u00ed\u017ek\u00e1ch <a href=\"http:\/\/www.kosmas.cz\/knihy\/103693\/nove-mestske-prostory\/\">Nov\u00e9 m\u011bstsk\u00e9 prostory<\/a> a <a href=\"http:\/\/www.kosmas.cz\/knihy\/171728\/mesta-pro-lidi\/\">M\u011bsta pro lidi<\/a>.<\/p>\n<p>Oproti tomu Moskva d\u00e1l kr\u00e1\u010d\u00ed v duchu automobilov\u00e9 dopravy, pohyb na  kole je nemysliteln\u00fd, ve\u0159ejn\u00fd prostor fakticky neexistuje, neodehr\u00e1v\u00e1 se  na n\u011bm a\u017e na vojensk\u00e9 p\u0159ehl\u00eddky, kter\u00e9 sice ocen\u00ed i tvorov\u00e9 s  prodlou\u017eenou m\u00edchou, skoro \u017e\u00e1dn\u00fd \u017eivot. &#8222;Sv\u011btlou&#8220; v\u00fdjimkou je  Vsesojuznaja selskochozjajstvennaja vystavka (VDNch), jej\u00ed\u017e zda\u0159ilou a  stejn\u011b odpornou napodobinu n\u00e1m spole\u010dn\u011b s Ko\u010dkou za\u0159\u00eddil dal\u0161\u00ed Klaus\u016fv  obl\u00edbenec Kolib\u0159\u00edk na pra\u017esk\u00e9m v\u00fdstavi\u0161ti. Moskva zt\u011bles\u0148uje i v<span>yhrocen\u00fd  individualismus, star\u00e1n\u00ed se o jen sebe, jin\u00e9 pr\u00e1vo pro elity ne\u017e pro  ostatn\u00ed, absenci ob\u010dansk\u00e9 spole\u010dnosti, ba\u0165u\u0161ku a jeho okruh oligarch\u016f,  a\u017e agresivn\u00ed vz\u00fdv\u00e1n\u00ed tradi\u010dn\u00ed rodiny a n\u00e1rodovectv\u00ed. Bohu\u017eel Klaus i  jeho mu\u017ei vid\u00ed sv\u016fj ide\u00e1ln\u00ed sv\u011bt st\u00e1le bl\u00ed\u017e a bl\u00ed\u017e Uralu.<\/span><\/p>\n<p><span> <img loading=\"lazy\" decoding=\"async\" title=\"Kter\u00e1 ulice v\u00e1m p\u0159ijde p\u0159\u00edjemn\u011bj\u0161\u00ed?\" src=\"https:\/\/fbcdn-sphotos-h-a.akamaihd.net\/hphotos-ak-snc7\/313281_10150302975564191_1686914029_n.jpg\" border=\"0\" alt=\"Kter\u00e1 ulice v\u00e1m p\u0159ijde p\u0159\u00edjemn\u011bj\u0161\u00ed?\" width=\"302\" height=\"403\" \/><\/span><\/p>\n<p><span><a href=\"http:\/\/alesdohnal.blog.idnes.cz\/c\/313151\/Jakl-hrdym-Moskvanem.html\" target=\"_blank\">Zdroj<\/a><br \/>\n<\/span><\/p>\n<p><span> <\/span><\/p>\n<p><span> <\/span><\/p>\n<p><span> <\/span><\/p>\n","protected":false},"excerpt":{"rendered":"<p>Tajemn\u00edk prezidenta republiky Ladislav Jakl v\u010dera uve\u0159ejnil hojn\u011b diskutovan\u00fd blog o cyklistice a cyklostezk\u00e1ch, kdy\u017e odstran\u00edme v\u0161echen r\u00e1doby sarkastick\u00fd balast zn\u00e1soben\u00fd st\u0159\u00edh\u00e1n\u00edm metru Hradn\u00ed parti\u010dky, dostaneme docela jasn\u00fd n\u00e1zor broj\u00edc\u00ed proti v\u00fdstavb\u011b cyklostezek z ve\u0159ejn\u00fdch pen\u011bz.<\/p>\n","protected":false},"author":1,"featured_media":0,"comment_status":"open","ping_status":"open","sticky":false,"template":"","format":"standard","meta":{"ngg_post_thumbnail":0,"footnotes":""},"categories":[11],"tags":[],"class_list":["post-3344","post","type-post","status-publish","format-standard","hentry","category-ozvena"],"_links":{"self":[{"href":"https:\/\/www.ladislavjakl.cz\/index.php?rest_route=\/wp\/v2\/posts\/3344","targetHints":{"allow":["GET"]}}],"collection":[{"href":"https:\/\/www.ladislavjakl.cz\/index.php?rest_route=\/wp\/v2\/posts"}],"about":[{"href":"https:\/\/www.ladislavjakl.cz\/index.php?rest_route=\/wp\/v2\/types\/post"}],"author":[{"embeddable":true,"href":"https:\/\/www.ladislavjakl.cz\/index.php?rest_route=\/wp\/v2\/users\/1"}],"replies":[{"embeddable":true,"href":"https:\/\/www.ladislavjakl.cz\/index.php?rest_route=%2Fwp%2Fv2%2Fcomments&post=3344"}],"version-history":[{"count":1,"href":"https:\/\/www.ladislavjakl.cz\/index.php?rest_route=\/wp\/v2\/posts\/3344\/revisions"}],"predecessor-version":[{"id":3345,"href":"https:\/\/www.ladislavjakl.cz\/index.php?rest_route=\/wp\/v2\/posts\/3344\/revisions\/3345"}],"wp:attachment":[{"href":"https:\/\/www.ladislavjakl.cz\/index.php?rest_route=%2Fwp%2Fv2%2Fmedia&parent=3344"}],"wp:term":[{"taxonomy":"category","embeddable":true,"href":"https:\/\/www.ladislavjakl.cz\/index.php?rest_route=%2Fwp%2Fv2%2Fcategories&post=3344"},{"taxonomy":"post_tag","embeddable":true,"href":"https:\/\/www.ladislavjakl.cz\/index.php?rest_route=%2Fwp%2Fv2%2Ftags&post=3344"}],"curies":[{"name":"wp","href":"https:\/\/api.w.org\/{rel}","templated":true}]}}