{"id":3346,"date":"2013-01-04T14:00:41","date_gmt":"2013-01-04T13:00:41","guid":{"rendered":"http:\/\/www.ladislavjakl.cz\/?p=3346"},"modified":"2013-01-04T14:00:41","modified_gmt":"2013-01-04T13:00:41","slug":"ladislav-jakl-nez-vezeni-radeji-par-facek","status":"publish","type":"post","link":"https:\/\/www.ladislavjakl.cz\/?p=3346","title":{"rendered":"Ladislav Jakl: Ne\u017e v\u011bzen\u00ed, rad\u011bji p\u00e1r facek"},"content":{"rendered":"<p>Tajemn\u00edk  Ladislav Jakl souhlas\u00ed s kone\u010dn\u00fdm rozhodnut\u00edm prezidenta V\u00e1clava Klause  t\u00fdkaj\u00edc\u00ed se amnestie, proto\u017ee n\u011bkter\u00e9 tresty nejsou ani v\u00fdchovn\u00e9 ani  ne\u0159e\u0161\u00ed dan\u00fd probl\u00e9m. Podle Jakla m\u00e9dia lidi stra\u0161\u00ed a pod\u00e1vaj\u00ed jim  nep\u0159esn\u00e9 informace. Co se t\u00fdk\u00e1 vl\u00e1dy, m\u016f\u017ee si podle tajemn\u00edka premi\u00e9r  Ne\u010das za sou\u010dasnou \u0161patnou politickou situaci s\u00e1m. Vl\u00e1du m\u016f\u017ee vyd\u00edrat kdejak\u00fd i neza\u0159azen\u00fd poslanec.Na ja\u0159e odch\u00e1z\u00ed Ladislav Jakl z Hradu a st\u00fdskat se mu bude hlavn\u011b po n\u00e1dhern\u00e9m v\u00fdhledu na Prahu.<\/p>\n<p><!--more--><br \/>\n<img loading=\"lazy\" decoding=\"async\" src=\"http:\/\/www.viposobnosti.eu\/obrazek\/2\/ladislav-jakl-tajemnik-kandidat-na-prezidenta-642\/\" alt=\"\" width=\"350\" height=\"256\" \/><\/p>\n<p><strong>P\u0159esto, \u017ee amnestie je zcela v kompetenci prezidenta, jak ji v takov\u00e9 m\u00ed\u0159e, resp. i fakt, \u017ee by mohla b\u00fdt je\u0161t\u011b roz\u0161\u00ed\u0159ena vn\u00edm\u00e1te vy?<\/strong><\/p>\n<p>J\u00e1 mysl\u00edm, \u017ee mo\u017en\u00e1 n\u011bkde roz\u0161\u00ed\u0159ena b\u00fdt mohla, t\u0159eba u z\u00e1kaz\u016f povol\u00e1n\u00ed je to hodn\u011b tvrd\u00e9. Nebo u prvotrestan\u00fdch mohly b\u00fdt n\u011bkter\u00e9 limity trest\u016f zv\u00fd\u0161eny. Jin\u00e9 parametry naopak mohly b\u00fdt zp\u0159\u00edsn\u011bny, t\u0159eba hranice 75 let. Ale nakonec je prost\u011b t\u0159eba n\u011bjak rozhodnout. A s kone\u010dn\u00fdm rozhodnut\u00edm v z\u00e1sad\u011b souhlas\u00edm.<\/p>\n<p><strong>Pro\u010d se j\u00ed odborn\u00edci i lid\u00e9 boj\u00ed?<\/strong><\/p>\n<p>Odborn\u00edci ani ne, krom\u011b t\u011bch, co si pot\u0159ebuj\u00ed d\u011blat reklamu. A lid\u00e9? Ti se \u010dasto nech\u00e1vaj\u00ed zfouknout vichrem medi\u00e1ln\u00edch n\u00e1lad.<\/p>\n<p><strong>Naopak v jak\u00fdch p\u0159\u00edpadech by mohla pomoci?<\/strong><\/p>\n<p>Pr\u00e1v\u011b v t\u011bch mnoha stovk\u00e1ch \u00fapln\u00fdch bagateln\u00edch pitomost\u00ed, kr\u00e1de\u017e\u00ed v samoobsluh\u00e1ch a tak. Na t\u011bchto drobn\u00fdch \u010dinech nen\u00ed nic hezk\u00e9ho, ale v\u011bzen\u00ed to ne\u0159e\u0161\u00ed, to je sp\u00ed\u0161 tov\u00e1rna na zku\u0161en\u011bj\u0161\u00ed delikventy. Sp\u00ed\u0161 by to \u0159e\u0161ilo p\u00e1r facek, ale to se pr\u00fd nesm\u00ed. Nebo neplati\u010di aliment\u016f: Zav\u0159ou je, tam jim nedaj\u00ed pr\u00e1ci a v\u00fdsledek: dlu\u017e\u00ed po\u0159\u00e1d. Tresty do dvou let byly p\u0159evedeny na podm\u00ednku, snad to je v\u00fdchovn\u011bj\u0161\u00ed ne\u017e ty lidi nechat bru\u010det se zlo\u010dinci.<\/p>\n<p><strong>Jak vn\u00edm\u00e1te fakt, \u017ee vl\u00e1da se p\u0159es v\u0161echny turbulence udr\u017eela, minist\u0159i se st\u0159\u00eddaj\u00ed bez ohledu na kompetentnost, jen za cenu udr\u017een\u00ed Ne\u010dase premi\u00e9rem?<\/strong><\/p>\n<p>Vl\u00e1da za\u010d\u00ednala s luxusn\u00ed v\u011bt\u0161inou 118 poslanc\u016f. Ale platila za to kompromisy a slo\u017eit\u00fdmi jedn\u00e1n\u00edmi. Tak si to cht\u011bla usnadnit a mnoha poslanc\u016f se sama zbavila s my\u0161lenkou, \u017ee j\u00ed to kone\u010dn\u011b v\u0161e p\u016fjde bez otravn\u00fdch partner\u016f jak po m\u00e1sle. A v\u00fdsledek? Dnes z\u00e1vis\u00ed na ka\u017ed\u00e9m jednotlivci, ka\u017ed\u00fd poslanec se lehce m\u016f\u017ee st\u00e1t vyd\u011bra\u010dem. To je p\u0159\u00ed\u010dina slabosti vl\u00e1dy. A ta slabost se projevuje i person\u00e1ln\u00ed nestabilitou.<\/p>\n<p><strong>Jak\u00fd se tedy d\u00e1 o\u010dek\u00e1vat dal\u0161\u00ed v\u00fdvoj?<\/strong><\/p>\n<p>To je fakt t\u011b\u017eko \u0159\u00edci. Odst\u0159ediv\u00fdch sil je hodn\u011b. Ale existuje hlavn\u011b i jedna dost\u0159ediv\u00e1: touha z\u016fstat u vl\u00e1dy.<\/p>\n<p><strong>V polovin\u011b m\u011bs\u00edce n\u00e1s \u010dekaj\u00ed prezidentsk\u00e9 volby. Budete m\u00edt vy osobn\u011b z koho vyb\u00edrat nebo byste na Hrad\u011b vid\u011bl rad\u011bji \u00fapln\u011b jin\u00e9ho kandid\u00e1ta? Pokud ano, koho a hlavn\u011b s jak\u00fdmi vlastnostmi a znalostmi?<\/strong><\/p>\n<p>V prvn\u00edm kole k volb\u00e1m nep\u016fjdu. Chyb\u00ed mi tam n\u011bkdo, pro koho je svoboda \u010dlov\u011bka to hlavn\u00ed.<\/p>\n<p><strong>A ve druh\u00e9m kole se n\u011bkdo takov\u00fd najde? Na v\u00fdb\u011br jsou zat\u00edm jen dva kandid\u00e1ti a ti svobodu nenab\u00edz\u00ed. Z koho pak budete vyb\u00edrat?<\/strong><\/p>\n<p>S takovou ot\u00e1zkou m\u011b, pros\u00edm, netrapte.<\/p>\n<p><strong>Vy tento rok z Hradu odch\u00e1z\u00edte. S jak\u00fdmi zku\u0161enostmi a pocity?<\/strong><\/p>\n<p>To je na knihu. Zku\u0161enosti i pocity. Ale j\u00e1 ji nenap\u00ed\u0161u.<\/p>\n<p><strong>Mysl\u00edte jako vy osobn\u011b, \u017ee ji nenap\u00ed\u0161ete nebo nechcete v\u016fbec \u017e\u00e1dnou knihu?<\/strong><\/p>\n<p>Mysl\u00edm to tak, \u017ee v\u016fbec nem\u00e1m pot\u0159ebu d\u011blat cokoli popisn\u00e9ho \u010di faktografick\u00e9ho.<\/p>\n<p><strong>Na co r\u00e1d budete vzpom\u00ednat?<\/strong><\/p>\n<p>Na v\u00fdhled na Prahu. Je nejkr\u00e1sn\u011bj\u0161\u00ed na sv\u011bt\u011b.<\/p>\n<p><strong>Jste odborn\u00edkem na pivo, \u017eurnalistiku ale tak\u00e9 hudebn\u00edk? Vyberete si jednu z t\u011bchto profes\u00ed nebo zam\u00ed\u0159\u00edte op\u011bt s V\u00e1clavem Klausem do institutu?<\/strong><\/p>\n<p>Do institutu mo\u017en\u00e1 ano, ale nechci na tom b\u00fdt z\u00e1visl\u00fd. Zbytek se uvid\u00ed.<\/p>\n<p><strong>Jsme na za\u010d\u00e1tku nov\u00e9ho roku, co v\u0161e na v\u00e1s \u010dek\u00e1?<\/strong><\/p>\n<p>Zm\u011bny. St\u011bhov\u00e1n\u00ed. Nov\u00e1 pr\u00e1ce. Starost o zdrav\u00ed. P\u0159estav\u011bn\u00ed kapely. Ale zm\u011bna po m\u00e9m boku m\u011b nel\u00e1k\u00e1.<br \/>\n<a href=\"http:\/\/www.viposobnosti.eu\/inpage\/ladislav-jakl-nez-vezeni-radeji-par-facek\/\" target=\"_blank\"><\/a><\/p>\n<p><a href=\"http:\/\/www.viposobnosti.eu\/inpage\/ladislav-jakl-nez-vezeni-radeji-par-facek\/\" target=\"_blank\">Zdroj<\/a><\/p>\n","protected":false},"excerpt":{"rendered":"<p>Tajemn\u00edk Ladislav Jakl souhlas\u00ed s kone\u010dn\u00fdm rozhodnut\u00edm prezidenta V\u00e1clava Klause t\u00fdkaj\u00edc\u00ed se amnestie, proto\u017ee n\u011bkter\u00e9 tresty nejsou ani v\u00fdchovn\u00e9 ani ne\u0159e\u0161\u00ed dan\u00fd probl\u00e9m. Podle Jakla m\u00e9dia lidi stra\u0161\u00ed a pod\u00e1vaj\u00ed jim nep\u0159esn\u00e9 informace. Co se t\u00fdk\u00e1 vl\u00e1dy, m\u016f\u017ee si podle tajemn\u00edka premi\u00e9r Ne\u010das za sou\u010dasnou \u0161patnou politickou situaci s\u00e1m. Vl\u00e1du m\u016f\u017ee vyd\u00edrat kdejak\u00fd i neza\u0159azen\u00fd [&hellip;]<\/p>\n","protected":false},"author":1,"featured_media":0,"comment_status":"open","ping_status":"open","sticky":false,"template":"","format":"standard","meta":{"ngg_post_thumbnail":0,"footnotes":""},"categories":[13],"tags":[],"class_list":["post-3346","post","type-post","status-publish","format-standard","hentry","category-rozhovory"],"_links":{"self":[{"href":"https:\/\/www.ladislavjakl.cz\/index.php?rest_route=\/wp\/v2\/posts\/3346","targetHints":{"allow":["GET"]}}],"collection":[{"href":"https:\/\/www.ladislavjakl.cz\/index.php?rest_route=\/wp\/v2\/posts"}],"about":[{"href":"https:\/\/www.ladislavjakl.cz\/index.php?rest_route=\/wp\/v2\/types\/post"}],"author":[{"embeddable":true,"href":"https:\/\/www.ladislavjakl.cz\/index.php?rest_route=\/wp\/v2\/users\/1"}],"replies":[{"embeddable":true,"href":"https:\/\/www.ladislavjakl.cz\/index.php?rest_route=%2Fwp%2Fv2%2Fcomments&post=3346"}],"version-history":[{"count":1,"href":"https:\/\/www.ladislavjakl.cz\/index.php?rest_route=\/wp\/v2\/posts\/3346\/revisions"}],"predecessor-version":[{"id":3347,"href":"https:\/\/www.ladislavjakl.cz\/index.php?rest_route=\/wp\/v2\/posts\/3346\/revisions\/3347"}],"wp:attachment":[{"href":"https:\/\/www.ladislavjakl.cz\/index.php?rest_route=%2Fwp%2Fv2%2Fmedia&parent=3346"}],"wp:term":[{"taxonomy":"category","embeddable":true,"href":"https:\/\/www.ladislavjakl.cz\/index.php?rest_route=%2Fwp%2Fv2%2Fcategories&post=3346"},{"taxonomy":"post_tag","embeddable":true,"href":"https:\/\/www.ladislavjakl.cz\/index.php?rest_route=%2Fwp%2Fv2%2Ftags&post=3346"}],"curies":[{"name":"wp","href":"https:\/\/api.w.org\/{rel}","templated":true}]}}