{"id":3348,"date":"2013-01-04T14:01:36","date_gmt":"2013-01-04T13:01:36","guid":{"rendered":"http:\/\/www.ladislavjakl.cz\/?p=3348"},"modified":"2013-01-10T11:34:05","modified_gmt":"2013-01-10T10:34:05","slug":"jakl-na-radiozurnalu-po-deseti-letech-uz-spravedlnost-nenaleznete","status":"publish","type":"post","link":"https:\/\/www.ladislavjakl.cz\/?p=3348","title":{"rendered":"Jakl na Radio\u017eurn\u00e1lu: Po deseti letech u\u017e spravedlnost nenaleznete"},"content":{"rendered":"<p>Audio uvnit\u0159 \u010dl\u00e1nku.<\/p>\n<p><!--more--><\/p>\n<p><a href=\"http:\/\/prehravac.rozhlas.cz\/audio\/2799253\" target=\"_blank\">Audio zde<\/a><\/p>\n<p><strong>P\u0159epis rozhovoru.<\/strong><\/p>\n<p>02.01.2013, 21:05:50<\/p>\n<p>Helena \u0160ULCOV\u00c1, moder\u00e1torka:<br \/>\nHlavn\u00ed zpr\u00e1va dne\u0161n\u00edho dne. \u010cesk\u00e9 v\u011bznice za\u010daly opou\u0161t\u011bt prvn\u00ed lid\u00e9, na kter\u00e9 se vztahuje prezidentsk\u00e1 amnestie. Jen si p\u0159ipome\u0148me, \u017ee tu vyhl\u00e1sil prezident V\u00e1clav Klaus v\u010dera v z\u00e1v\u011bru sv\u00e9ho tradi\u010dn\u00edho projevu. Hostem po\u0159adu Stalo se dnes je pr\u00e1v\u011b te\u010f tajemn\u00edk prezidenta republiky Ladislav Jakl. V\u00edt\u00e1m v\u00e1s, dobr\u00fd den.<\/p>\n<p>Ladislav JAKL, tajemn\u00edk prezidenta republiky:<br \/>\nDobr\u00fd ve\u010der v\u0161em poslucha\u010d\u016fm.<\/p>\n<p>Helena \u0160ULCOV\u00c1, moder\u00e1torka:<br \/>\n\u0158ekn\u011bte mi, jak\u00e9 d\u016fvody vedly pana prezidenta k vyhl\u00e1\u0161en\u00ed amnestie? To, \u017ee je dvacet let od rozd\u011blen\u00ed \u010ceskoslovenska, asi nebyl jedin\u00fd motiv pro tento krok.<\/p>\n<p>Ladislav JAKL, tajemn\u00edk prezidenta republiky:<br \/>\nTo byla sp\u00ed\u0161e p\u0159\u00edle\u017eitost, ne\u017e motiv. T\u011bch motiv\u016f bylo v\u00edc. Jedn\u00edm z nich bylo, \u017ee amnestie u n\u00e1s nebyla vyhl\u00e1\u0161ena 15 let, to je celkov\u011b v evropsk\u00e9m m\u011b\u0159\u00edtku velmi neobvykl\u00e1 doba. Pana prezidenta V\u00e1clava Klause o to \u017e\u00e1dali mnoz\u00ed minist\u0159i spravedlnosti, soudci i r\u016fzn\u00ed politici a odborn\u00edci na trestn\u00ed pr\u00e1vo. Dlouh\u00e1 l\u00e9ta a pan prezident Klaus se tomu dlouho vyh\u00fdbal, proto\u017ee m\u011bl pocit, \u017ee za jeho p\u0159edch\u016fdce, kter\u00fd ud\u011blil \u010dty\u0159i amnestie, ty amnestie pro\u0161ly inflac\u00ed a cht\u011blo by to tro\u0161ku p\u0159ibrzdit. Dlouh\u00e1 l\u00e9ta \u0159\u00edkal uvid\u00edme, uvid\u00edme, mo\u017en\u00e1 n\u011bkdy, kdo v\u00ed jestli, kdo v\u00ed a\u017e tak n\u011bjak na konci obdob\u00ed. Samoz\u0159ejm\u011b, \u017ee kdy\u017e to druh\u00e9 volebn\u00ed obdob\u00ed pana prezidenta se za\u010dalo ch\u00fdlit ke konci, tak toto t\u00e9ma za\u010dalo b\u00fdt frekventovan\u011bj\u0161\u00ed a frekventovan\u011bj\u0161\u00ed, za\u010dali jsme o n\u011bm mluvit \u010dast\u011bji ne\u017e d\u0159\u00edve a v n\u011bjak\u00e9 f\u00e1zi se nakonec pan prezident rozhodl, \u017ee ano.<\/p>\n<p>Helena \u0160ULCOV\u00c1, moder\u00e1torka:<br \/>\nAle, co v\u0161echny zarazilo, je ten rozsah. U\u017e jsme \u0159\u00edkali i ve zpr\u00e1v\u00e1ch, p\u0159es 7000 lid\u00ed opust\u00ed \u010desk\u00e9 v\u011bznice a mezi nimi, a to je velmi kritizov\u00e1no, jsou t\u0159eba i akt\u00e9\u0159i hospod\u00e1\u0159sk\u00fdch kauz. Tak n\u00e1m \u0159ekn\u011bte, jestli to zar\u00e1\u017e\u00ed politickou sc\u00e9nu a spoustu lid\u00ed opr\u00e1vn\u011bn\u011b?<\/p>\n<p>Ladislav JAKL, tajemn\u00edk prezidenta republiky:<br \/>\nNev\u00edm p\u0159esn\u011b, \u010demu se \u0159\u00edk\u00e1 hospod\u00e1\u0159sk\u00e9 kauzy, ale ve v\u011bzen\u00ed jsou v\u017edy n\u011bjac\u00ed vin\u00edc\u00ed, tam nejsou and\u011bl\u00e9 ani nevinn\u00ed lid\u00e9. Jsou tam prost\u011b lidi, kter\u00e9 poslal do basy soud a vylu\u010duji absolutn\u011b, \u017ee tato amnestie pou\u0161t\u00ed na svobodu pachatele n\u011bjak\u00e9 z\u00e1va\u017en\u00e9 trestn\u00e9 \u010dinnosti. \u0160\u00ed\u0159\u00ed se takov\u00e9 hloup\u00e9 f\u00e1my, velmi nepodlo\u017een\u00e9 s jedinou mo\u017en\u00e1 v\u00fdjimkou, a to ani nev\u00edm, jestli tato v\u00fdjimka plat\u00ed, jestli jsou n\u011bjac\u00ed pachatel\u00e9 v\u00e1\u017en\u00e9 trestn\u00e9 \u010dinnosti nad 75 let. Mo\u017en\u00e1, \u017ee takov\u00fd je jeden, dva, nev\u00edm, jestli je v\u016fbec n\u011bjak\u00fd. Ale z t\u011bch ostatn\u00edch je vylou\u010deno, \u017ee by byl jedin\u00fd pachatel z\u00e1va\u017en\u00e9 trestn\u00e9 \u010dinnosti bu\u010f se kv\u016fli t\u00e9to amnestii vyhnul st\u00edh\u00e1n\u00ed, nebo se dostal z v\u011bzen\u00ed ven.<\/p>\n<p>Helena \u0160ULCOV\u00c1, moder\u00e1torka:<br \/>\nOno se mluv\u00ed nap\u0159\u00edklad o kauze H-Syst\u00e9mu, tam p\u0159i\u0161li lid\u00e9, kter\u00fdm mana\u017ee\u0159i H-Syst\u00e9mu sl\u00edbili bydlen\u00ed od zna\u010dn\u00e9 \u010d\u00e1stky a podle advok\u00e1tky Hany Marvanov\u00e9, kter\u00e1 pr\u00e1v\u011b klienty H-Syst\u00e9mu zastupuje, se n\u011bkte\u0159\u00ed mana\u017ee\u0159i vyhnout d\u00edky prezidentsk\u00e9 amnestii trestu. Jak to maj\u00ed pochopit ti po\u0161kozen\u00ed klienti?<\/p>\n<p>Ladislav JAKL, tajemn\u00edk prezidenta republiky:<br \/>\nPo\u0161kozen\u00ed klienti znaj\u00ed tuto kauzu u\u017e skoro 20 let a t\u011bm bych cht\u011bl \u0159\u00edci, \u017ee pokud v\u00edm, tak vin\u00edk jedin\u00fd, kter\u00e9mu byla vina prok\u00e1z\u00e1na, sed\u00ed na dlouh\u00e1 l\u00e9ta ve v\u011bzen\u00ed a nikomu jin\u00e9mu \u017e\u00e1dn\u00e1 vina prok\u00e1z\u00e1na nebyla. Podle nap\u0159\u00edklad judikatury Evropsk\u00e9ho soudu pro lidsk\u00e1 pr\u00e1va ve \u0160trasburku se na n\u011b d\u00e1vno m\u00e1 hled\u011bt jako na nevinn\u00e9. My jsme \u010dlenem Rady Evropy a pro n\u00e1s tato judikatura by m\u011bla b\u00fdt z\u00e1vazn\u00e1, ale nen\u00ed, \u010cesk\u00e1 republika tato krit\u00e9ria nepln\u00ed. Je povinnost\u00ed st\u00e1tu ukon\u010dit st\u00edh\u00e1n\u00ed n\u011bjak\u00fdm rozhodnut\u00edm bu\u010f o vin\u011b, nebo nevin\u011b podle t\u00e9to judikatury do \u0161esti let. M\u00e1 to hlubok\u00e9 opodstatn\u011bn\u00ed, po del\u0161\u00ed dob\u011b se ztr\u00e1c\u00ed u\u017e n\u00e1rok toho vy\u0161et\u0159ovan\u00e9ho na spravedliv\u00fd soud, sv\u011bdkov\u00e9 se ztr\u00e1cej\u00ed, dokazatelnost se problematizuje. Je vina st\u00e1tu, kdy\u017e nedok\u00e1\u017ee n\u011bkter\u00e9 v\u011bci uzav\u0159\u00edt v dohledn\u00e9 dob\u011b. Panu prezidentovi se t\u011bch \u0161est zd\u00e1lo p\u0159eci jenom p\u0159\u00edli\u0161 m\u00e1lo a zvedl tuto hranici na osm, ale mysl\u00edm si, \u017ee kdyby des\u00edtky a des\u00edtky dal\u0161\u00edch lid\u00ed u n\u00e1s &#8211; a z agendy milost\u00ed to dob\u0159e v\u00edm, jsou n\u011bkter\u00e9 kauzy, kter\u00e9 se t\u00e1hnou 12, 14, 16 let a \u010dlov\u011bk je jednou nohou v krimin\u00e1le, zat\u00edm mu vyrostou d\u011bti a m\u00e1 rozvr\u00e1cen\u00fd cel\u00fd \u017eivot &#8211; kdyby tito lid\u00e9 postupn\u011b jeden po druh\u00e9m \u017ealovali \u010ceskou republiku, \u010deskou justici ve \u0160trasburku, tak jsme t\u00e9m\u011b\u0159 p\u0159esv\u011bd\u010den, \u017ee by byli v\u0161ichni uzn\u00e1ni za nevinn\u00e9 a natahov\u00e1n\u00ed jejich soudu za protipr\u00e1vn\u00ed.<\/p>\n<p>Helena \u0160ULCOV\u00c1, moder\u00e1torka:<br \/>\nOna je tak\u00e9 ot\u00e1zka,jestli to n\u011bkdy nenatahuj\u00ed sami pachatel\u00e9, to je t\u0159eba v\u011bc, na kterou upozor\u0148oval v dne\u0161n\u00edch Hospod\u00e1\u0159sk\u00fdch novin\u00e1ch V\u00e1clav L\u00e1vka, kter\u00fd \u0159ekl, \u017ee soudy \u010dasto protahuj\u00ed sami pachatel\u00e9 a amnestie je te\u010f m\u016f\u017ee za to v podstat\u011b odm\u011bnit, tak\u017ee takhle vy jste o tom neuva\u017eovali na Hrad\u011b?<\/p>\n<p>Ladislav JAKL, tajemn\u00edk prezidenta republiky:<br \/>\nUr\u010dit\u011b uva\u017eovali a pr\u00e1v\u011b proto v t\u00e9to amnestii je v\u00fdjimka, \u017ee pokud jde o lidi, kte\u0159\u00ed jsou st\u00edhan\u00ed na \u00fat\u011bku, tak na n\u011b se to nevztahuje v \u017e\u00e1dn\u00e9m p\u0159\u00edpad\u011b. \u010cili, ta lh\u016fta jako kdyby neb\u011b\u017eela. Je\u0161t\u011b chci dodat jednu v\u011bc. Je samoz\u0159ejm\u011b pr\u00e1vem ka\u017ed\u00e9ho st\u00edhan\u00e9ho v\u0161ude na sv\u011bt\u011b, aby vyu\u017e\u00edval v\u0161echny mo\u017en\u00e9 postupy a metody na svou ochranu, m\u016f\u017ee zkou\u0161et d\u011blat v\u0161elijak\u00e9 obstrukce, vyh\u00fdbat se, ale je zase povinnost\u00ed st\u00e1tu, aby v dob\u011b, kterou mu ukl\u00e1daj\u00ed r\u016fzn\u00e1 pravidla a v n\u011bkter\u00fdch st\u00e1tech ta doba je mnohem krat\u0161\u00ed a kdy\u017e se nepoda\u0159\u00ed n\u011bkdy v n\u011bkter\u00fdch st\u00e1tech do roka nebo do dvou prok\u00e1zat vinu, tak ten st\u00e1t m\u00e1 prost\u011b sm\u016flu, vynesl rozsudek. U n\u00e1s to bohu\u017eel tak nen\u00ed, soudci si \u010dasto mysl\u00ed, \u017ee maj\u00ed \u010das t\u0159eba dvacet let. Mysl\u00edte, \u017ee kdy\u017e n\u011bkter\u00fd p\u0159\u00edpad neuzav\u0159eli do 12 let, \u017ee by ho uzav\u0159eli z\u00edtra? Tak by to byly kauzy, kter\u00e9 by se vlekly 20 let, 25 let, 30 let do nekone\u010dna a byl by potom je\u0161t\u011b rozsudek po 30 letech mo\u017en\u00e9 naz\u00fdvat jakkoliv spravedliv\u00fdm? Asi ne.<\/p>\n<p>Helena \u0160ULCOV\u00c1, moder\u00e1torka:<br \/>\nCo ale \u0159\u00edk\u00e1te na v\u00fdrok \u0161\u00e9fa Sn\u011bmovn\u00edho \u00fastavn\u011bpr\u00e1vn\u00edho v\u00fdboru Stanislava Pol\u010d\u00e1ka z TOP 09? Ten pro Aktu\u00e1ln\u011b.cz uvedl a te\u010f budu citovat, symbol tunel\u00e1\u0159sk\u00e9 doby souvisel s etapou, kdy vl\u00e1d\u011b \u0161\u00e9foval V\u00e1clav Klaus, tato amnestie do jist\u00e9 m\u00edry kruh uzav\u00edr\u00e1.<\/p>\n<p>Ladislav JAKL, tajemn\u00edk prezidenta republiky:<br \/>\nTo je politick\u00e1 blbost, kterou \u0159\u00edk\u00e1 politik, aby o\u010dernil n\u011bkoho, koho nem\u00e1 r\u00e1d. A\u0165 \u0159ekne jedin\u00fd p\u0159\u00edklad, jedin\u00fd p\u0159\u00edpad jedin\u00e9ho \u010dlov\u011bka, na kter\u00e9ho se tato amnestie vztahuje. Ne\u0159ekne ho, tak\u017ee prost\u011b norm\u00e1ln\u011b pl\u00e1c\u00e1 hlouposti a rozvi\u0159uje kolem toho tak nesmysln\u00e9 dohady. Kdy\u017e pak \u010dlov\u011bk \u010dte ohlasy r\u016fzn\u00fdch lid\u00ed, kte\u0159\u00ed jsou pr\u00e1v\u011b takov\u00fdmi \u00fa\u010delov\u00fdmi hloupostmi spleteni, tak se jenom div\u00ed. Nen\u00ed to absolutn\u011b \u017e\u00e1dn\u00e1 pravda. Jestli\u017ee vy\u0161et\u0159ovatel\u00e9 justice za 15, 16 let nejsou schopni n\u011bkoho odsoudit, mysl\u00edte, \u017ee to ud\u011blaj\u00ed za dal\u0161\u00ed rok nebo t\u0159i nebo p\u011bt nebo dvan\u00e1ct, \u017ee by v\u016fbec takov\u00fd proces byl spravedliv\u00fd? A za dal\u0161\u00ed: ani v t\u011bchto p\u0159\u00edpadech, kdy to je \u0159\u00edzen\u00ed neuzav\u0159en\u00e9 p\u0159es osm let, se to nevztahuje na p\u0159\u00edpady se z\u00e1va\u017enou trestnou \u010dinnost\u00ed, kde je sazba nad deset let, \u010dili ty nejz\u00e1va\u017en\u011bj\u0161\u00ed krimin\u00e1ln\u00ed \u010diny prost\u011b t\u00edmto dot\u010deny v\u016fbec nejsou.<\/p>\n<p>Helena \u0160ULCOV\u00c1, moder\u00e1torka:<br \/>\nTo byl tajemn\u00edk prezidenta Ladislav Jakl, j\u00e1 v\u00e1m moc d\u011bkuji za n\u00e1v\u0161t\u011bvu tady u n\u00e1s ve studiu.<\/p>\n","protected":false},"excerpt":{"rendered":"<p>Audio uvnit\u0159 \u010dl\u00e1nku.<\/p>\n","protected":false},"author":1,"featured_media":0,"comment_status":"open","ping_status":"open","sticky":false,"template":"","format":"standard","meta":{"ngg_post_thumbnail":0,"footnotes":""},"categories":[13],"tags":[],"class_list":["post-3348","post","type-post","status-publish","format-standard","hentry","category-rozhovory"],"_links":{"self":[{"href":"https:\/\/www.ladislavjakl.cz\/index.php?rest_route=\/wp\/v2\/posts\/3348","targetHints":{"allow":["GET"]}}],"collection":[{"href":"https:\/\/www.ladislavjakl.cz\/index.php?rest_route=\/wp\/v2\/posts"}],"about":[{"href":"https:\/\/www.ladislavjakl.cz\/index.php?rest_route=\/wp\/v2\/types\/post"}],"author":[{"embeddable":true,"href":"https:\/\/www.ladislavjakl.cz\/index.php?rest_route=\/wp\/v2\/users\/1"}],"replies":[{"embeddable":true,"href":"https:\/\/www.ladislavjakl.cz\/index.php?rest_route=%2Fwp%2Fv2%2Fcomments&post=3348"}],"version-history":[{"count":3,"href":"https:\/\/www.ladislavjakl.cz\/index.php?rest_route=\/wp\/v2\/posts\/3348\/revisions"}],"predecessor-version":[{"id":3384,"href":"https:\/\/www.ladislavjakl.cz\/index.php?rest_route=\/wp\/v2\/posts\/3348\/revisions\/3384"}],"wp:attachment":[{"href":"https:\/\/www.ladislavjakl.cz\/index.php?rest_route=%2Fwp%2Fv2%2Fmedia&parent=3348"}],"wp:term":[{"taxonomy":"category","embeddable":true,"href":"https:\/\/www.ladislavjakl.cz\/index.php?rest_route=%2Fwp%2Fv2%2Fcategories&post=3348"},{"taxonomy":"post_tag","embeddable":true,"href":"https:\/\/www.ladislavjakl.cz\/index.php?rest_route=%2Fwp%2Fv2%2Ftags&post=3348"}],"curies":[{"name":"wp","href":"https:\/\/api.w.org\/{rel}","templated":true}]}}