{"id":3352,"date":"2013-01-04T14:06:30","date_gmt":"2013-01-04T13:06:30","guid":{"rendered":"http:\/\/www.ladislavjakl.cz\/?p=3352"},"modified":"2013-01-04T14:06:30","modified_gmt":"2013-01-04T13:06:30","slug":"o-amnestii-jsme-se-radili-v-sirokem-kruhu-tri-lidi-rika-jakl","status":"publish","type":"post","link":"https:\/\/www.ladislavjakl.cz\/?p=3352","title":{"rendered":"O amnestii jsme se radili v \u0161irok\u00e9m kruhu t\u0159\u00ed lid\u00ed, \u0159\u00edk\u00e1 Jakl"},"content":{"rendered":"<p>Parametry amnestie vznikaly v dlouh\u00fdch polemick\u00fdch debat\u00e1ch t\u0159\u00ed lid\u00ed, \u0159ekl \u0159editel politick\u00e9ho odboru Pra\u017esk\u00e9ho hradu Ladislav Jakl v rozhovoru pro Lidovky.cz. Hlavn\u00edm \u00fa\u010delem podle Jakla nebylo vypr\u00e1zdn\u011bn\u00ed p\u0159epln\u011bn\u00fdch v\u011bze\u0148sk\u00fdch za\u0159\u00edzen\u00ed, konkr\u00e9tn\u011bj\u0161\u00ed ale nebyl.<\/p>\n<p><!--more--><strong>Lidovky.cz: V\u011bd\u011bl jste o tom, \u017ee prezident V\u00e1clav Klaus p\u0159ipravuje amnestii?<\/strong><\/p>\n<p>Ano.<\/p>\n<p><strong>Lidovky.cz: Jak dlouho tento krok chystal?<\/strong><\/p>\n<p>\u0158adu t\u00fddn\u016f.<\/p>\n<p><strong> Lidovky.cz: Prezident ozn\u00e1mil amnestii u p\u0159\u00edle\u017eitosti 20. v\u00fdro\u010d\u00ed vzniku samostatn\u00e9 \u010cesk\u00e9 republiky. M\u011bl tento krok i n\u011bjakou dal\u0161\u00ed motivaci, filozofii?<\/strong><\/p>\n<p>Jist\u011b. M\u011bl. A tou nebylo vypr\u00e1zdn\u011bn\u00ed v\u011bznic.<\/p>\n<p><strong>Lidovky.cz: Jak\u00e1 tato dal\u0161\u00ed motivace, filozofie byla?<\/strong><\/p>\n<p>To se mus\u00edte zeptat pana prezidenta nebo jeho mluv\u010d\u00edho. J\u00e1 mluv\u00edm jen za sebe.<\/p>\n<p><strong>Lidovky.cz: M\u016f\u017eete p\u0159ibl\u00ed\u017eit, jak prob\u00edhalo sestaven\u00ed parametr\u016f amnestie jej\u00edch jednotliv\u00fdch \u010dl\u00e1nk\u016f?<\/strong><\/p>\n<p>V dlouh\u00fdch polemick\u00fdch debat\u00e1ch.<\/p>\n<p><strong>Lidovky.cz: Jak \u0161irok\u00fd byl okruh lid\u00ed, kter\u00e9 prezident do polemiky zapojil, a o \u010dem byla polemika z Va\u0161eho pohledu nejv\u00fdrazn\u011bj\u0161\u00ed?<\/strong><\/p>\n<p>Byl to velmi \u0161irok\u00fd okruh t\u0159\u00ed lid\u00ed. Polemika byla hodn\u011b v\u00fdrazn\u00e1 skoro o v\u0161em. I o tom, co v textu amnestie nakonec nen\u00ed. O limitech, formulac\u00edch, \u0161\u00ed\u0159i z\u00e1b\u011bru..<\/p>\n<p><strong>Lidovky.cz: Jak vn\u00edm\u00e1te kontroverzi, kter\u00e1 prov\u00e1z\u00ed p\u0159edev\u0161\u00edm zastaven\u00ed trestn\u00edho st\u00edh\u00e1n\u00ed u p\u0159\u00edpad\u016f, kter\u00e9 neskon\u010dily pravomocn\u00fdm rozsudkem ani po osmi letech? Bez pravomocn\u00e9ho rozsudku tak podle v\u0161eho skon\u010d\u00ed nap\u0159\u00edklad kauza mana\u017eer\u016f H-Systemu nebo n\u011bkter\u00e9 dal\u0161\u00ed p\u0159\u00edpady velk\u00e9 ekonomick\u00e9 kriminality, kdy se na pr\u016ftaz\u00edch pod\u00edleli i sami obvin\u011bn\u00ed\u2026<br \/>\n<\/strong><\/p>\n<p>Soud m\u00e1 konat a ne dvacet let \u0161et\u0159it. Zavazuj\u00ed n\u00e1s k tomu i mezin\u00e1rodn\u00ed konvence.<\/p>\n<p><em> Ladislav Jakl se \u0161\u00ed\u0159eji rozepsal o d\u016fvodech prezidentsk\u00e9 amnestie na sv\u00e9 internetov\u00e9 str\u00e1nce www.ladislavjakl.cz. Text p\u0159in\u00e1\u0161\u00edme v pln\u00e9m zn\u011bn\u00ed:<\/em><\/p>\n<p><em> <\/em><\/p>\n<p><em> Pro\u010d amnestie? Pro\u010d takov\u00e1to? Pro\u010d te\u010f?<\/em><\/p>\n<p><em> <\/em><\/p>\n<p><em> Byl jsem osobn\u011b podporovatelem amnestie mnoho m\u011bs\u00edc\u016f, ne \u2013li d\u00e9le. Zd\u00e1lo se mi, \u017ee je u\u017e kone\u010dn\u011b t\u0159eba n\u011bco nahlas \u0159\u00edci k sou\u010dasn\u00e9 praxi policie, st\u00e1tn\u00edch z\u00e1stupc\u016f, soudc\u016f a tak\u00e9 z\u00e1konod\u00e1rc\u016f ve v\u011bcech trestn\u00edho pr\u00e1va.<\/em><\/p>\n<p><em> <\/em><\/p>\n<p><em> A projevit slitov\u00e1n\u00ed nad t\u011bmi, co by za sv\u00e1 drobn\u00e1 selh\u00e1n\u00ed jinde ani do basy ne\u0161li a dostali tak maxim\u00e1ln\u011b pokutu \u010di napomenut\u00ed. Jsem r\u00e1d, \u017ee se nakonec pan prezident pro ni rozhodl. M\u011bl pro to jist\u011b sv\u00e9 d\u016fvody, vyhl\u00e1\u0161en\u00ed amnestie je ryze individu\u00e1ln\u00edm aktem. Jeho d\u016fvody byly ur\u010dit\u011b odli\u0161n\u00e9 ne\u017e moje, ale m\u00e9 byly tyto:<\/em><\/p>\n<p><em> <\/em><\/p>\n<p><em> Amnestie je stabiln\u00edm \u010dl\u00e1nkem na\u0161eho \u00fastavn\u00edho syst\u00e9mu. A nejen na\u0161eho, ale v\u0161ech zn\u00e1m\u00fdch demokraci\u00ed. Nen\u00ed spr\u00e1vn\u00e9 ji nadu\u017e\u00edvat, nen\u00ed spr\u00e1vn\u00e9 ji d\u00e1vat o\u010dek\u00e1vateln\u011b v pravideln\u00fdch intervalech a nen\u00ed spr\u00e1vn\u00e9 s jej\u00ed pomoc\u00ed \u0159e\u0161it stav v\u011bze\u0148stv\u00ed.<\/em><\/p>\n<p><em> <\/em><\/p>\n<p><em> Smysl amnestie je v n\u011b\u010dem jin\u00e9m. Jde o mimo\u0159\u00e1dn\u00fd krok pro mimo\u0159\u00e1dn\u00e9 chv\u00edle. A je to p\u0159\u00edle\u017eitost, jak \u0159\u00edci n\u011bco z\u00e1sadn\u00edho o na\u0161em trestn\u00edm pr\u00e1vu a o justi\u010dn\u00ed praxi. Prezident v na\u0161em \u00fastavn\u00edm syst\u00e9mu nem\u00e1 z\u00e1konod\u00e1rnou iniciativu a nem\u016f\u017ee tedy navrhovat z\u00e1kony \u010di jejich zm\u011bny. Ani z\u00e1kon trestn\u00ed. Nem\u00e1 ani pravomoci metodicky \u0159\u00eddit vy\u0161et\u0159ovac\u00ed a soudn\u00ed mechanismy. Co\u017e je dob\u0159e. Amnestie mu ale poskytuje p\u00e1dn\u00fd n\u00e1stroj k tomu, aby na tato t\u00e9mata sd\u011blil, co si o nich mysl\u00ed.<\/em><\/p>\n<p><em> <\/em><\/p>\n<p><em> Co si mysl\u00ed o zav\u00edr\u00e1n\u00ed za kdejak\u00fd bagateln\u00ed \u010din, proto\u017ee to je soudcovsk\u00e1 rutina. Co si mysl\u00ed o ne\u00fanosn\u011b se vlekouc\u00edch p\u0159\u00edpadech, kter\u00e9 jsou i t\u0159eba deset a v\u00edce let likvida\u010dn\u00edm momentem \u017eivot\u016f mnoha lid\u00ed. Ti se l\u00e9ta se nedo\u010dkaj\u00ed spravedlnosti, p\u0159i\u010dem\u017e soudci nemaj\u00ed sebemen\u0161\u00ed motivaci, aby s t\u00edm n\u011bco d\u011blali, navzdory mezin\u00e1rodn\u00edm pravidl\u016fm, kter\u00e9 ukl\u00e1daj\u00ed uzav\u0159\u00edt st\u00edh\u00e1n\u00ed v dohledn\u00e9m \u010dase. Co si mysl\u00ed o nepom\u011bru mezi tresty za \u010diny sm\u011b\u0159uj\u00edc\u00ed proti zdrav\u00ed a \u017eivotu a tresty za nap\u0159\u00edklad nedbalostn\u00ed \u010diny.<\/em><\/p>\n<p><em> <\/em><\/p>\n<p><em> Od posledn\u00ed amnestie uplynulo 15 let a disproporce v t\u00e9to oblasti se za tu dobu nakumulovaly natolik, \u017ee \u010das pro jejich \u0159e\u0161en\u00ed nazr\u00e1l.<\/em><\/p>\n<p><a href=\"http:\/\/www.lidovky.cz\/o-amnestii-jsme-se-radili-v-sirokem-kruhu-tri-lidi-rika-jakl-po5-\/zpravy-domov.aspx?c=A130102_172651_ln_domov_jkz\" target=\"_blank\">Zdroj<\/a><\/p>\n","protected":false},"excerpt":{"rendered":"<p>Parametry amnestie vznikaly v dlouh\u00fdch polemick\u00fdch debat\u00e1ch t\u0159\u00ed lid\u00ed, \u0159ekl \u0159editel politick\u00e9ho odboru Pra\u017esk\u00e9ho hradu Ladislav Jakl v rozhovoru pro Lidovky.cz. Hlavn\u00edm \u00fa\u010delem podle Jakla nebylo vypr\u00e1zdn\u011bn\u00ed p\u0159epln\u011bn\u00fdch v\u011bze\u0148sk\u00fdch za\u0159\u00edzen\u00ed, konkr\u00e9tn\u011bj\u0161\u00ed ale nebyl.<\/p>\n","protected":false},"author":1,"featured_media":0,"comment_status":"open","ping_status":"open","sticky":false,"template":"","format":"standard","meta":{"ngg_post_thumbnail":0,"footnotes":""},"categories":[13],"tags":[],"class_list":["post-3352","post","type-post","status-publish","format-standard","hentry","category-rozhovory"],"_links":{"self":[{"href":"https:\/\/www.ladislavjakl.cz\/index.php?rest_route=\/wp\/v2\/posts\/3352","targetHints":{"allow":["GET"]}}],"collection":[{"href":"https:\/\/www.ladislavjakl.cz\/index.php?rest_route=\/wp\/v2\/posts"}],"about":[{"href":"https:\/\/www.ladislavjakl.cz\/index.php?rest_route=\/wp\/v2\/types\/post"}],"author":[{"embeddable":true,"href":"https:\/\/www.ladislavjakl.cz\/index.php?rest_route=\/wp\/v2\/users\/1"}],"replies":[{"embeddable":true,"href":"https:\/\/www.ladislavjakl.cz\/index.php?rest_route=%2Fwp%2Fv2%2Fcomments&post=3352"}],"version-history":[{"count":1,"href":"https:\/\/www.ladislavjakl.cz\/index.php?rest_route=\/wp\/v2\/posts\/3352\/revisions"}],"predecessor-version":[{"id":3353,"href":"https:\/\/www.ladislavjakl.cz\/index.php?rest_route=\/wp\/v2\/posts\/3352\/revisions\/3353"}],"wp:attachment":[{"href":"https:\/\/www.ladislavjakl.cz\/index.php?rest_route=%2Fwp%2Fv2%2Fmedia&parent=3352"}],"wp:term":[{"taxonomy":"category","embeddable":true,"href":"https:\/\/www.ladislavjakl.cz\/index.php?rest_route=%2Fwp%2Fv2%2Fcategories&post=3352"},{"taxonomy":"post_tag","embeddable":true,"href":"https:\/\/www.ladislavjakl.cz\/index.php?rest_route=%2Fwp%2Fv2%2Ftags&post=3352"}],"curies":[{"name":"wp","href":"https:\/\/api.w.org\/{rel}","templated":true}]}}