{"id":336,"date":"2010-05-04T09:27:45","date_gmt":"2010-05-04T08:27:45","guid":{"rendered":"http:\/\/www.ladislavjakl.cz\/?p=336"},"modified":"2010-05-04T09:27:45","modified_gmt":"2010-05-04T08:27:45","slug":"liska-narusil-demonstraci-d-o-s-t-malem-doslo-i-na-pohlavky","status":"publish","type":"post","link":"https:\/\/www.ladislavjakl.cz\/?p=336","title":{"rendered":"Li\u0161ka naru\u0161il demonstraci D.O.S.T., m\u00e1lem do\u0161lo i na pohlavky"},"content":{"rendered":"<p><strong>L\u00eddr zelen\u00fdch Ond\u0159ej  Li\u0161ka ve st\u0159edu m\u00e1lem p\u0159i\u0161el k \u00fahon\u011b. Rozhodl se toti\u017e naru\u0161it  demonstraci iniciativy D.O.S.T., protestuj\u00edc\u00ed proti \u00fadajn\u011b p\u0159\u00edli\u0161n\u00e9 m\u00ed\u0159e  antidiskriminace v \u010cesku. Jeden z \u00fa\u010dastn\u00edk\u016f demonstrace neunesl Li\u0161kovo  ozna\u010den\u00ed za \u010dlov\u011bka, kter\u00fd sv\u00fdmi n\u00e1zory nahr\u00e1v\u00e1 neonacist\u016fm.<\/strong><\/p>\n<p><!--more-->S\u00a0transparenty &#8222;Zru\u0161te orwellovskou agendu&#8220;,  &#8222;Nechceme Koc\u00e1ba&#8220;, &#8222;Rovn\u00e1 pr\u00e1va&#8220; nebo &#8222;Nechceme Li\u0161ku&#8220; se lid\u00e9  z\u00a0iniciativy D.O.S.T. shrom\u00e1\u017edili na Malostransk\u00e9m n\u00e1m\u011bst\u00ed. Hlavn\u00edm  c\u00edlem protestu p\u0159\u00edtomn\u00e9 asi stovky lid\u00ed byl antidiskrimina\u010dn\u00ed z\u00e1kon a  \u010dinnost dvojice zelen\u00fdch ministr\u016f pro lidsk\u00e1 pr\u00e1va D\u017eamily Stehl\u00edkov\u00e9 a  Michaela Koc\u00e1ba. Jejich agenda je podle iniciativy zbyte\u010dn\u00e1 a n\u00e1kladn\u00e1 a  zp\u016fsobuje jen na &#8222;zaplevelen\u00ed pr\u00e1vn\u00edho \u0159\u00e1du antidiskrimina\u010dn\u00ed  legislativou.&#8220;<\/p>\n<p><strong>Klausovci, konzervativci, k\u0159es\u0165ansk\u00e9 spolky<\/p>\n<p><\/strong>Charakterizovat typick\u00e9ho p\u0159\u00edznivce D.O.S.T. je dosti obt\u00ed\u017en\u00e9.  K\u00a0vid\u011bn\u00ed byli z\u00e1stupci r\u016fzn\u00fdch k\u0159es\u0165ansk\u00fdch spolk\u016f, stejn\u011b jako  p\u0159\u00edznivci n\u00e1zorov\u00e9ho sm\u011bru reprezentovan\u00e9ho V\u00e1clavem Klausem a Stranou  svobodn\u00fdch ob\u010dan\u016f Petra Macha. \u017de tento sm\u011br m\u00e1 st\u00e1le zastoupen\u00ed i  v\u00a0\u0159ad\u00e1ch ODS, dok\u00e1zala svou p\u0159\u00edtomnost\u00ed i poslankyn\u011b Eva Dund\u00e1\u010dkov\u00e1.<\/p>\n<p>\u201eJsem signat\u00e1\u0159kou, ztoto\u017e\u0148uji se s\u00a0touto ob\u010danskou iniciativou a nejsem  zdaleka na prvn\u00ed akci. Dne\u0161ek je o obhajob\u011b konzervativn\u00edch hodnot, jde o  to, zda chceme \u0159\u00e1d zalo\u017een\u00fd na \u00fastavn\u00edch principech nebo jestli chceme  specieln\u00ed agendy, ministerstva a p\u0159\u00edstupy, kter\u00e9 j\u00e1 vn\u00edm\u00e1m jako prostor  pro dal\u0161\u00ed \u00fa\u0159ednictvo a nekontrolovateln\u00fd tok pen\u011bz,&#8220; \u0159ekla  Parlamentn\u00edmList\u016fm.cz Dund\u00e1\u010dkov\u00e1. Mezi dal\u0161\u00ed p\u0159\u00edznivce iniciativy z\u00a0\u0159ad  ODS pat\u0159\u00ed t\u0159eba sen\u00e1tor Jaroslav Kubera nebo europoslanec Ivo Strej\u010dek.<\/p>\n<p><strong>Li\u0161ka &#8222;naru\u0161itel&#8220;<\/strong><\/p>\n<p>Protesty proti p\u016fsoben\u00ed dvojice zelen\u00fdch ministr\u016f pro lidsk\u00e1 pr\u00e1va na  \u00da\u0159adu vl\u00e1dy samoz\u0159ejm\u011b nenechala klidn\u00fdm l\u00eddra zelen\u00fdch Ond\u0159eje Li\u0161ku.  Dorazil s\u00a0asi dvaceti\u010dlennou skupinou p\u0159\u00edznivc\u016f politiky SZ, nechyb\u011bl  ani gay aktivista Ji\u0159\u00ed Hromada. Li\u0161ka spolu s\u00a0p\u0159\u00edznivci ji\u017e d\u0159\u00edve  ozn\u00e1mil z\u00e1m\u011br demonstraci D.O.S.T. naru\u0161it. Jej\u00ed \u010dlenov\u00e9 toti\u017e  podle\u00a0p\u0159edsedy SZ\u00a0nahr\u00e1vaj\u00ed neonacist\u016fm sv\u00fdmi po\u017eadavky na zru\u0161en\u00ed  agendy minstra pro lidsk\u00e1 pr\u00e1va a antidiskrimina\u010dn\u00edho z\u00e1kona, o jeho\u017e  p\u0159ijet\u00ed se pr\u00fd zasadili hlavn\u011b zelen\u00ed.<\/p>\n<p>Zelen\u00ed p\u0159ehlu\u0161ovali z\u00a0prot\u011bj\u0161\u00edho chodn\u00edku p\u00edskotem projev \u0161\u00e9fa  iniciativy Ladislava B\u00e1tory, a spolu s\u00a0hlavn\u00edm proudem pokra\u010dovali i  p\u0159ed \u00da\u0159ad vl\u00e1dy. Demonstranty z \u00a0D.O.S.T. p\u0159itom sledovala \u010dty\u0159\u010dlenn\u00e1  skupinka holohlav\u00fdch mu\u017e\u016f, p\u016fsob\u00edc\u00edch dojmem p\u0159\u00edznivc\u016f D\u011blnick\u00e9 strany.  Jak se pozd\u011bji uk\u00e1zalo, \u0161lo o policisty v\u00a0civilu, z\u00a0nich\u017e dva pozd\u011bji  dokumentovali celou akci z\u00a0okna \u00da\u0159adu vl\u00e1dy.<\/p>\n<p>\u010c\u00e1st p\u0159\u00edznivc\u016f zelen\u00fdch\u00a0se u\u017e b\u011bhem p\u0159esunu p\u0159ed Strakovu akademii  pokou\u0161elo proniknout mezi \u010dleny D.O.S.T., p\u0159i\u010dem\u017e n\u011bkter\u00fdm z\u00a0nich museli  policist\u00e9 br\u00e1nit sv\u00fdmi t\u011bly. Nakonec se policii poda\u0159ilo p\u0159esunout  p\u00edskaj\u00edc\u00ed zelen\u00e9 na prot\u011bj\u0161\u00ed chodn\u00edk. Jedinou v\u00fdjimkou byl poslanec  Li\u0161ka, kter\u00fd v\u00a0doprovodu \u010dlenky SZ zam\u00ed\u0159il p\u0159\u00edmo mezi demonstranty  a\u00a0rozd\u00e1val let\u00e1ky. Zde se pak Li\u0161ka pokusil d\u00e1t rozhovor dvojici  novin\u00e1\u0159\u016f, d\u00edky \u010demu\u017e m\u00e1lem p\u0159i\u0161el k\u00a0\u00fahon\u011b.<\/p>\n<p>Jeden z\u00a0\u010dlen\u016f iniciativy se toti\u017e nehodlal sm\u00ed\u0159it s\u00a0Li\u0161kov\u00fdm tvrzen\u00edm,  \u017ee D.O.S.T. se v\u00a0n\u011bkolika z\u00e1sadn\u00edch bodech shoduje s\u00a0c\u00edly extr\u00e9mn\u00ed  pravice, \u010d\u00edm\u017e j\u00ed \u017eene vodu na ml\u00fdn. \u201eJe\u0161t\u011b jednou mi \u0159ekne\u0161, \u017ee jsem  nahn\u011bdlej a neonacista, tak v\u00e1\u017en\u011b uvid\u00ed\u0161,&#8220; pohrozil nap\u0159a\u017eenou rukou  statn\u00fd pades\u00e1tn\u00edk l\u00eddrovi zelen\u00fdch. Ten kontroval po\u017eadavkem, aby mu mu\u017e  netykal. Vz\u00e1p\u011bt\u00ed Li\u0161ka dav rad\u011bji opustil, aby s\u00a0jedn\u00edm \u010dlenem Strany  svobodn\u00fdch ob\u010dan\u016f\u00a0mohl v\u00a0klidu diskutovat o biopalivech.<\/p>\n<p>Po Li\u0161kov\u011b odchodu zazp\u00edval demonstrant\u016fm p\u00edsni\u010dk\u00e1\u0159 Pepa Nos, o  z\u00e1v\u011bre\u010dn\u00e9 slovo se postaral tajemn\u00edk prezidenta Klause Ladislav Jakl.  Hovo\u0159il o pr\u00e1zdnosti sou\u010dasn\u00e9 p\u0159edvolebn\u00ed kampan\u011b, ve kter\u00e9 se \u00fadajn\u011b  m\u00edsto skute\u010dn\u00fdch probl\u00e9m\u016f budoucnosti hovo\u0159\u00ed o podru\u017en\u00fdch v\u011bcech.<\/p>\n<p>\u201eM\u011bn\u00ed se cel\u00e1 z\u00e1padn\u00ed civilizace, m\u011bn\u00ed se i na\u0161e \u010desk\u00e1 spole\u010dnost. Ke  v\u0161em t\u011bmto zm\u011bn\u00e1m doch\u00e1z\u00ed absolutn\u011b bez jak\u00e9koli sly\u0161iteln\u00e9 spole\u010densk\u00e9  debaty. O v\u0161ech t\u011bchto v\u011bcech se toti\u017e rozhoduje ve struktur\u00e1ch, kter\u00e9  do politick\u00e9 debaty nepat\u0159\u00ed. Jsou to nevolen\u00e9 struktury v\u00a0EU, jsou to  struktury n\u00e1tlakov\u00fdch z\u00e1jmov\u00fdch organizac\u00ed. Tam se rozhoduje o na\u0161\u00ed  spole\u010dnosti. Politick\u00e9 sc\u00e9n\u011b je to jedno,&#8220; prohl\u00e1sil Jakl.<\/p>\n<p>Demonstranti mu pak logicky kladli ot\u00e1zku, koho maj\u00ed volit, na kterou  samoz\u0159ejm\u011b neodpov\u011bd\u011bl. Demonstranti se pot\u00e9 v\u00a0klidu roze\u0161li.<\/p>\n","protected":false},"excerpt":{"rendered":"<p>L\u00eddr zelen\u00fdch Ond\u0159ej Li\u0161ka ve st\u0159edu m\u00e1lem p\u0159i\u0161el k \u00fahon\u011b. Rozhodl se toti\u017e naru\u0161it demonstraci iniciativy D.O.S.T., protestuj\u00edc\u00ed proti \u00fadajn\u011b p\u0159\u00edli\u0161n\u00e9 m\u00ed\u0159e antidiskriminace v \u010cesku. Jeden z \u00fa\u010dastn\u00edk\u016f demonstrace neunesl Li\u0161kovo ozna\u010den\u00ed za \u010dlov\u011bka, kter\u00fd sv\u00fdmi n\u00e1zory nahr\u00e1v\u00e1 neonacist\u016fm.<\/p>\n","protected":false},"author":1,"featured_media":0,"comment_status":"open","ping_status":"open","sticky":false,"template":"","format":"standard","meta":{"ngg_post_thumbnail":0,"footnotes":""},"categories":[6],"tags":[],"class_list":["post-336","post","type-post","status-publish","format-standard","hentry","category-co-jsem-nerekl"],"_links":{"self":[{"href":"https:\/\/www.ladislavjakl.cz\/index.php?rest_route=\/wp\/v2\/posts\/336","targetHints":{"allow":["GET"]}}],"collection":[{"href":"https:\/\/www.ladislavjakl.cz\/index.php?rest_route=\/wp\/v2\/posts"}],"about":[{"href":"https:\/\/www.ladislavjakl.cz\/index.php?rest_route=\/wp\/v2\/types\/post"}],"author":[{"embeddable":true,"href":"https:\/\/www.ladislavjakl.cz\/index.php?rest_route=\/wp\/v2\/users\/1"}],"replies":[{"embeddable":true,"href":"https:\/\/www.ladislavjakl.cz\/index.php?rest_route=%2Fwp%2Fv2%2Fcomments&post=336"}],"version-history":[{"count":1,"href":"https:\/\/www.ladislavjakl.cz\/index.php?rest_route=\/wp\/v2\/posts\/336\/revisions"}],"predecessor-version":[{"id":337,"href":"https:\/\/www.ladislavjakl.cz\/index.php?rest_route=\/wp\/v2\/posts\/336\/revisions\/337"}],"wp:attachment":[{"href":"https:\/\/www.ladislavjakl.cz\/index.php?rest_route=%2Fwp%2Fv2%2Fmedia&parent=336"}],"wp:term":[{"taxonomy":"category","embeddable":true,"href":"https:\/\/www.ladislavjakl.cz\/index.php?rest_route=%2Fwp%2Fv2%2Fcategories&post=336"},{"taxonomy":"post_tag","embeddable":true,"href":"https:\/\/www.ladislavjakl.cz\/index.php?rest_route=%2Fwp%2Fv2%2Ftags&post=336"}],"curies":[{"name":"wp","href":"https:\/\/api.w.org\/{rel}","templated":true}]}}