{"id":3360,"date":"2013-01-08T10:22:34","date_gmt":"2013-01-08T09:22:34","guid":{"rendered":"http:\/\/www.ladislavjakl.cz\/?p=3360"},"modified":"2013-01-08T10:22:34","modified_gmt":"2013-01-08T09:22:34","slug":"jakl-haji-klause-utokem-na-soudce-mysli-si-ze-maji-cas-donekonecna","status":"publish","type":"post","link":"https:\/\/www.ladislavjakl.cz\/?p=3360","title":{"rendered":"Jakl h\u00e1j\u00ed Klause \u00fatokem na soudce: Mysl\u00ed si, \u017ee maj\u00ed \u010das donekone\u010dna"},"content":{"rendered":"<p>Ladislav Jakl, tajemn\u00edk prezidenta V\u00e1clava Klause, v rozhovoru pro \u010cRo  Radio\u017eurn\u00e1l h\u00e1jil prezidentskou amnestii, d\u00edky n\u00ed\u017e se na svobodu dostane  p\u0159es sedm tis\u00edc v\u011bz\u0148\u016f. Obhajoval p\u0159edev\u0161\u00edm jej\u00ed spornou \u010d\u00e1st, kter\u00e1 se  vztahuje na dosud neskon\u010den\u00e1 st\u00edh\u00e1n\u00ed, t\u00e1hnouc\u00ed se d\u00e9le ne\u017e osm let se  sazbou do 10 let. Proti jeho kritice se ohradila b\u00fdval\u00e1 soudkyn\u011b  \u00dastavn\u00edho soudu Eli\u0161ka Wagnerov\u00e1.<\/p>\n<p><!--more--><\/p>\n<p><a title=\"http:\/\/tema.novinky.cz\/ladislav-jakl\" href=\"http:\/\/tema.novinky.cz\/ladislav-jakl\">Jakl<\/a> jako hlavn\u00ed argument uvedl, \u017ee lid\u00e9 maj\u00ed pr\u00e1vo na rychl\u00fd proces.  Kritizoval tak pr\u00e1ci \u010desk\u00e9 justice; podle n\u011bj nem\u016f\u017ee b\u00fdt rozsudek  vy\u0159\u010den\u00fd po v\u00edce ne\u017e deseti letech od sp\u00e1ch\u00e1n\u00ed skutku spravedliv\u00fd, a to i  p\u0159esto, \u017ee v leckter\u00fdch p\u0159\u00edpadech procesy prodlu\u017euj\u00ed sami souzen\u00ed lid\u00e9.  Ti maj\u00ed podle Jakla na obstrukce pr\u00e1vo, zat\u00edmco st\u00e1t m\u00e1 povinnost  soudit rychle.<\/p>\n<p>&#8222;Soudci si \u010dasto mysl\u00ed, \u017ee maj\u00ed \u010das t\u0159eba 20 let. A  mysl\u00edte, \u017ee kdy\u017e n\u011bkter\u00fd p\u0159\u00edpad neuzav\u0159eli do 12 let, \u017ee by ho uzav\u0159eli  z\u00edtra? Tak by tu byly kauzy, kter\u00e9 by se vlekly 20 let, 25 let, 30 let,  donekone\u010dna,&#8220; h\u00e1jil Jakl jedno z krit\u00e9ri\u00ed pro amnestii.<\/p>\n<p>Odvol\u00e1val se na judikaturu <a title=\"http:\/\/tema.novinky.cz\/evropsky-soud-pro-lidska-prava\" href=\"http:\/\/tema.novinky.cz\/evropsky-soud-pro-lidska-prava\">Evropsk\u00e9ho soudu pro lidsk\u00e1 pr\u00e1va<\/a>.  &#8222;Je povinnost\u00ed st\u00e1tu ukon\u010dit st\u00edh\u00e1n\u00ed rozhodnut\u00edm o vin\u011b, nebo nevin\u011b  podle t\u00e9to judikatury do \u0161esti let. Je vina st\u00e1tu, kdy\u017e nedok\u00e1\u017ee n\u011bkter\u00e9  v\u011bci uzav\u0159\u00edt,&#8220; \u0159ekl Jakl. &#8222;Panu prezidentovi se t\u011bch \u0161est let zd\u00e1lo  p\u0159ece jen p\u0159\u00edli\u0161 m\u00e1lo a zvedl tuto hranici na osm,&#8220; dodal.<\/p>\n<table border=\"0\">\n<tbody>\n<tr>\n<td>Na jak\u00e9 tresty se vztahuje amnestie:<\/td>\n<\/tr>\n<tr>\n<td>&#8211; tresty do jednoho roku<\/td>\n<\/tr>\n<tr>\n<td>&#8211; zbytky trest\u016f pro osoby nad 75 let, pokud nebyl trest vy\u0161\u0161\u00ed ne\u017e 10 let<\/td>\n<\/tr>\n<tr>\n<td>&#8211; dosud neskon\u010den\u00e1 st\u00edh\u00e1n\u00ed, t\u00e1hnouc\u00ed se d\u00e9le ne\u017e osm let se sazbou do 10 let<\/td>\n<\/tr>\n<tr>\n<td>&#8211; zbytky trest\u016f pro osoby nad 70 let, pokud nebyl trest vy\u0161\u0161\u00ed ne\u017e 36 m\u011bs\u00edc\u016f<\/td>\n<\/tr>\n<tr>\n<td>&#8211; nesm\u00ed se jednat o n\u00e1siln\u00e9 trestn\u00e9 \u010diny<\/td>\n<\/tr>\n<tr>\n<td>&#8211; omilostn\u011bn\u00fd nesm\u00ed b\u00fdt recidivista odsouzen\u00fd v posledn\u00edch p\u011bti letech za jin\u00fd trestn\u00fd \u010din<\/td>\n<\/tr>\n<\/tbody>\n<\/table>\n<p>&#8222;Kdyby tito lid\u00e9 <em>(u nich\u017e se soudn\u00ed proces t\u00e1hne d\u00e9le ne\u017e \u0161est let, pozn. red.)<\/em> postupn\u011b jeden po druh\u00e9m \u017ealovali \u010deskou justici ve \u0160trasburku, jsem  t\u00e9m\u011b\u0159 p\u0159esv\u011bd\u010den, \u017ee by byli v\u0161ichni uzn\u00e1ni za nevinn\u00e9 a natahov\u00e1n\u00ed  jejich soudu za protipr\u00e1vn\u00ed,&#8220; \u0159ekl Jakl, kter\u00fd pouk\u00e1zal na fakt, \u017ee  judikatura Evropsk\u00e9ho soudu pro lidsk\u00e1 pr\u00e1va je pro \u010cesko z\u00e1vazn\u00e1.  &#8222;\u010cesk\u00e1 republika tato krit\u00e9ria nepln\u00ed,&#8220; dodal.<\/p>\n<h4><a title=\"http:\/\/tema.novinky.cz\/eliska-wagnerova\" href=\"http:\/\/tema.novinky.cz\/eliska-wagnerova\">Wagnerov\u00e1<\/a>: Jsou to pseudoargumenty<\/h4>\n<p>Wagnerov\u00e1  se proti Jaklov\u011b kritice ohradila, jeho slova ozna\u010dila za  pseudoargumenty. Evropsk\u00fd soud pro lidsk\u00e1 pr\u00e1va ve \u0160trasburku podle n\u00ed  nepostupuje tak, jak Jakl popsal. D\u00e9lka trestn\u00edho \u0159\u00edzen\u00ed podle n\u00ed m\u016f\u017ee  b\u00fdt argumentem v\u00a0individu\u00e1ln\u00edch p\u0159\u00edpadech, nen\u00ed v\u0161ak d\u016fvodem pro \u0161irokou  amnestii.<\/p>\n<p>Na prezidentov\u011b amnestii j\u00ed vad\u00ed pr\u00e1v\u011b to, jak \u0161iroce  je pojat\u00e1. &#8222;Hlavn\u011b \u010dl\u00e1nek druh\u00fd, kter\u00fd hovo\u0159\u00ed o zastaven\u00ed st\u00edh\u00e1n\u00ed, kter\u00e9  trvalo d\u00e9le ne\u017e osm let,&#8220; upozornila Wagnerov\u00e1, kter\u00e1 jako n\u011bkdej\u0161\u00ed  \u00fastavn\u00ed soudkyn\u011b p\u0159ipomn\u011bla judikatury \u00daS, kter\u00fd rozhodl o zru\u0161en\u00ed  \u0159\u00edzen\u00ed a\u017e v p\u0159\u00edpadech, kdy se t\u00e1hlo p\u0159es deset let. \u201eSkute\u010dn\u011b nev\u00edm, kde  sebral on\u011bch osm let,\u201c \u0159ekla Wagnerov\u00e1 a dodala, \u017ee d\u00e9lka trestn\u00edho  st\u00edh\u00e1n\u00ed se je\u0161t\u011b nikdy v historii jako d\u016fvod pro amnestii neobjevila.<\/p>\n<p><a title=\"http:\/\/tema.novinky.cz\/vaclav-klaus\" href=\"http:\/\/tema.novinky.cz\/vaclav-klaus\">Klaus<\/a> amnestii vyhl\u00e1sil v \u00fater\u00fd ve sv\u00e9m novoro\u010dn\u00edm projevu. Amnestii spolupodepsal premi\u00e9r <a title=\"http:\/\/tema.novinky.cz\/petr-necas\" href=\"http:\/\/tema.novinky.cz\/petr-necas\">Petr Ne\u010das<\/a> (<a title=\"http:\/\/tema.novinky.cz\/ods\" href=\"http:\/\/tema.novinky.cz\/ods\">ODS<\/a>).<\/p>\n<p><a href=\"http:\/\/www.novinky.cz\/domaci\/289181-jakl-haji-klause-utokem-na-soudce-mysli-si-ze-maji-cas-donekonecna.html\" target=\"_blank\">Zdroj<\/a><\/p>\n","protected":false},"excerpt":{"rendered":"<p>Ladislav Jakl, tajemn\u00edk prezidenta V\u00e1clava Klause, v rozhovoru pro \u010cRo Radio\u017eurn\u00e1l h\u00e1jil prezidentskou amnestii, d\u00edky n\u00ed\u017e se na svobodu dostane p\u0159es sedm tis\u00edc v\u011bz\u0148\u016f. Obhajoval p\u0159edev\u0161\u00edm jej\u00ed spornou \u010d\u00e1st, kter\u00e1 se vztahuje na dosud neskon\u010den\u00e1 st\u00edh\u00e1n\u00ed, t\u00e1hnouc\u00ed se d\u00e9le ne\u017e osm let se sazbou do 10 let. Proti jeho kritice se ohradila b\u00fdval\u00e1 soudkyn\u011b \u00dastavn\u00edho [&hellip;]<\/p>\n","protected":false},"author":1,"featured_media":0,"comment_status":"open","ping_status":"open","sticky":false,"template":"","format":"standard","meta":{"ngg_post_thumbnail":0,"footnotes":""},"categories":[11],"tags":[],"class_list":["post-3360","post","type-post","status-publish","format-standard","hentry","category-ozvena"],"_links":{"self":[{"href":"https:\/\/www.ladislavjakl.cz\/index.php?rest_route=\/wp\/v2\/posts\/3360","targetHints":{"allow":["GET"]}}],"collection":[{"href":"https:\/\/www.ladislavjakl.cz\/index.php?rest_route=\/wp\/v2\/posts"}],"about":[{"href":"https:\/\/www.ladislavjakl.cz\/index.php?rest_route=\/wp\/v2\/types\/post"}],"author":[{"embeddable":true,"href":"https:\/\/www.ladislavjakl.cz\/index.php?rest_route=\/wp\/v2\/users\/1"}],"replies":[{"embeddable":true,"href":"https:\/\/www.ladislavjakl.cz\/index.php?rest_route=%2Fwp%2Fv2%2Fcomments&post=3360"}],"version-history":[{"count":1,"href":"https:\/\/www.ladislavjakl.cz\/index.php?rest_route=\/wp\/v2\/posts\/3360\/revisions"}],"predecessor-version":[{"id":3361,"href":"https:\/\/www.ladislavjakl.cz\/index.php?rest_route=\/wp\/v2\/posts\/3360\/revisions\/3361"}],"wp:attachment":[{"href":"https:\/\/www.ladislavjakl.cz\/index.php?rest_route=%2Fwp%2Fv2%2Fmedia&parent=3360"}],"wp:term":[{"taxonomy":"category","embeddable":true,"href":"https:\/\/www.ladislavjakl.cz\/index.php?rest_route=%2Fwp%2Fv2%2Fcategories&post=3360"},{"taxonomy":"post_tag","embeddable":true,"href":"https:\/\/www.ladislavjakl.cz\/index.php?rest_route=%2Fwp%2Fv2%2Ftags&post=3360"}],"curies":[{"name":"wp","href":"https:\/\/api.w.org\/{rel}","templated":true}]}}