{"id":3362,"date":"2013-01-08T10:23:44","date_gmt":"2013-01-08T09:23:44","guid":{"rendered":"http:\/\/www.ladislavjakl.cz\/?p=3362"},"modified":"2013-01-08T10:23:44","modified_gmt":"2013-01-08T09:23:44","slug":"jakl-ukazal-judikaty-wagnerova-si-protireci","status":"publish","type":"post","link":"https:\/\/www.ladislavjakl.cz\/?p=3362","title":{"rendered":"Jakl uk\u00e1zal judik\u00e1ty: Wagnerov\u00e1 si proti\u0159e\u010d\u00ed"},"content":{"rendered":"<p>Hrad odm\u00edt\u00e1 jako fale\u0161n\u00e9 tvrzen\u00ed kritik\u016f amnestie, \u017ee neexistuje hranice pro posouzen\u00ed p\u0159\u00edli\u0161n\u00e9 d\u00e9lky trestn\u00edho st\u00edh\u00e1n\u00ed.<\/p>\n<p><!--more-->V tomto smyslu  amnestii kritizovala nap\u0159\u00edklad sen\u00e1torka Eli\u0161ka Wagnerov\u00e1, b\u00fdval\u00e1  \u00fastavn\u00ed soudkyn\u011b, podle kter\u00e9 bylo nespr\u00e1vn\u00e9 ulo\u017eit ji plo\u0161n\u011b na v\u0161echny  p\u0159\u00edpady t\u00e1hnouc\u00ed se d\u00e9le jak osm let. Podle n\u00ed je t\u0159eba ka\u017ed\u00fd p\u0159\u00edpad  \u0159e\u0161it individu\u00e1ln\u011b.<\/p>\n<p>&#8222;Jakkoli m\u00e1 prezident obecn\u011b pravdu v tom, \u017ee  dlouho trvaj\u00edc\u00ed trestn\u00ed \u0159\u00edzen\u00ed je zlo &#8211; nev\u00edm, pro\u010d se vybrala hranice  zrovna osm let. To mi p\u0159ipad\u00e1 jako doba relativn\u011b kr\u00e1tk\u00e1, jak zn\u00e1m  pom\u011bry v \u010desk\u00e9 justici,&#8220; \u0159ekla nap\u0159\u00edklad Wagnerov\u00e1 v rozhovoru pro  Lidov\u00e9 noviny.<\/p>\n<p>Prezident\u016fv tajemn\u00edk Ladislav Jakl ale p\u0159ipomn\u011bl,  \u017ee to byla pr\u00e1v\u011b Wagnerov\u00e1, kter\u00e1 je\u0161t\u011b jako soudkyn\u011b dlouh\u00e9 a vlekouc\u00ed  se soudn\u00ed procesy kritizovala.<\/p>\n<p>&#8222;P\u0159\u00edli\u0161 dlouh\u00e9 \u0159\u00edzen\u00ed je v rozporu  s pr\u00e1vem na spravedliv\u00fd soud. Na nep\u0159\u00edpustnost p\u0159\u00edli\u0161 dlouh\u00fdch \u0159\u00edzen\u00ed  je velk\u00e1 literatura a hodn\u011b odkaz\u016f. N\u011bkter\u00e9 lze nal\u00e9zt i v judikatu\u0159e  na\u0161eho \u00dastavn\u00edho soudu,&#8220; uvedl pro Prvnizpravy.cz Ladislav Jakl.<\/p>\n<p>Nam\u00e1tkou odkazuje nap\u0159\u00edklad na n\u00e1lez \u010d. 2859\/09. &#8222;Pod n\u00edm je podeps\u00e1na i dr. Wagnerov\u00e1, dnes tvrd\u00edc\u00ed opak,&#8220; podivuje se Jakl.<\/p>\n<p>Z\u00e1sadn\u00ed  je podle n\u011bho i \u010dl\u00e1nek pln\u00fd odkaz\u016f z pera \u00fastavn\u00edho soudce Musila  t\u00fdkaj\u00edc\u00ed se rychlosti trestn\u00edho \u0159\u00edzen\u00ed (ASPI, 2008, str. 192-209).<\/p>\n<p>Tak\u00e9  Evropsk\u00e1 \u00famluva o ochran\u011b lidsk\u00fdch pr\u00e1v a z\u00e1kladn\u00edch svobod zakotvuje  pr\u00e1vo b\u00fdt souzen v p\u0159im\u011b\u0159en\u00e9 lh\u016ft\u011b v \u010dl\u00e1nku 6, na\u0161e Listina z\u00e1kladn\u00edch  pr\u00e1v a svobod v \u010dl\u00e1nku 38, argumentuje d\u00e1le Jakl.<\/p>\n<p>A odvol\u00e1v\u00e1 se i  na judikaturu Evropsk\u00e9ho soudu pro lidsk\u00e1 pr\u00e1va (ESLP), kter\u00fd p\u0159iznala  ji\u017e ve stovk\u00e1ch p\u0159\u00edpad\u016f od\u0161kodn\u011bn\u00ed t\u011bm, kter\u00e9 st\u00e1t po l\u00e9ta neodsoudil.<\/p>\n<p>&#8222;Ve  v\u011bci Santos proti Portugalsku (requete n 35586\u00b497) ESLP rozhodl, \u017ee  d\u00e9lka \u0161esti let a dvou m\u011bs\u00edc\u016f je nep\u0159im\u011b\u0159en\u00e1 bez ohledu na to, \u017ee  st\u011b\u017eovatel byl po \u010d\u00e1st t\u00e9to doby nezv\u011bstn\u00fd. Podle ESLP tak dobu \u0159\u00edzen\u00ed  trvaj\u00edc\u00ed d\u00e9le ne\u017e \u0161est let ji\u017e nelze tolerovat. Dod\u00e1v\u00e1m, \u017ee ESLP nem\u00e1  nic spole\u010dn\u00e9ho s Evropskou uni\u00ed, je to org\u00e1n Rady Evropy,&#8220; uvedl Jakl.<\/p>\n<p>Nen\u00ed  tedy pravda, co uvedl vl\u00e1dn\u00ed zmocn\u011bnec \u010cesk\u00e9 republiky ve \u0160trasburku &#8211;  \u017ee neexistuje jednotn\u00e1 hranice, kter\u00e1 by signalizovala, zda u\u017e je d\u00e9lka  trestn\u00edho \u0159\u00edzen\u00ed p\u0159\u00edli\u0161 dlouh\u00e1.<\/p>\n<p>Prezident V\u00e1clav Klaus nav\u00edc tuto  \u0161estiletou hranici je\u0161t\u011b o dal\u0161\u00ed dva roky nav\u00fd\u0161il a amnestii tak vzt\u00e1hl  na p\u0159\u00edpady, jejich\u017e projedn\u00e1v\u00e1n\u00ed se vle\u010de 8 let.<\/p>\n<p><a href=\"http:\/\/www.prvnizpravy.cz\/zpravy\/z-domova\/jakl-ukazal-judikaty-wagnerova-si-protireci\/\" target=\"_blank\">Zdroj<\/a><\/p>\n","protected":false},"excerpt":{"rendered":"<p>Hrad odm\u00edt\u00e1 jako fale\u0161n\u00e9 tvrzen\u00ed kritik\u016f amnestie, \u017ee neexistuje hranice pro posouzen\u00ed p\u0159\u00edli\u0161n\u00e9 d\u00e9lky trestn\u00edho st\u00edh\u00e1n\u00ed.<\/p>\n","protected":false},"author":1,"featured_media":0,"comment_status":"open","ping_status":"open","sticky":false,"template":"","format":"standard","meta":{"ngg_post_thumbnail":0,"footnotes":""},"categories":[11],"tags":[],"class_list":["post-3362","post","type-post","status-publish","format-standard","hentry","category-ozvena"],"_links":{"self":[{"href":"https:\/\/www.ladislavjakl.cz\/index.php?rest_route=\/wp\/v2\/posts\/3362","targetHints":{"allow":["GET"]}}],"collection":[{"href":"https:\/\/www.ladislavjakl.cz\/index.php?rest_route=\/wp\/v2\/posts"}],"about":[{"href":"https:\/\/www.ladislavjakl.cz\/index.php?rest_route=\/wp\/v2\/types\/post"}],"author":[{"embeddable":true,"href":"https:\/\/www.ladislavjakl.cz\/index.php?rest_route=\/wp\/v2\/users\/1"}],"replies":[{"embeddable":true,"href":"https:\/\/www.ladislavjakl.cz\/index.php?rest_route=%2Fwp%2Fv2%2Fcomments&post=3362"}],"version-history":[{"count":1,"href":"https:\/\/www.ladislavjakl.cz\/index.php?rest_route=\/wp\/v2\/posts\/3362\/revisions"}],"predecessor-version":[{"id":3363,"href":"https:\/\/www.ladislavjakl.cz\/index.php?rest_route=\/wp\/v2\/posts\/3362\/revisions\/3363"}],"wp:attachment":[{"href":"https:\/\/www.ladislavjakl.cz\/index.php?rest_route=%2Fwp%2Fv2%2Fmedia&parent=3362"}],"wp:term":[{"taxonomy":"category","embeddable":true,"href":"https:\/\/www.ladislavjakl.cz\/index.php?rest_route=%2Fwp%2Fv2%2Fcategories&post=3362"},{"taxonomy":"post_tag","embeddable":true,"href":"https:\/\/www.ladislavjakl.cz\/index.php?rest_route=%2Fwp%2Fv2%2Ftags&post=3362"}],"curies":[{"name":"wp","href":"https:\/\/api.w.org\/{rel}","templated":true}]}}