{"id":3364,"date":"2013-01-08T10:26:37","date_gmt":"2013-01-08T09:26:37","guid":{"rendered":"http:\/\/www.ladislavjakl.cz\/?p=3364"},"modified":"2013-01-08T10:26:50","modified_gmt":"2013-01-08T09:26:50","slug":"klauni-ze-skleneneho-zamku-pardon-hradu","status":"publish","type":"post","link":"https:\/\/www.ladislavjakl.cz\/?p=3364","title":{"rendered":"Student\u016fm \u017eurnalistiky: takhle m\u00e1 vypadat brilantn\u00ed politick\u00e1 anal\u00fdza. Pozi\u010dn\u00ed \u010desk\u00e1."},"content":{"rendered":"<p>\u0160\u00edlenstv\u00ed tria Klaus-Jakl-H\u00e1jek, kter\u00e9 p\u016fsob\u00ed na pra\u017esk\u00e9m Hrad\u011b ji\u017e  odtr\u017eeno od reality, se stup\u0148uje a ni\u010d\u00ed pov\u011bst prezidentstv\u00ed.<\/p>\n<p><!--more--><\/p>\n<p>B\u00fdvaly doby, kdy bylo hanoben\u00ed hlavy st\u00e1tu ost\u0159e trest\u00e1no. Starov\u011bk a  st\u0159edov\u011bk \u201eoce\u0148oval\u201c ur\u00e1\u017eku majest\u00e1tu dokonce smrt\u00ed.  Za\u00a0Rakousko-Uherska, v mlad\u00e9m \u010ceskoslovensku, ale i v\u00a0dob\u011b socialismu  hrozil drzoun\u016fm t\u011b\u017ek\u00fd \u017eal\u00e1\u0159. Od roku 1998 tato trestn\u011bpr\u00e1vn\u00ed ochrana  prezidenta neplat\u00ed. A jen d\u00edky tomu nejsou st\u00edh\u00e1ny statis\u00edce lid\u00ed, kte\u0159\u00ed  na internetu i v ulic\u00edch \u201eo\u0161kliv\u00fdmi v\u011bti\u010dkami\u201c ur\u00e1\u017eej\u00ed, peskuj\u00ed a  zesm\u011b\u0161\u0148uj\u00ed prezidenta V\u00e1clava Klause \u2013 t\u0159eba <a href=\"http:\/\/www.metro.cz\/vtipalci-na-internetu-paroduji-klausovu-amnestii-zasmejte-se-spolu-s-nimi-1uj-\/metro-extra.aspx?c=A130105_111747_metro-extra_jbs\" target=\"_blank\">jako zlouna s\u00a0maskou<\/a> z\u00a0filmu o Batmanovi.<\/p>\n<p>Klausova amnestie (kontrasignov\u00e1na Petrem Ne\u010dasem \u010dili premi\u00e9rem  \u201evl\u00e1dy pro boj s\u00a0korupc\u00ed\u201c) neb\u00fdvale rozl\u00edtila \u010deskou ve\u0159ejnost,  pr\u00e1vn\u00edky, n\u011bkter\u00e9 koali\u010dn\u00ed i \u0159adu opozi\u010dn\u00edch politik\u016f (p\u0159esto\u017ee  komunist\u00e9 podez\u0159ele ml\u010d\u00ed) a stala se \u2013 prozat\u00edmn\u00ed! \u2013 te\u010dkou za kari\u00e9rou  st\u00e1rnouc\u00edho politika. Klaus, kter\u00fd byl v\u00a0minulosti snad i zaj\u00edmav\u011b  podr\u00fdva\u010dnou postavou ve v\u011bcech Evropsk\u00e9 unie nebo klimatick\u00fdch zm\u011bn, se  fin\u00e1ln\u011b stal rozvracej\u00edc\u00edm prvkem st\u00e1tu a \u0159\u00e1du, kdy\u017e ze sv\u00e9ho sklen\u011bn\u00e9ho  z\u00e1mku \u2013 pardon, Hradu \u2013 vys\u00edl\u00e1 devastuj\u00edc\u00ed r\u00e1ny, a\u010d t\u00e9ho\u017e dne  blazeovan\u011b sn\u00e1\u0161\u00ed mocn\u00e1\u0159sk\u00e9 rady o n\u00e1vratu k\u00a0tradi\u010dn\u00edm hodnot\u00e1m.<\/p>\n<p>P\u0159edzv\u011bsti, \u017ee s\u00a0bl\u00ed\u017e\u00edc\u00edm se koncem mand\u00e1tu za\u010dne b\u00fdt Klaus  nekompromisn\u011bj\u0161\u00ed a bude si d\u011blat, co chce, se napl\u0148uj\u00ed. Nebude do 7.  b\u0159ezna je\u0161t\u011b h\u016f\u0159? Kam zac\u00edl\u00ed Hrad a jeho dvorn\u00ed experti sv\u00e9 blahosklonn\u00e9  milosti? P\u0159ijde posledn\u00ed \u00fader? Uskupen\u00ed V\u00e1clav Klaus-Ladislav Jakl-Petr  H\u00e1jek, podobno ji\u017e komedi\u00e1ln\u00ed trojici <em>The Three Stooges<\/em> (doty\u010dn\u00ed tajtrl\u00edci nahr\u00e1vaj\u00ed tomu druh\u00e9mu na komickou sme\u010d a gag),  pod\u00e1v\u00e1 v\u00a0posledn\u00edch m\u011bs\u00edc\u00edch \u010d\u00edm d\u00e1l jasn\u011bj\u0161\u00ed vzkazy, \u017ee se na Hrad\u011b  n\u011bco zvrtlo, ba \u017ee tam i n\u011bco p\u0159esko\u010dilo.<\/p>\n<h5>Vicekancl\u00e9\u0159 o Apokalypse i amnestii!<\/h5>\n<p>Prezidentsk\u00fd vicekancl\u00e9\u0159 H\u00e1jek (sic!) se opakovan\u011b zakl\u00edn\u00e1 ilumin\u00e1ty,  svobodn\u00fdmi zedn\u00e1\u0159i, \u0161\u00ed\u0159\u00ed konspira\u010dn\u00ed teorie, p\u0159edv\u00edd\u00e1 Apokalypsu, kdy\u017e  ve\u0159ejn\u011b pron\u00e1\u0161\u00ed bludy (<a href=\"http:\/\/www.ceskapozice.cz\/domov\/politika\/prichazi-antikrist-klausuv-hajek-o-iluminatech-vire-zednarich-i-mediokracii\">jako onehd\u00e1 v\u00a0Reflexu<\/a>),  \u017ee je \u0160elma st\u00e1le bl\u00ed\u017e, co\u017e pozn\u00e1me podle internetov\u00fdch adres  s\u00a0po\u010d\u00e1te\u010dn\u00edm WWW, je\u017e de\u0161ifroval jako\u017eto \u010d\u00edslo 666, nebo\u0165 \u201ev hebrejsk\u00e9  abeced\u011b je dvojit\u00e9 w \u010d\u00edslo \u0161est\u201c. Te\u010f u\u017e chyb\u00ed snad jen klasick\u00e9  konspira\u010dn\u00ed odhalen\u00ed, \u017ee \u010d\u00edslo Satanovo je skryto i ve v\u0161ech \u010d\u00e1rov\u00fdch  k\u00f3dech jako odd\u011bluj\u00edc\u00ed \u010d\u00e1ra; vpa\u0161ovali jej tam jist\u011b p\u00e1nov\u00e9 z  Bilderbergu!<\/p>\n<p>Jakl, \u0159editel politick\u00e9ho odboru prezidenta \u2013 uv\u011bdomme si presti\u017e t\u00e9 funkce \u2013 ve\u0159ejnost z\u00a0plez\u00edru provokuje <a href=\"http:\/\/jakl.blog.idnes.cz\/c\/312994\/Cyklistiku-je-nutno-okamzite-zakazat.html\" target=\"_blank\">na blogu iDnes.cz<\/a>, kdy\u017e p\u00ed\u0161e o nutnosti \u201ezak\u00e1zat cyklistiku\u201c. Po on\u00e9 amnestii zase <a href=\"http:\/\/www.lidovky.cz\/o-amnestii-jsme-se-radili-v-sirokem-kruhu-tri-lidi-rika-jakl-po5-\/zpravy-domov.aspx?c=A130102_172651_ln_domov_jkz\" target=\"_blank\">\u0161okuje v\u011btou<\/a>,  \u017ee o n\u00ed bylo rozhodov\u00e1no ve \u201evelmi \u0161irok\u00e9m okruhu t\u0159\u00ed lid\u00ed\u201c, tak\u017ee si  ob\u010dan \u0165uk\u00e1 na \u010delo, zda byl onen kruh troj\u00faheln\u00edkem a zda k  velk\u00e9mu\u00a0kruhu amnest\u00e1tor\u016f pat\u0159\u00ed s\u00a0Klausem a prezidentsk\u00fdm exuchaze\u010dem  Jaklem i veleprorok H\u00e1jek.<\/p>\n<p>Samotn\u00fd prezident, kter\u00fd pr\u00fd \u201enikdy nevid\u011bl  televizn\u00ed zpr\u00e1vy\u201c, novinami opovrhuje a nikdy se ani \u201enep\u0159ibl\u00ed\u017eil  k\u00a0bankomatu\u201c, jak ned\u00e1vno sd\u011blil t\u00fdden\u00edku Reflex, mus\u00ed \u017e\u00edt ve zvl\u00e1\u0161tn\u00ed  bublin\u011b, kdy\u017e jeho nejbli\u017e\u0161\u00edmi r\u00e1dci a zdroji informac\u00ed o sv\u011bt\u011b jsou dva  n\u011bkdej\u0161\u00ed novin\u00e1\u0159i; paradoxn\u011b b\u00fdval\u00ed \u201esluhov\u00e9\u201c nen\u00e1vid\u011bn\u00e9 m\u00e9diokracie,  kterou Hrad trvale tepe.<\/p>\n<p>Oba f\u00e1mulov\u00e9 pak byli vysl\u00e1ni <a href=\"http:\/\/www.parlamentnilisty.cz\/rss\/zpravy\/Hajek-z-Hradu-k-amnestii-O-nenavistnych-mediich-a-zbabelych-politicich-258522\" target=\"_blank\">obhajovat do\u00a0m\u00e9di\u00ed<\/a> (televize, rozhlasu i tisku) prakticky neobhajitelnou amnestii sv\u00e9ho  \u0161\u00e9fa, kter\u00fd do n\u00ed za\u0159adil i druh\u00fd \u010dl\u00e1nek o p\u0159eru\u0161en\u00ed trestn\u00edho st\u00edh\u00e1n\u00ed  star\u0161\u00edho osmi let. Oba se svorn\u011b zakl\u00ednali rozhodnut\u00edm Evropsk\u00e9ho soudu  pro lidsk\u00e1 pr\u00e1va, aby se na n\u011bj pak v\u00a0rozhovoru pro Mladou frontu Dnes  odk\u00e1zal i Klaus.<\/p>\n<h5>Oh\u00fdb\u00e1n\u00ed pravdy v ohavn\u00fdch m\u00e9di\u00edch&#8230;<\/h5>\n<p>Pr\u00e1vn\u00edci <a href=\"http:\/\/www.lidovky.cz\/klaus-amnestii-haji-neexistujicim-judikatem-divi-se-pravnici-pth-\/zpravy-domov.aspx?c=A130104_173351_ln_domov_ogo\" target=\"_blank\">se jim za neznalost<\/a> vysm\u00e1li (<a href=\"http:\/\/www.lidovky.cz\/jak-jsme-zvolili-hranici-8-let-amnestii-pomahal-formulovat-i-podpis-wagnerove-haji-jakl-hrad-gh5-\/zpravy-domov.aspx?c=A130105_155848_ln_domov_spa\" target=\"_blank\">v\u010detn\u011b b\u00fdval\u00e9 \u00fastavn\u00ed soudkyn\u011b Eli\u0161ky Wagnerov\u00e9<\/a>),  politici se u\u0161kl\u00edbli n\u00e1hl\u00e9 Klausov\u011b z\u00e1lib\u011b v\u00a0evropsk\u00fdch instituc\u00edch,  policist\u00e9 se podivili rozsahu \u201ed\u00edl\u010d\u00ed amnestie\u201c (kter\u00e1 pou\u0161t\u00ed recidivisty  a dot\u00fdk\u00e1 se desetitis\u00edc\u016f lid\u00ed), novin\u00e1\u0159i si vzpomn\u011bli na Klaus\u016fv  opakovan\u011b vysloven\u00fd odpor k\u00a0amnesti\u00edm (\u0159ekl to v\u00a0roce 2004 i sv\u00e9  obdivovatelce Jan\u011b Bobo\u0161\u00edkov\u00e9 na TV Nova) i na zd\u016fvodn\u011bn\u00ed uvol\u0148ov\u00e1n\u00edm  v\u011bznic, kdy\u017e na v\u00fdkon trestu \u010dek\u00e1 dal\u0161\u00edch p\u011bt tis\u00edc lid\u00ed&#8230; A lidu nikdo  nevymluv\u00ed, \u017ee okruh t\u0159\u00ed osob u\u0161il amnestii na m\u00edru \u0161\u00edbr\u016fm devades\u00e1t\u00fdch  let, kte\u0159\u00ed na svou \u201edruhou \u0161anci\u201c dlouho \u010dekali.<\/p>\n<p>\u201eAmnestie se ,ladila\u2018 zhruba rok. Po tuto dobu se tvrd\u011b pracovalo na  jej\u00ed monetizaci. Zd\u00e1 se, \u017ee p\u016fjde o velmi \u00fasp\u011b\u0161n\u00fd byznys projekt,\u201c  napsal v\u00a0ned\u011bli na sv\u00e9m facebookov\u00e9m <a href=\"http:\/\/www.facebook.com\/pages\/motejlekcom\/113481595343431\" target=\"_blank\">profilu Motejlek.com<\/a>,  kter\u00fd se v\u011bnuje z\u00e1kulis\u00ed podnikatelsk\u00e9ho prost\u0159ed\u00ed. Profesora Klause  nav\u00edc stihla pozoruhodn\u00e1 skler\u00f3za, kdy\u017e nyn\u00ed v\u00a0novin\u00e1ch tvrd\u00ed, \u017ee si na  Union banku tak\u0159ka nepamatuje, ale 24. \u00fanora 2003 si s\u00a0BBC pov\u00eddal o  t\u00e9to kauze velmi zasv\u011bcen\u011b a dal si p\u0159epis i na <a href=\"http:\/\/www.klaus.cz\/clanky\/635\" target=\"_blank\">web Klaus.cz<\/a>, jak upozornil <a href=\"http:\/\/www.tyden.cz\/rubriky\/nazory\/klausova-ztrata-pameti_257083.html\" target=\"_blank\">\u010dasopis T\u00fdden<\/a>. V\u00e1\u017en\u00e1 nemoc, \u010di \u00famysln\u00e9 lhan\u00ed?<\/p>\n<p>Pak je tady je\u0161t\u011b jedna mo\u017enost. A sice, \u017ee si prezident spolu se  sv\u00fdmi dv\u011bma klauny trop\u00ed z\u00a0ob\u010dan\u016f \u010cR v\u011bdom\u00e9 \u0161oufky; nad zlost\u00ed lid\u00ed,  kter\u00e9 by m\u011bl h\u00e1jit, \u00fasm\u011b\u0161n\u011b povyt\u00e1hne koutky \u00fast \u2013 stejn\u011b jako nad  zbyte\u010dn\u011b <a href=\"http:\/\/zpravy.idnes.cz\/kvuli-amnestii-padlo-trestni-oznameni-dhv-\/domaci.aspx?c=A130106_101652_domaci_hv\" target=\"_blank\">pod\u00e1van\u00fdmi trestn\u00edmi ozn\u00e1men\u00edmi<\/a>, pon\u011bvad\u017e v\u00ed, \u017ee <a href=\"http:\/\/www.psp.cz\/docs\/laws\/constitution.html\" target=\"_blank\">dle \u00dastavy<\/a> je i \u201etrestn\u00ed st\u00edh\u00e1n\u00ed pro trestn\u00e9 \u010diny sp\u00e1chan\u00e9 po dobu v\u00fdkonu funkce  prezidenta republiky nav\u017edy vylou\u010deno\u201c. Napov\u00eddal by tomu nejveselej\u0161\u00ed  z\u00e1\u017eitek, tak\u0159ka montypythonovsky smrt\u00edc\u00ed vtip, jen\u017e Klaus na po\u010d\u00e1tku sv\u00e9  politick\u00e9 dr\u00e1hy sly\u0161el:<\/p>\n<p><iframe loading=\"lazy\" width=\"380\" height=\"315\" src=\"http:\/\/www.youtube.com\/embed\/6MMa9y61jRE\" frameborder=\"0\" allowfullscreen><\/iframe><\/p>\n<p>Odch\u00e1zej\u00edc\u00ed skoro ji\u017e neprezident Klaus hanobit ani nepot\u0159ebuje.  D\u016fstojn\u00fdm prezidentem \u010cR toti\u017e p\u0159estal b\u00fdt 1. ledna 2013, kdy\u017e  velezr\u00e1dn\u011b a hloup\u011b za\u00fato\u010dil na \u0159\u00e1d republiky. A spolu s\u00a0dvojic\u00ed Jakl a  H\u00e1jek ztrapnili prezidentsk\u00fd \u00fa\u0159ad jen za p\u00e1r dn\u00ed u\u017e tolikr\u00e1t, \u017ee  p\u0159id\u00e1vat invektivy nem\u00e1 smysl. Mo\u017en\u00e1 se ale hradn\u00ed parti\u010dka kone\u010dn\u011b  odkryla i t\u011bm nejv\u011brn\u011bj\u0161\u00edm, kte\u0159\u00ed V\u00e1clava Klause do krve h\u00e1jili \u2013 pro  jeho neot\u0159el\u00e9 n\u00e1zory a pevn\u00e9 postoje. Ch\u00e1ch\u00e1!<span id=\"story-end\"> <\/span><\/p>\n<p><span><a href=\"http:\/\/www.ceskapozice.cz\/domov\/politika\/klauni-ze-skleneneho-zamku-pardon-hradu\" target=\"_blank\">Zdroj<\/a><br \/>\n<\/span><\/p>\n","protected":false},"excerpt":{"rendered":"<p>\u0160\u00edlenstv\u00ed tria Klaus-Jakl-H\u00e1jek, kter\u00e9 p\u016fsob\u00ed na pra\u017esk\u00e9m Hrad\u011b ji\u017e odtr\u017eeno od reality, se stup\u0148uje a ni\u010d\u00ed pov\u011bst prezidentstv\u00ed.<\/p>\n","protected":false},"author":1,"featured_media":0,"comment_status":"open","ping_status":"open","sticky":false,"template":"","format":"standard","meta":{"ngg_post_thumbnail":0,"footnotes":""},"categories":[11],"tags":[],"class_list":["post-3364","post","type-post","status-publish","format-standard","hentry","category-ozvena"],"_links":{"self":[{"href":"https:\/\/www.ladislavjakl.cz\/index.php?rest_route=\/wp\/v2\/posts\/3364","targetHints":{"allow":["GET"]}}],"collection":[{"href":"https:\/\/www.ladislavjakl.cz\/index.php?rest_route=\/wp\/v2\/posts"}],"about":[{"href":"https:\/\/www.ladislavjakl.cz\/index.php?rest_route=\/wp\/v2\/types\/post"}],"author":[{"embeddable":true,"href":"https:\/\/www.ladislavjakl.cz\/index.php?rest_route=\/wp\/v2\/users\/1"}],"replies":[{"embeddable":true,"href":"https:\/\/www.ladislavjakl.cz\/index.php?rest_route=%2Fwp%2Fv2%2Fcomments&post=3364"}],"version-history":[{"count":2,"href":"https:\/\/www.ladislavjakl.cz\/index.php?rest_route=\/wp\/v2\/posts\/3364\/revisions"}],"predecessor-version":[{"id":3366,"href":"https:\/\/www.ladislavjakl.cz\/index.php?rest_route=\/wp\/v2\/posts\/3364\/revisions\/3366"}],"wp:attachment":[{"href":"https:\/\/www.ladislavjakl.cz\/index.php?rest_route=%2Fwp%2Fv2%2Fmedia&parent=3364"}],"wp:term":[{"taxonomy":"category","embeddable":true,"href":"https:\/\/www.ladislavjakl.cz\/index.php?rest_route=%2Fwp%2Fv2%2Fcategories&post=3364"},{"taxonomy":"post_tag","embeddable":true,"href":"https:\/\/www.ladislavjakl.cz\/index.php?rest_route=%2Fwp%2Fv2%2Ftags&post=3364"}],"curies":[{"name":"wp","href":"https:\/\/api.w.org\/{rel}","templated":true}]}}