{"id":3375,"date":"2013-01-10T11:28:26","date_gmt":"2013-01-10T10:28:26","guid":{"rendered":"http:\/\/www.ladislavjakl.cz\/?p=3375"},"modified":"2013-01-10T11:28:26","modified_gmt":"2013-01-10T10:28:26","slug":"zaoralek-lze-az-se-mu-prasi-z-oralku","status":"publish","type":"post","link":"https:\/\/www.ladislavjakl.cz\/?p=3375","title":{"rendered":"Zaor\u00e1lek l\u017ee, a\u017e se mu pr\u00e1\u0161\u00ed z or\u00e1lku"},"content":{"rendered":"<p>Posledn\u00ed dny jsem si vzpomm\u011bl na vtip, kter\u00fd koloval po Ostrav\u011b v dob\u011b, kdy tam pan Zaor\u00e1lek l\u00e9t\u00e1val vrtuln\u00edkem za parlamentn\u00ed pen\u00edze na z\u00e1lety: &#8222;v\u00edte, za co sed\u00ed Zaor\u00e1lek v parlamentu? Za or\u00e1lek.&#8220;<\/p>\n<p><!--more-->Jak vztekl\u00fd ratl\u00edk dnes po\u0161t\u011bk\u00e1v\u00e1 kolem amnestie a kup\u00ed jednu le\u017e a l\u017eiv\u00e9 na\u0159\u010den\u00ed na druh\u00e9. Budu se jim v\u011bnovat postupn\u011b. Dnes tu na t\u00e9ma, \u017ee judik\u00e1ty Evropsk\u00e9ho soudu pro lidsk\u00e1 pr\u00e1va ve \u0160trasburku se t\u00fdkaj\u00ed jen ob\u010danskopr\u00e1vn\u00edch a nikoli trestn\u00edch v\u011bc\u00ed.<\/p>\n<p><strong>Tak\u017ee zde jsou fakta: <\/strong><\/p>\n<p>Ve vztahu k \u010cesk\u00e9 republice rozhodl ESLP dev\u011btkr\u00e1t o poru\u0161en\u00ed pr\u00e1va na p\u0159im\u011b\u0159enou d\u00e9lku trestn\u00edho \u0159\u00edzen\u00ed (celkov\u011b bylo rozhodnuto o p\u0159ekro\u010den\u00ed d\u00e9lky \u0159\u00edzen\u00ed p\u0159ed \u010desk\u00fdmi soudy v 76 p\u0159\u00edpadech, z toho tedy 67 kauz bylo civiln\u00edch).<\/p>\n<blockquote><p><em>\u2022 Ba\u010d\u00e1k (rozsudek z 07\/03\/2006): 8 let 5 m\u011bs\u00edc\u016f, 1 stupe\u0148 soudn\u00ed soustavy, d\u00e1na jist\u00e1 slo\u017eitost (finan\u010dn\u00ed kriminalita), ale doch\u00e1zelo k pr\u016ftah\u016fm (6 let a 9 m\u011bs\u00edc\u016f pro \u0159\u00edzen\u00ed p\u0159ed soudem, 1 rok 3 m\u011bs\u00edce mezi pod\u00e1n\u00edm ob\u017ealoby na st\u011b\u017eovatele a prvn\u00edm hlavn\u00edm l\u00ed\u010den\u00edm),<\/em><\/p>\n<p><em>\u2022 Barfuss (rozsudek z 31\/07\/2000): 3 roky 10 m\u011bs\u00edc\u016f, 2 stupn\u011b soudn\u00ed soustavy, slo\u017eitost (s\u00e9rie podvodn\u00fdch jedn\u00e1n\u00ed), zm\u011bna st\u011b\u017eovatelovy procesn\u00ed taktiky, ale tak\u00e9 \u0159ada pr\u016ftah\u016f na stran\u011b soudu,<\/em><\/p>\n<p><em> <\/em><\/p>\n<p><em>\u2022 Hradeck\u00fd (rozsudek z 05\/10\/2004): 8 let 3 m\u011bs\u00edce, 4 stupn\u011b soudn\u00ed soustavy, slo\u017eitost (podvod), p\u0159izn\u00e1n\u00ed pr\u016ftah\u016f ze strany vnitrost\u00e1tn\u00edch org\u00e1n\u016f, soudu prvn\u00edho stupn\u011b trvalo 4 roky, ne\u017e vynesl rozsudek,<\/em><\/p>\n<p><em> <\/em><\/p>\n<p><em>\u2022 Chadimov\u00e1 (rozsudek z 18\/04\/2006): 11 let 6 m\u011bs\u00edc\u016f bez vyd\u00e1n\u00ed rozsudku, z toho skoro 1\/3 pr\u016ftahy, byla d\u00e1na jist\u00e1 slo\u017eitost, ale doch\u00e1zelo i k chyb\u00e1m v postupu soudu, kter\u00fd se st\u011b\u017eovatelka musela br\u00e1nit,<\/em><\/p>\n<p><em> <\/em><\/p>\n<p><em>\u2022 Nemeth (rozsudek z 20\/09\/2005): 4 roky 4 m\u011bs\u00edce, 1 stupe\u0148 soudn\u00ed soustavy, sice d\u00e1na jist\u00e1 slo\u017eitost, ale doch\u00e1zelo k pr\u016ftah\u016fm,<\/em><\/p>\n<p><em> <\/em><\/p>\n<p><em>\u2022 R\u00e1zlov\u00e1 (rozsudek z 28\/03\/2006): p\u0159es 7 let 9 m\u011bs\u00edc\u016f pouze v p\u0159\u00edpravn\u00e9m \u0159\u00edzen\u00ed, d\u00e1na slo\u017eitost (finan\u010dn\u00ed kriminalita),<\/em><\/p>\n<p><em> <\/em><\/p>\n<p><em>\u2022 Tariq (rozsudek z 18\/04\/2006): v\u00edce ne\u017e 8 let 3 m\u011bs\u00edce, 2 stupn\u011b soudn\u00ed soustavy, dlouh\u00e9 pr\u016ftahy,<\/em><\/p>\n<p><em> <\/em><\/p>\n<p><em>\u2022 Volf (rozsudek z 06\/09\/2005): 11 let 4 m\u011bs\u00edce, 4 stupn\u011b soudn\u00ed soustavy, \u0161lo o ubl\u00ed\u017een\u00ed na zdrav\u00ed, v \u0159\u00edzen\u00ed byly r\u016fzn\u00e9 pr\u016ftahy (od prvn\u00edho pod\u00e1n\u00ed ob\u017ealoby do vznesen\u00ed druh\u00e9 uplynuly v\u00edce ne\u017e 4 roky, okresn\u00ed soud vydal prvn\u00ed rozsudek po dal\u0161\u00edch dvou a p\u016fl letech),<\/em><\/p>\n<p><em> <\/em><\/p>\n<p><em>\u2022 Vr\u00e1na (rozsudek z 30\/11\/2004): 8 let 6 m\u011bs\u00edc\u016f, 1 stupe\u0148 soudn\u00ed soustavy, \u0161lo o loupe\u017e, r\u016fzn\u00e9 pr\u016ftahy.<\/em><\/p>\n<p><em> <\/em><\/p>\n<p><em>\u2022 Pfleger-po\u0161kozen\u00fd (rozsudek z 27\/07\/2004): 4 roky a 9 m\u011bs\u00edc\u016f, 2 stupn\u011b soudn\u00ed soustavy, soudu prvn\u00edho stupn\u011b trvalo p\u0159es 3,5 roku, ne\u017e vydal druh\u00fd rozsudek, n\u00edzk\u00e1 m\u00edra slo\u017eitosti v\u011bci.<\/em><\/p><\/blockquote>\n<p><strong>Na z\u00e1v\u011br mal\u00e1 ochutn\u00e1vka z \u010dist\u00e9ho pramene pravdy a l\u00e1sky, kter\u00fd vyv\u011br\u00e1 z reakc\u00ed Zaor\u00e1lkov\u00fdch soudruh\u016f:<\/strong><\/p>\n<p>From: pavel jilek [mailto:jilpa@seznam.cz]<br \/>\nSent: Monday, January 07, 2013 6:15 PM<br \/>\nTo: Jakl Ladislav<br \/>\nSubject: ob\u010dan\u00e9<\/p>\n<p>Ty tlust\u00fd dereb\u00e1ku, jsem  \u010dlen \u010dssd a ty , ty svin\u011b jsi urazil na\u0161eho pana  Zaor\u00e1lka&#8230;&#8230; vid\u011bli a  sly\u0161eli jsem , co jsi \u0159\u00edkal ,jak by jsi to s n\u00edm   vy\u0159\u00edd\u00ed\u0161&#8230;.. , ty hajzle , co d\u011bla\u0161 jen zlo, a\u017e nebude\u0161 zam\u011bstn\u00e1n u toho d\u011bdka , tak  uvid\u00ed\u0161 , u\u017e si ty sund\u00e1vej br\u00fdle , my ti je had\u0159\u00edkem vy\u010dist\u00edme , kret\u00e9ne tlust\u00fd a blb\u00fd, u\u017e brzy ta va\u0161e parta z hradu i st\u00edm d\u011bdkem poma\u017ee&#8230; co bude\u0161 ty chud\u00e1ku d\u011blat?? co uv\u00ed\u0161 krom\u011b zla &#8230;..      ob\u010dan\u00e9  \u010dr<\/p>\n","protected":false},"excerpt":{"rendered":"<p>Posledn\u00ed dny jsem si vzpomm\u011bl na vtip, kter\u00fd koloval po Ostrav\u011b v dob\u011b, kdy tam pan Zaor\u00e1lek l\u00e9t\u00e1val vrtuln\u00edkem za parlamentn\u00ed pen\u00edze na z\u00e1lety: &#8222;v\u00edte, za co sed\u00ed Zaor\u00e1lek v parlamentu? Za or\u00e1lek.&#8220;<\/p>\n","protected":false},"author":1,"featured_media":0,"comment_status":"open","ping_status":"open","sticky":false,"template":"","format":"standard","meta":{"ngg_post_thumbnail":0,"footnotes":""},"categories":[6],"tags":[],"class_list":["post-3375","post","type-post","status-publish","format-standard","hentry","category-co-jsem-nerekl"],"_links":{"self":[{"href":"https:\/\/www.ladislavjakl.cz\/index.php?rest_route=\/wp\/v2\/posts\/3375","targetHints":{"allow":["GET"]}}],"collection":[{"href":"https:\/\/www.ladislavjakl.cz\/index.php?rest_route=\/wp\/v2\/posts"}],"about":[{"href":"https:\/\/www.ladislavjakl.cz\/index.php?rest_route=\/wp\/v2\/types\/post"}],"author":[{"embeddable":true,"href":"https:\/\/www.ladislavjakl.cz\/index.php?rest_route=\/wp\/v2\/users\/1"}],"replies":[{"embeddable":true,"href":"https:\/\/www.ladislavjakl.cz\/index.php?rest_route=%2Fwp%2Fv2%2Fcomments&post=3375"}],"version-history":[{"count":2,"href":"https:\/\/www.ladislavjakl.cz\/index.php?rest_route=\/wp\/v2\/posts\/3375\/revisions"}],"predecessor-version":[{"id":3377,"href":"https:\/\/www.ladislavjakl.cz\/index.php?rest_route=\/wp\/v2\/posts\/3375\/revisions\/3377"}],"wp:attachment":[{"href":"https:\/\/www.ladislavjakl.cz\/index.php?rest_route=%2Fwp%2Fv2%2Fmedia&parent=3375"}],"wp:term":[{"taxonomy":"category","embeddable":true,"href":"https:\/\/www.ladislavjakl.cz\/index.php?rest_route=%2Fwp%2Fv2%2Fcategories&post=3375"},{"taxonomy":"post_tag","embeddable":true,"href":"https:\/\/www.ladislavjakl.cz\/index.php?rest_route=%2Fwp%2Fv2%2Ftags&post=3375"}],"curies":[{"name":"wp","href":"https:\/\/api.w.org\/{rel}","templated":true}]}}