{"id":338,"date":"2010-05-04T09:29:06","date_gmt":"2010-05-04T08:29:06","guid":{"rendered":"http:\/\/www.ladislavjakl.cz\/?p=338"},"modified":"2010-05-04T09:29:06","modified_gmt":"2010-05-04T08:29:06","slug":"antiantiantianti","status":"publish","type":"post","link":"https:\/\/www.ladislavjakl.cz\/?p=338","title":{"rendered":"Antiantiantianti"},"content":{"rendered":"<p>Diskriminace je v\u011bc o\u0161kliv\u00e1. Je to organizovan\u00e1  nerovnost ve v\u011bcech, ve kter\u00fdch by si lid\u00e9 m\u011bli b\u00fdt rovni. N\u011bkter\u00fdm  lidem ale nesta\u010d\u00ed zru\u0161en\u00ed diskriminace. Po\u017eaduj\u00ed antidiskriminaci. A  kole\u010dko se rozt\u00e1\u010d\u00ed.<\/p>\n<p><!--more--><\/p>\n<div>\n<p>Antidiskriminace znamen\u00e1  \u201epozitivn\u00ed\u201c diskriminaci. Tedy organizovan\u00e9 zv\u00fdhod\u0148ov\u00e1n\u00ed vybran\u00fdch  skupin lid\u00ed na \u00fakor ostatn\u00edch. Nutn\u011b tedy p\u0159in\u00e1\u0161\u00ed omezen\u00ed svobody a je  projevem soci\u00e1ln\u00edho in\u017een\u00fdrstv\u00ed, p\u0159i kter\u00e9m jsou privilegia  distribuov\u00e1na podle p\u0159\u00e1n\u00ed elit\u00e1\u0159\u016f.<\/p>\n<p>To se ale nel\u00edb\u00ed n\u011bkter\u00fdm ochr\u00e1nc\u016fm svobody a tradi\u010dn\u00edch  spole\u010densk\u00fdch hodnot. A ti tak zalo\u017eili iniciativu D.O.S.T. a uspo\u0159\u00e1dali  v\u010dera demonstraci p\u0159ed \u00fa\u0159adem vl\u00e1dy.<\/p>\n<p>To se ale nel\u00edbilo t\u011bm, kte\u0159\u00ed si na antidiskrimina\u010dn\u00ed agend\u011b zalo\u017eili  svou politickou \u017eivnost, jako jsou nap\u0159\u00edklad homosexualisti\u010dt\u00ed  aktivist\u00e9 nebo zelen\u00ed. A tak \u0161li protestovat proti protest\u016fm D. O. S. T.  Povolenou demonstraci se sna\u017eili naru\u0161it, p\u0159ek\u0159i\u010det, zdiskreditovat,  proto\u017ee podle t\u011bchto levi\u010d\u00e1k\u016f svoboda slova a shroma\u017e\u010fov\u00e1n\u00ed m\u016f\u017ee platit  jen pro podporovatele ofici\u00e1ln\u00edho euroekoagrobio n\u00e1zorov\u00e9ho proudu.<\/p>\n<p>To se ale zase nel\u00edbilo n\u011bkter\u00fdm \u00fa\u010dastn\u00edk\u016fm povolen\u00e9 demonstrace, a  tak se sna\u017eili ty r\u016fzn\u00e9 hromady li\u0161ek odk\u00e1zat do pat\u0159i\u010dn\u00fdch mez\u00ed.<\/p>\n<p>U\u017e jsem nezachytil, jestli se i toto po\u010d\u00edn\u00e1n\u00ed n\u011bkter\u00fdch demonstrant\u016f  nel\u00edbilo n\u011bkomu dal\u0161\u00edmu. Tak\u017ee jsme z\u016fstali u toho, \u017ee tito demonstranti  byli anti-anti-anti-anti-dis-krimina\u010dn\u00ed aktivist\u00e9.<\/p>\n<p>Kr\u00e1sn\u00fd projev ob\u010dansk\u00e9ho \u017eivota, co \u0159\u00edk\u00e1te.<\/p><\/div>\n","protected":false},"excerpt":{"rendered":"<p>Diskriminace je v\u011bc o\u0161kliv\u00e1. Je to organizovan\u00e1 nerovnost ve v\u011bcech, ve kter\u00fdch by si lid\u00e9 m\u011bli b\u00fdt rovni. N\u011bkter\u00fdm lidem ale nesta\u010d\u00ed zru\u0161en\u00ed diskriminace. Po\u017eaduj\u00ed antidiskriminaci. A kole\u010dko se rozt\u00e1\u010d\u00ed.<\/p>\n","protected":false},"author":1,"featured_media":0,"comment_status":"open","ping_status":"open","sticky":false,"template":"","format":"standard","meta":{"ngg_post_thumbnail":0,"footnotes":""},"categories":[10],"tags":[],"class_list":["post-338","post","type-post","status-publish","format-standard","hentry","category-zlehka"],"_links":{"self":[{"href":"https:\/\/www.ladislavjakl.cz\/index.php?rest_route=\/wp\/v2\/posts\/338","targetHints":{"allow":["GET"]}}],"collection":[{"href":"https:\/\/www.ladislavjakl.cz\/index.php?rest_route=\/wp\/v2\/posts"}],"about":[{"href":"https:\/\/www.ladislavjakl.cz\/index.php?rest_route=\/wp\/v2\/types\/post"}],"author":[{"embeddable":true,"href":"https:\/\/www.ladislavjakl.cz\/index.php?rest_route=\/wp\/v2\/users\/1"}],"replies":[{"embeddable":true,"href":"https:\/\/www.ladislavjakl.cz\/index.php?rest_route=%2Fwp%2Fv2%2Fcomments&post=338"}],"version-history":[{"count":2,"href":"https:\/\/www.ladislavjakl.cz\/index.php?rest_route=\/wp\/v2\/posts\/338\/revisions"}],"predecessor-version":[{"id":340,"href":"https:\/\/www.ladislavjakl.cz\/index.php?rest_route=\/wp\/v2\/posts\/338\/revisions\/340"}],"wp:attachment":[{"href":"https:\/\/www.ladislavjakl.cz\/index.php?rest_route=%2Fwp%2Fv2%2Fmedia&parent=338"}],"wp:term":[{"taxonomy":"category","embeddable":true,"href":"https:\/\/www.ladislavjakl.cz\/index.php?rest_route=%2Fwp%2Fv2%2Fcategories&post=338"},{"taxonomy":"post_tag","embeddable":true,"href":"https:\/\/www.ladislavjakl.cz\/index.php?rest_route=%2Fwp%2Fv2%2Ftags&post=338"}],"curies":[{"name":"wp","href":"https:\/\/api.w.org\/{rel}","templated":true}]}}