{"id":3382,"date":"2013-01-10T11:31:03","date_gmt":"2013-01-10T10:31:03","guid":{"rendered":"http:\/\/www.ladislavjakl.cz\/?p=3382"},"modified":"2013-01-10T11:31:03","modified_gmt":"2013-01-10T10:31:03","slug":"vyjadreni-l-jakla-pro-televizi-prima-8-ledna-013-neodvysilano","status":"publish","type":"post","link":"https:\/\/www.ladislavjakl.cz\/?p=3382","title":{"rendered":"Vyj\u00e1d\u0159en\u00ed L. Jakla pro televizi Prima, 8. ledna 013 (neodvys\u00edl\u00e1no)"},"content":{"rendered":"<p><strong>Prima: Co \u0159\u00edt\u00e1te tomu \u017ee se po zemi \u0161\u00ed\u0159\u00ed mezi starosty a \u0159editeli gymn\u00e1zi\u00ed sn\u00edm\u00e1n\u00ed portr\u00e9t\u016f prezidenta Klause?<\/strong><\/p>\n<p><strong><!--more--><\/strong>L. J.: Chci pod\u011bkovat t\u011bm starost\u016fm, a p\u00ed\u0161e mi takov\u00fdch st\u00e1le v\u00edc, kte\u0159\u00ed v reakci na toto hloup\u00e9 sn\u00edm\u00e1n\u00ed p\u0159ijali \u00fapln\u011b opa\u010dn\u00e9 rozhodnut\u00ed: nechat si na zdi portr\u00e9t prezidenta Klause i po 7. b\u0159eznu. Za sebe chci \u0159\u00edci toto: pat\u0159il jsem ke kritik\u016fm b\u00fdval\u00e9ho prezidenta Havla. U\u017e jako novin\u00e1\u0159, ale to m\u00e9 \u010dl\u00e1nky o n\u011bm nesm\u011bly vych\u00e1zet, proto\u017ee tehdy nebylo o prezidentovi mo\u017en\u00e9 ps\u00e1t jakkoli kriticky, zat\u00edmco dnes se na n\u011bj v novin\u00e1ch b\u011b\u017en\u011b sm\u00ed sprost\u011b nad\u00e1vat. Ale p\u0159es tuto svou kriti\u010dnost v\u016f\u010di n\u011bmu bych tehdy nikdy nepodpo\u0159il podobnou akci sn\u00edm\u00e1n\u00ed portr\u00e9t\u016f, proto\u017ee obraz prezidenta je symbol st\u00e1tu a zasluhuje \u00factu, a\u0165 u\u017e je zvolen\u00fdm prezidentem kdokoli.<\/p>\n","protected":false},"excerpt":{"rendered":"<p>Prima: Co \u0159\u00edt\u00e1te tomu \u017ee se po zemi \u0161\u00ed\u0159\u00ed mezi starosty a \u0159editeli gymn\u00e1zi\u00ed sn\u00edm\u00e1n\u00ed portr\u00e9t\u016f prezidenta Klause?<\/p>\n","protected":false},"author":1,"featured_media":0,"comment_status":"open","ping_status":"open","sticky":false,"template":"","format":"standard","meta":{"ngg_post_thumbnail":0,"footnotes":""},"categories":[13],"tags":[],"class_list":["post-3382","post","type-post","status-publish","format-standard","hentry","category-rozhovory"],"_links":{"self":[{"href":"https:\/\/www.ladislavjakl.cz\/index.php?rest_route=\/wp\/v2\/posts\/3382","targetHints":{"allow":["GET"]}}],"collection":[{"href":"https:\/\/www.ladislavjakl.cz\/index.php?rest_route=\/wp\/v2\/posts"}],"about":[{"href":"https:\/\/www.ladislavjakl.cz\/index.php?rest_route=\/wp\/v2\/types\/post"}],"author":[{"embeddable":true,"href":"https:\/\/www.ladislavjakl.cz\/index.php?rest_route=\/wp\/v2\/users\/1"}],"replies":[{"embeddable":true,"href":"https:\/\/www.ladislavjakl.cz\/index.php?rest_route=%2Fwp%2Fv2%2Fcomments&post=3382"}],"version-history":[{"count":1,"href":"https:\/\/www.ladislavjakl.cz\/index.php?rest_route=\/wp\/v2\/posts\/3382\/revisions"}],"predecessor-version":[{"id":3383,"href":"https:\/\/www.ladislavjakl.cz\/index.php?rest_route=\/wp\/v2\/posts\/3382\/revisions\/3383"}],"wp:attachment":[{"href":"https:\/\/www.ladislavjakl.cz\/index.php?rest_route=%2Fwp%2Fv2%2Fmedia&parent=3382"}],"wp:term":[{"taxonomy":"category","embeddable":true,"href":"https:\/\/www.ladislavjakl.cz\/index.php?rest_route=%2Fwp%2Fv2%2Fcategories&post=3382"},{"taxonomy":"post_tag","embeddable":true,"href":"https:\/\/www.ladislavjakl.cz\/index.php?rest_route=%2Fwp%2Fv2%2Ftags&post=3382"}],"curies":[{"name":"wp","href":"https:\/\/api.w.org\/{rel}","templated":true}]}}