{"id":3388,"date":"2013-01-10T15:37:12","date_gmt":"2013-01-10T14:37:12","guid":{"rendered":"http:\/\/www.ladislavjakl.cz\/?p=3388"},"modified":"2013-01-10T15:37:12","modified_gmt":"2013-01-10T14:37:12","slug":"lhar-zaoralek-krici-chytte-zlodeje-jako-kricel-i-jeho-soudruh-rath","status":"publish","type":"post","link":"https:\/\/www.ladislavjakl.cz\/?p=3388","title":{"rendered":"Lh\u00e1\u0159 Zaor\u00e1lek k\u0159i\u010d\u00ed &#8222;chy\u0165te zlod\u011bje&#8220;, jako k\u0159i\u010del i jeho soudruh Rath"},"content":{"rendered":"<p>V po\u0159adu Partie televize Prima \u0159ekl 6. ledna lh\u00e1\u0159 Zaor\u00e1lek, \u017ee existuj\u00ed podez\u0159el\u00e9 vazby poradc\u016f pana prezidenta &#8222;jako jsou Milan Kindl nebo pan Sov\u00e1k, tito v\u00fdte\u010dn\u00edci z plze\u0148sk\u00fdch pr\u00e1v,&#8220; na jak\u00e9hosi V\u011btrovce a soudce Berku.<\/p>\n<p><!--more-->Jsem \u0159editelem Odboru politick\u00e9ho Kancel\u00e1\u0159e prezidenta republiky. Pod tento odbor spadaj\u00ed i poradci prezidenta republiky. Lid\u00e9 se jm\u00e9ny Kindl a Sov\u00e1k mezi nimi nejsou a nikdy nebyli. Zaor\u00e1lek l\u017ee.<\/p>\n<p>Zaor\u00e1lek l\u017ee celou svou kari\u00e9ru. \u010c\u00edm hlasit\u011bji l\u017ee, t\u00edm v\u00edce mu tleskaj\u00ed lid\u00e9 jako Rath a Dienstbier. Takov\u00ed, co maj\u00ed \u00fasta nejv\u00edce pln\u00e1 slov o postihov\u00e1n\u00ed korupce a o \u00fadajn\u00fdch l\u017e\u00edch &#8211; t\u011bch druh\u00fdch.<\/p>\n<p>L. Jakl<\/p>\n","protected":false},"excerpt":{"rendered":"<p>V po\u0159adu Partie televize Prima \u0159ekl 6. ledna lh\u00e1\u0159 Zaor\u00e1lek, \u017ee existuj\u00ed podez\u0159el\u00e9 vazby poradc\u016f pana prezidenta &#8222;jako jsou Milan Kindl nebo pan Sov\u00e1k, tito v\u00fdte\u010dn\u00edci z plze\u0148sk\u00fdch pr\u00e1v,&#8220; na jak\u00e9hosi V\u011btrovce a soudce Berku.<\/p>\n","protected":false},"author":1,"featured_media":0,"comment_status":"open","ping_status":"open","sticky":false,"template":"","format":"standard","meta":{"ngg_post_thumbnail":0,"footnotes":""},"categories":[6],"tags":[],"class_list":["post-3388","post","type-post","status-publish","format-standard","hentry","category-co-jsem-nerekl"],"_links":{"self":[{"href":"https:\/\/www.ladislavjakl.cz\/index.php?rest_route=\/wp\/v2\/posts\/3388","targetHints":{"allow":["GET"]}}],"collection":[{"href":"https:\/\/www.ladislavjakl.cz\/index.php?rest_route=\/wp\/v2\/posts"}],"about":[{"href":"https:\/\/www.ladislavjakl.cz\/index.php?rest_route=\/wp\/v2\/types\/post"}],"author":[{"embeddable":true,"href":"https:\/\/www.ladislavjakl.cz\/index.php?rest_route=\/wp\/v2\/users\/1"}],"replies":[{"embeddable":true,"href":"https:\/\/www.ladislavjakl.cz\/index.php?rest_route=%2Fwp%2Fv2%2Fcomments&post=3388"}],"version-history":[{"count":1,"href":"https:\/\/www.ladislavjakl.cz\/index.php?rest_route=\/wp\/v2\/posts\/3388\/revisions"}],"predecessor-version":[{"id":3389,"href":"https:\/\/www.ladislavjakl.cz\/index.php?rest_route=\/wp\/v2\/posts\/3388\/revisions\/3389"}],"wp:attachment":[{"href":"https:\/\/www.ladislavjakl.cz\/index.php?rest_route=%2Fwp%2Fv2%2Fmedia&parent=3388"}],"wp:term":[{"taxonomy":"category","embeddable":true,"href":"https:\/\/www.ladislavjakl.cz\/index.php?rest_route=%2Fwp%2Fv2%2Fcategories&post=3388"},{"taxonomy":"post_tag","embeddable":true,"href":"https:\/\/www.ladislavjakl.cz\/index.php?rest_route=%2Fwp%2Fv2%2Ftags&post=3388"}],"curies":[{"name":"wp","href":"https:\/\/api.w.org\/{rel}","templated":true}]}}