{"id":3390,"date":"2013-01-10T16:51:04","date_gmt":"2013-01-10T15:51:04","guid":{"rendered":"http:\/\/www.ladislavjakl.cz\/?p=3390"},"modified":"2013-01-10T16:51:04","modified_gmt":"2013-01-10T15:51:04","slug":"zavaznou-korupci-amnestie-nepromiji-brani-prezidenta-jeho-tajemnik-jakl","status":"publish","type":"post","link":"https:\/\/www.ladislavjakl.cz\/?p=3390","title":{"rendered":"Z\u00e1va\u017enou korupci amnestie neprom\u00edj\u00ed, br\u00e1n\u00ed prezidenta jeho tajemn\u00edk Jakl"},"content":{"rendered":"<p>Klaus\u016fv tajemn\u00edk Ladislav Jakl se domn\u00edv\u00e1, \u017ee v\u00e1\u017en\u00e9 korup\u010dn\u00ed kauzy amnestie neprom\u00edj\u00ed. Podle n\u011bj maj\u00ed toti\u017e tyto skutky pr\u00e1vn\u00ed kvalifikaci v\u011bzen\u00ed od 12 let v\u00fd\u0161e, tud\u00ed\u017e se jich prezidentsk\u00fd pardon nedot\u00fdk\u00e1. Vicepremi\u00e9rka Karol\u00edna Peake v\u0161ak o\u010dek\u00e1v\u00e1, \u017ee se t\u00e9ma amnesti\u00ed objev\u00ed na vl\u00e1d\u011b. Chce pr\u00fd zn\u00e1t d\u016fvody, pro\u010d je premi\u00e9r Petr Ne\u010das spolupodepsal.<\/p>\n<p><!--more-->\u0158editel politick\u00e9ho odboru prezidentsk\u00e9 kancel\u00e1\u0159e Ladislav Jakl v diskusn\u00edm po\u0159adu Partie na Prima Family prohl\u00e1sil, \u017ee se amnestie nem\u016f\u017ee t\u00fdkat pachatel\u016f z\u00e1va\u017en\u00e9 korupce, proto\u017ee sazby za tyto \u010diny jsou a\u017e dvan\u00e1ctilet\u00e9. Reagoval tak na tvrzen\u00ed dal\u0161\u00edho \u00fa\u010dastn\u00edka debaty, m\u00edstop\u0159edsedy \u010cSSD Lubom\u00edra Zaor\u00e1lka, kter\u00fd prohl\u00e1sil, \u017ee jde o gener\u00e1ln\u00ed pardon lidem, kte\u0159\u00ed kradli.<\/p>\n<p>&#8222;Mo\u017en\u00e1 by se (Zaor\u00e1lek) m\u011bl sezn\u00e1mit s na\u0161\u00edm trestn\u00edm pr\u00e1vem. Tam by se dov\u011bd\u011bl, \u017ee za z\u00e1va\u017enou korup\u010dn\u00ed \u010dinnost je u n\u00e1s sazba 12 let. \u010cili \u017e\u00e1dn\u00fd korup\u010dn\u00edk, kter\u00e9ho on m\u00e1 na mysli, nespad\u00e1 do amnestie,&#8220; \u0159ekl Jakl.<\/p>\n<p>Peake p\u0159esto trv\u00e1 na tom, aby premi\u00e9r a ministr spravedlnosti vl\u00e1d\u011b vysv\u011btlili sv\u00e9 pohnutky pro souhlas s takto \u0161irokou amnesti\u00ed. Ministr Miroslav Kalousek, jeho\u017e TOP 09 se od podoby amnestie u\u017e v t\u00fddnu distancovala, pak v v \u010cesk\u00e9 televizi upozornil, \u017ee vl\u00e1da jako celek je \u00fastavn\u011b odpov\u011bdn\u00e1 jen za proveden\u00ed amnestie.<\/p>\n<p>&#8222;Premi\u00e9r (Petr Ne\u010das) kontrasignoval rozhodnut\u00ed prezidenta a zav\u00e1zal se tak, \u017ee vl\u00e1da amnestii provede. Vl\u00e1da jako celek nen\u00ed odpov\u011bdn\u00e1 za d\u016fsledky amnestie, ale za to, \u017ee rozhodnut\u00ed prezidenta bude provedeno,&#8220; vysv\u011btlil Kalousek.<\/p>\n<p>Opozice pl\u00e1nuje vyvolat ve Sn\u011bmovn\u011b hlasov\u00e1n\u00ed o ned\u016fv\u011b\u0159e vl\u00e1d\u011b pr\u00e1v\u011b proto, \u017ee Ne\u010das Klausovu amnestii spolupodepsal.<br \/>\nL\u017eete, op\u0159el se Zaor\u00e1lek do Klausova mu\u017ee<\/p>\n<p>Politick\u00e1 debata se neobe\u0161la ani bez vz\u00e1jemn\u00fdch ostr\u00fdch napaden\u00ed. Zaor\u00e1lek v n\u00ed obvinil Jakla ze l\u017ei za jeho tvrzen\u00ed o evropsk\u00e9 judikatu\u0159e, kter\u00e1 pova\u017euje st\u00edh\u00e1n\u00ed del\u0161\u00ed \u0161esti let za zma\u0159en\u00ed pr\u00e1va na spravedliv\u00fd soud. Na z\u00e1klad\u011b Klausovy amnestie se mimo jin\u00e9 zastav\u00ed trestn\u00ed st\u00edh\u00e1n\u00ed trvaj\u00edc\u00ed d\u00e9le ne\u017e osm let, kde hroz\u00ed trestn\u00ed sazba do deseti let.<\/p>\n<p>&#8222;Existuje na tyto p\u0159\u00edpady rozs\u00e1hl\u00e1 judikatura, nap\u0159\u00edklad Evropsk\u00e9ho soudu pro lidsk\u00e1 pr\u00e1va, kter\u00fd nen\u00ed org\u00e1nem Evropsk\u00e9 unie, nem\u00e1 s evropskou integrac\u00ed nic spole\u010dn\u00e9ho, je to org\u00e1n Rady Evropy, kter\u00fd se zab\u00fdv\u00e1 kodifikac\u00ed mezin\u00e1rodn\u00edho pr\u00e1va a ten v n\u011bkter\u00fdch p\u0159\u00edpadech i dobu \u0161esti let pova\u017euje za zma\u0159en\u00ed mo\u017enosti toho obvin\u011bn\u00e9ho nebo st\u00edhan\u00e9ho, aby se domohl spravedliv\u00e9ho a korektn\u00edho soudu,&#8220; vysv\u011btloval Jakl.<\/p>\n<p>&#8222;V p\u0159\u00edpad\u011b trestn\u00edho st\u00edh\u00e1n\u00ed takov\u00fd judik\u00e1t neexistuje,&#8220; prohl\u00e1sil Zaor\u00e1lek a \u0159ekl, \u017ee Jakl si vym\u00fd\u0161l\u00ed. Jakl zat\u00edm na kameru ukazoval dokumenty s podklady pro sv\u00e9 tvrzen\u00ed. Zaor\u00e1lek tak\u00e9 prohl\u00e1sil, \u017ee prezident &#8222;ze\u0161\u00edlel&#8220; a rozhodl se, \u017ee &#8222;hod\u00ed n\u00e1rodu 7000 zlo\u010dinc\u016f, aby s nimi poradil.&#8220;<\/p>\n<p><a href=\"http:\/\/zpravy.idnes.cz\/jakl-brani-klausovu-amnestii-dib-\/domaci.aspx?c=A130106_133048_domaci_hro\" target=\"_blank\">Zdroj<\/a><\/p>\n","protected":false},"excerpt":{"rendered":"<p>Klaus\u016fv tajemn\u00edk Ladislav Jakl se domn\u00edv\u00e1, \u017ee v\u00e1\u017en\u00e9 korup\u010dn\u00ed kauzy amnestie neprom\u00edj\u00ed. Podle n\u011bj maj\u00ed toti\u017e tyto skutky pr\u00e1vn\u00ed kvalifikaci v\u011bzen\u00ed od 12 let v\u00fd\u0161e, tud\u00ed\u017e se jich prezidentsk\u00fd pardon nedot\u00fdk\u00e1. Vicepremi\u00e9rka Karol\u00edna Peake v\u0161ak o\u010dek\u00e1v\u00e1, \u017ee se t\u00e9ma amnesti\u00ed objev\u00ed na vl\u00e1d\u011b. Chce pr\u00fd zn\u00e1t d\u016fvody, pro\u010d je premi\u00e9r Petr Ne\u010das spolupodepsal.<\/p>\n","protected":false},"author":1,"featured_media":0,"comment_status":"open","ping_status":"open","sticky":false,"template":"","format":"standard","meta":{"ngg_post_thumbnail":0,"footnotes":""},"categories":[11],"tags":[],"class_list":["post-3390","post","type-post","status-publish","format-standard","hentry","category-ozvena"],"_links":{"self":[{"href":"https:\/\/www.ladislavjakl.cz\/index.php?rest_route=\/wp\/v2\/posts\/3390","targetHints":{"allow":["GET"]}}],"collection":[{"href":"https:\/\/www.ladislavjakl.cz\/index.php?rest_route=\/wp\/v2\/posts"}],"about":[{"href":"https:\/\/www.ladislavjakl.cz\/index.php?rest_route=\/wp\/v2\/types\/post"}],"author":[{"embeddable":true,"href":"https:\/\/www.ladislavjakl.cz\/index.php?rest_route=\/wp\/v2\/users\/1"}],"replies":[{"embeddable":true,"href":"https:\/\/www.ladislavjakl.cz\/index.php?rest_route=%2Fwp%2Fv2%2Fcomments&post=3390"}],"version-history":[{"count":1,"href":"https:\/\/www.ladislavjakl.cz\/index.php?rest_route=\/wp\/v2\/posts\/3390\/revisions"}],"predecessor-version":[{"id":3391,"href":"https:\/\/www.ladislavjakl.cz\/index.php?rest_route=\/wp\/v2\/posts\/3390\/revisions\/3391"}],"wp:attachment":[{"href":"https:\/\/www.ladislavjakl.cz\/index.php?rest_route=%2Fwp%2Fv2%2Fmedia&parent=3390"}],"wp:term":[{"taxonomy":"category","embeddable":true,"href":"https:\/\/www.ladislavjakl.cz\/index.php?rest_route=%2Fwp%2Fv2%2Fcategories&post=3390"},{"taxonomy":"post_tag","embeddable":true,"href":"https:\/\/www.ladislavjakl.cz\/index.php?rest_route=%2Fwp%2Fv2%2Ftags&post=3390"}],"curies":[{"name":"wp","href":"https:\/\/api.w.org\/{rel}","templated":true}]}}