{"id":3395,"date":"2013-01-14T11:05:38","date_gmt":"2013-01-14T10:05:38","guid":{"rendered":"http:\/\/www.ladislavjakl.cz\/?p=3395"},"modified":"2013-01-14T11:05:38","modified_gmt":"2013-01-14T10:05:38","slug":"zaoralek-to-schytal-od-jakla-jeho-stekot-ma-zakryt-rathovy-miliony-pro-dienstbiera","status":"publish","type":"post","link":"https:\/\/www.ladislavjakl.cz\/?p=3395","title":{"rendered":"Zaor\u00e1lek to schytal od Jakla: Jeho \u0161t\u011bkot m\u00e1 zakr\u00fdt Rathovy miliony pro Dienstbiera"},"content":{"rendered":"<p>Praha &#8211; M\u00edstop\u0159edseda soci\u00e1ln\u00ed demokracie Lubom\u00edr Zaor\u00e1lek velmi ost\u0159e  napad\u00e1 amnestii vyhl\u00e1\u0161enou prezidentem republiky. Te\u010f Klaus\u016fv <a id=\"anchorbbtBubble23\">mu\u017e<\/a> Ladislav Jakl vrac\u00ed \u00fader.<\/p>\n<p><!--more--><\/p>\n<p>Zaor\u00e1lek velmi ost\u0159e kritizuje amnestii, po n\u00ed\u017e byly na svobodu  pu\u0161t\u011bny tis\u00edce drobn\u00fdch krimin\u00e1ln\u00edk\u016f a z\u00e1rove\u0148 byly zastaveny miliardov\u00e9  kauzy, kter\u00e9 se po v\u00edce jak osmi letech nedok\u00e1zali dot\u00e1hnout do  zd\u00e1rn\u00e9ho konce.<\/p>\n<p>Ladislavu Jaklovi se Zaor\u00e1lkova kritika nel\u00edb\u00ed a jak ka\u017ed\u00fd dob\u0159e v\u00ed, <a id=\"anchorbbtBubble80\">nejlep\u0161\u00ed<\/a> obrana je \u00fatok. &#8222;Rozum\u00edm \u0161t\u011bkotu pana Zaor\u00e1lka k amnestii. Sna\u017e\u00ed se  p\u0159ek\u0159i\u010det n\u00e1zory, \u017ee Rathovy miliony byly ur\u010deny pro Dienstbierovu <a id=\"anchorbbtBubble101\">kampa\u0148<\/a>. Ostatn\u011b \u2013 Dienstbier je Rath\u016fv k\u016f\u0148, to on ho navrhl za kandid\u00e1ta \u010cSSD. A pan Zaor\u00e1lek o tom asi n\u011bco v\u00ed,&#8220; spekuluje.<\/p>\n<p><a href=\"http:\/\/domaci.eurozpravy.cz\/politika\/63122-zaoralek-to-schytal-od-jakla-jeho-stekot-ma-zakryt-rathovy-miliony-pro-dienstbiera\/\" target=\"_blank\">Zdroj<\/a><\/p>\n","protected":false},"excerpt":{"rendered":"<p>Praha &#8211; M\u00edstop\u0159edseda soci\u00e1ln\u00ed demokracie Lubom\u00edr Zaor\u00e1lek velmi ost\u0159e napad\u00e1 amnestii vyhl\u00e1\u0161enou prezidentem republiky. Te\u010f Klaus\u016fv mu\u017e Ladislav Jakl vrac\u00ed \u00fader.<\/p>\n","protected":false},"author":1,"featured_media":0,"comment_status":"open","ping_status":"open","sticky":false,"template":"","format":"standard","meta":{"ngg_post_thumbnail":0,"footnotes":""},"categories":[11],"tags":[],"class_list":["post-3395","post","type-post","status-publish","format-standard","hentry","category-ozvena"],"_links":{"self":[{"href":"https:\/\/www.ladislavjakl.cz\/index.php?rest_route=\/wp\/v2\/posts\/3395","targetHints":{"allow":["GET"]}}],"collection":[{"href":"https:\/\/www.ladislavjakl.cz\/index.php?rest_route=\/wp\/v2\/posts"}],"about":[{"href":"https:\/\/www.ladislavjakl.cz\/index.php?rest_route=\/wp\/v2\/types\/post"}],"author":[{"embeddable":true,"href":"https:\/\/www.ladislavjakl.cz\/index.php?rest_route=\/wp\/v2\/users\/1"}],"replies":[{"embeddable":true,"href":"https:\/\/www.ladislavjakl.cz\/index.php?rest_route=%2Fwp%2Fv2%2Fcomments&post=3395"}],"version-history":[{"count":1,"href":"https:\/\/www.ladislavjakl.cz\/index.php?rest_route=\/wp\/v2\/posts\/3395\/revisions"}],"predecessor-version":[{"id":3396,"href":"https:\/\/www.ladislavjakl.cz\/index.php?rest_route=\/wp\/v2\/posts\/3395\/revisions\/3396"}],"wp:attachment":[{"href":"https:\/\/www.ladislavjakl.cz\/index.php?rest_route=%2Fwp%2Fv2%2Fmedia&parent=3395"}],"wp:term":[{"taxonomy":"category","embeddable":true,"href":"https:\/\/www.ladislavjakl.cz\/index.php?rest_route=%2Fwp%2Fv2%2Fcategories&post=3395"},{"taxonomy":"post_tag","embeddable":true,"href":"https:\/\/www.ladislavjakl.cz\/index.php?rest_route=%2Fwp%2Fv2%2Ftags&post=3395"}],"curies":[{"name":"wp","href":"https:\/\/api.w.org\/{rel}","templated":true}]}}