{"id":3397,"date":"2013-01-14T11:07:00","date_gmt":"2013-01-14T10:07:00","guid":{"rendered":"http:\/\/www.ladislavjakl.cz\/?p=3397"},"modified":"2013-01-14T11:07:00","modified_gmt":"2013-01-14T10:07:00","slug":"jakl-prezident-zadnym-korupcnikum-amnestii-neudelil","status":"publish","type":"post","link":"https:\/\/www.ladislavjakl.cz\/?p=3397","title":{"rendered":"Jakl: Prezident \u017e\u00e1dn\u00fdm korup\u010dn\u00edk\u016fm amnestii neud\u011blil"},"content":{"rendered":"<p><strong>Mezi poradci prezidenta republiky a n\u011bkter\u00fdmi amnestovan\u00fdmi jsou  podez\u0159el\u00e9 vazby. Konkr\u00e9tn\u011b se to t\u00fdk\u00e1 amnestovan\u00fdch v hospod\u00e1\u0159sk\u00fdch  kauz\u00e1ch, kter\u00e9 se t\u00e1hly d\u00e9le ne\u017e osm let a kde hrozila sazba do deseti  let v\u011bzen\u00ed a kde je\u0161t\u011b nebyl vyhl\u00e1\u0161en rozsudek. V diskusn\u00edm  po\u0159adu\u00a0televize Prima family to prohl\u00e1sil m\u00edstop\u0159edseda \u010cSSD Lubom\u00edr  Zaor\u00e1lek<\/strong>.<\/p>\n<p><!--more--><\/p>\n<p>&#8222;Co je nesm\u00edrn\u011b podez\u0159el\u00e9, \u017ee jsou podivuhodn\u00e9 vazby mezi poradci  prezidenta republiky, jako je Milan Kindl a pan Sova, tito v\u00fdte\u010dn\u00edci z  plze\u0148sk\u00fdch pr\u00e1v, kte\u0159\u00ed byli spojeni dokonce s panem V\u011btrovcem <em>(jeden z obvin\u011bn\u00fdch v kauze, kter\u00e1 m\u011bla p\u0159iv\u00e9st \u0159adu severo\u010desk\u00fdch firem do konkursu &#8211; pozn. red.),<\/em> Berkou <em>(\u00fasteck\u00fd soudce Ji\u0159\u00ed Berka je tak\u00e9 podez\u0159el\u00fd v t\u00e9\u017ee kauze &#8211; pozn. red.)<\/em> a dal\u0161\u00edmi,&#8220; \u0159ekl Zaor\u00e1lek. &#8222;Tady jsou nesm\u00edrn\u011b podez\u0159el\u00e9 vazby mezi  prezidentov\u00fdmi poradci a mezi t\u011bmi, kter\u00fdch se\u00a0amnestie t\u00fdkaj\u00ed,&#8220; \u0159ekl,  podrobn\u011bji v\u0161ak tyto vazby neup\u0159esnil.<\/p>\n<p>&#8222;Trestn\u00e9 \u010diny, kter\u00e9 byly amnestov\u00e1ny, kter\u00e9 jsou do deseti let, tam  je cel\u00e1 \u0159ada kl\u00ed\u010dov\u00fdch hospod\u00e1\u0159sk\u00fdch zlo\u010din\u016f, kter\u00e9 byly dokonce p\u0159ed  pravomocn\u00fdm odsouzen\u00edm, dokonce byly \u010dasto u\u017e nepravomocn\u011b odsouzen\u00e9,&#8220;  Zaor\u00e1lek.<\/p>\n<p><a title=\"Lubom\u00edr Zaor\u00e1lek.\" rel=\"lightbox\" href=\"http:\/\/www.tyden.cz\/obrazek\/201301\/50e94ef3683ff\/zaoral-50e95057b1f7d.jpg\"><img loading=\"lazy\" decoding=\"async\" title=\"Lubom\u00edr Zaor\u00e1lek.\" src=\"http:\/\/www.tyden.cz\/obrazek\/201301\/50e94ef3683ff\/zaoral-50e95057b1f7d_275x191.jpg\" alt=\"Lubom\u00edr Zaor\u00e1lek.\" width=\"275\" height=\"191\" \/><\/a><\/p>\n<p>\u0158editel  politick\u00e9ho odboru prezidentovy kancel\u00e1\u0159e Ladislav Jakl v po\u0159adu  zd\u016fraznil, \u017ee amnestie byly v tomto p\u0159\u00edpad\u011b vyhl\u00e1\u0161eny kv\u016fli tomu, \u017ee se  soudn\u00ed \u0159\u00edzen\u00ed nep\u0159im\u011b\u0159en\u011b protahovalo a \u017ee n\u00e1s kv\u016fli tomu kritizoval i  Evropsk\u00fd soud pro lidsk\u00e1 pr\u00e1va, kter\u00fd i dobu \u0161esti let pova\u017euje za  zma\u0159en\u00ed mo\u017enosti obvin\u011bn\u00e9ho domoci se spravedliv\u00e9ho a korektn\u00edho soudu.<\/p>\n<p>&#8222;\u010c\u00edm d\u00e9le jak\u00e9koliv soudn\u00ed \u0159\u00edzen\u00ed trv\u00e1, t\u00edm pochybn\u011bj\u0161\u00ed je jeho  konec,&#8220; \u0159ekl Jakl s t\u00edm, \u017ee se amnestie v tomto p\u0159\u00edpad\u011b net\u00fdkala pouze  hospod\u00e1\u0159sk\u00fdch p\u0159\u00edpad\u016f. &#8222;Pan Zaor\u00e1lek nikdy nevid\u011bl a ne\u010detl des\u00edtky t\u011bch  p\u0159\u00edpad\u016f, kdy t\u011bm lidem nen\u00ed \u017e\u00e1dn\u00e1 pomoc, proto\u017ee soudci nekonaj\u00ed cel\u00e1  dlouh\u00e1 l\u00e9ta a nic je k tomu nenut\u00ed,&#8220; \u0159ekl Jakl. Jsou to podle n\u011bj lid\u00e9 s  rozvr\u00e1cen\u00fdmi rodinami, \u017eivoty, kter\u00fdm nikdo nikdy nic neprok\u00e1zal,  p\u0159esto je jejich \u017eivot nav\u017edycky zni\u010den\u00fd.<\/p>\n<p>Jakl tak\u00e9 prohl\u00e1sil, \u017ee se amnestie nem\u016f\u017ee t\u00fdkat pachatel\u016f z\u00e1va\u017en\u00e9  korupce, proto\u017ee sazby za tyto \u010diny jsou a\u017e dvan\u00e1ct let. Reagoval tak na  Zaor\u00e1lka, kter\u00fd prohl\u00e1sil, \u017ee jde o gener\u00e1ln\u00ed pardon lidem, kte\u0159\u00ed  kradli. &#8222;Mo\u017en\u00e1 by se (Zaor\u00e1lek) m\u011bl sezn\u00e1mit s na\u0161\u00edm trestn\u00edm pr\u00e1vem.  Tam by se dov\u011bd\u011bl, \u017ee za z\u00e1va\u017enou korup\u010dn\u00ed \u010dinnost je u n\u00e1s sazba 12  let. \u010cili \u017e\u00e1dn\u00fd korup\u010dn\u00edk, kter\u00e9ho on m\u00e1 na mysli, nespad\u00e1 do amnestie,  amnestie se ho t\u00fdkat nem\u016f\u017ee,&#8220; \u0159ekl Jakl.<\/p>\n<p>Zaor\u00e1lek v debat\u011b rovn\u011b\u017e obvinil Jakla ze l\u017ei za jeho tvrzen\u00ed o  evropsk\u00e9 judikatu\u0159e, kter\u00e1 pova\u017euje st\u00edh\u00e1n\u00ed del\u0161\u00ed \u0161esti let za zma\u0159en\u00ed  pr\u00e1va na spravedliv\u00fd soud. Na z\u00e1klad\u011b Klausovy amnestie se mimo jin\u00e9  zastav\u00ed trestn\u00ed st\u00edh\u00e1n\u00ed trvaj\u00edc\u00ed d\u00e9le ne\u017e osm let, kde hroz\u00ed trestn\u00ed  sazba do deseti let. &#8222;Existuje na tyto p\u0159\u00edpady rozs\u00e1hl\u00e1 judikatura,  nap\u0159\u00edklad Evropsk\u00e9ho soudu pro lidsk\u00e1 pr\u00e1va, kter\u00fd nen\u00ed org\u00e1nem Evropsk\u00e9  unie, nem\u00e1 s evropskou integrac\u00ed nic spole\u010dn\u00e9ho, je to org\u00e1n Rady  Evropy, kter\u00fd se zab\u00fdv\u00e1 kodifikac\u00ed mezin\u00e1rodn\u00edho pr\u00e1va, a ten v  n\u011bkter\u00fdch p\u0159\u00edpadech i dobu \u0161esti let pova\u017euje za zma\u0159en\u00ed mo\u017enosti toho  obvin\u011bn\u00e9ho nebo st\u00edhan\u00e9ho, aby se domohl spravedliv\u00e9ho a korektn\u00edho  soudu,&#8220; vysv\u011btloval Jakl.<\/p>\n<p>&#8222;V p\u0159\u00edpad\u011b trestn\u00edho st\u00edh\u00e1n\u00ed takov\u00fd judik\u00e1t neexistuje,&#8220; prohl\u00e1sil  Zaor\u00e1lek a \u0159ekl, \u017ee Jakl si vym\u00fd\u0161l\u00ed. Jakl zat\u00edm na kameru ukazoval  dokumenty s podklady pro sv\u00e9 tvrzen\u00ed. Zaor\u00e1lek tak\u00e9 prohl\u00e1sil, \u017ee  prezident &#8222;ze\u0161\u00edlel&#8220; a rozhodl se, \u017ee &#8222;hod\u00ed n\u00e1rodu 7000 zlo\u010dinc\u016f, aby s  nimi poradil&#8220;.<\/p>\n<p><strong><a title=\"Karol\u00edna Peake.\" rel=\"lightbox\" href=\"http:\/\/www.tyden.cz\/obrazek\/201301\/50e94ef3683ff\/peake-50e950672b0f5.jpg\"><img loading=\"lazy\" decoding=\"async\" title=\"Karol\u00edna Peake.\" src=\"http:\/\/www.tyden.cz\/obrazek\/201301\/50e94ef3683ff\/peake-50e950672b0f5_275x183.jpg\" alt=\"Karol\u00edna Peake.\" width=\"275\" height=\"183\" \/><\/a><\/strong><\/p>\n<p><strong>Peake: Amnestie nen\u00ed d\u016fvod pro vysloven\u00ed ned\u016fv\u011bry vl\u00e1d\u011b<\/strong><\/p>\n<p>Podle vicepremi\u00e9rky Karoliny Peake (LIDEM) se v\u00a0p\u0159\u00edpad\u011b neodsouzen\u00fdch  p\u0159\u00edpad\u016f amnestie dot\u00fdk\u00e1 i ob\u011bt\u00ed. &#8222;U ka\u017ed\u00e9ho obvin\u011bn\u00e9ho a zejm\u00e9na  odsouzen\u00e9ho je tak\u00e9 n\u011bjak\u00e1 ob\u011b\u0165 nebo po\u0161kozen\u00fd,&#8220; \u0159ekla. &#8222;A je pravda, \u017ee  amnesti\u00ed n\u00e1rok na n\u00e1hradu \u0161kody amnesti\u00ed neodpad\u00e1, ale samoz\u0159ejm\u011b je  trochu komplikovan\u011bj\u0161\u00ed ji vym\u00e1hat v\u00a0civiln\u00edm \u0159\u00edzen\u00ed, na kter\u00e9 te\u010f ob\u011bti  budou odk\u00e1z\u00e1ny, ne\u017e v\u00a0\u0159\u00edzen\u00ed trestn\u00edm, kde samoz\u0159ejm\u011b neplat\u00edte \u017e\u00e1dn\u00e9  soudn\u00ed poplatky,&#8220; dodala Peake.<\/p>\n<p>O amnestii a d\u016fvodech jej\u00ed kontrasignace pr\u00fd z\u0159ejm\u011b budou hovo\u0159it  s\u00a0premi\u00e9rem na jedn\u00e1n\u00ed vl\u00e1dy ve st\u0159edu i na koali\u010dn\u00edch jedn\u00e1n\u00edch  za\u010d\u00e1tkem t\u00fddne. Vl\u00e1da je toti\u017e za amnestii ze z\u00e1kona odpov\u011bdn\u00e1. &#8222;Nen\u00ed to  pro m\u011b d\u016fvod hlasovat pro vysloven\u00ed ned\u016fv\u011bry vl\u00e1d\u011b, jak bude navrhovat  soci\u00e1ln\u00ed demokracie, proto\u017ee ta se t\u00edm neodstoj\u00ed, tu t\u00edm nezru\u0161\u00edme,&#8220;  \u0159ekla Karolina Peake.<\/p>\n<p>Ministr Kalousek, jeho\u017e TOP 09 se od podoby amnestie u\u017e v t\u00fddnu distancovala, v<em> Ot\u00e1zk\u00e1ch V\u00e1clava Moravce<\/em> v \u010cT zd\u016fraznil, \u017ee vl\u00e1da je \u00fastavn\u011b odpov\u011bdn\u00e1 jen za proveden\u00ed  amnestie. &#8222;Premi\u00e9r (Petr Ne\u010das) kontrasignoval rozhodnut\u00ed prezidenta a  zav\u00e1zal se tak, \u017ee vl\u00e1da amnestii provede. Vl\u00e1da jako celek nen\u00ed  odpov\u011bdn\u00e1 za d\u016fsledky amnestie, ale za to, \u017ee rozhodnut\u00ed prezidenta bude  provedeno,&#8220; vysv\u011btlil ministr.<\/p>\n<p><a href=\"http:\/\/www.tyden.cz\/rubriky\/domaci\/politika\/zaoralek-existuji-vazby-mezi-amnestovanymi-a-poradci-prezidenta_257362.html\" target=\"_blank\">Zdroj<\/a><\/p>\n","protected":false},"excerpt":{"rendered":"<p>Mezi poradci prezidenta republiky a n\u011bkter\u00fdmi amnestovan\u00fdmi jsou podez\u0159el\u00e9 vazby. Konkr\u00e9tn\u011b se to t\u00fdk\u00e1 amnestovan\u00fdch v hospod\u00e1\u0159sk\u00fdch kauz\u00e1ch, kter\u00e9 se t\u00e1hly d\u00e9le ne\u017e osm let a kde hrozila sazba do deseti let v\u011bzen\u00ed a kde je\u0161t\u011b nebyl vyhl\u00e1\u0161en rozsudek. V diskusn\u00edm po\u0159adu\u00a0televize Prima family to prohl\u00e1sil m\u00edstop\u0159edseda \u010cSSD Lubom\u00edr Zaor\u00e1lek.<\/p>\n","protected":false},"author":1,"featured_media":0,"comment_status":"open","ping_status":"open","sticky":false,"template":"","format":"standard","meta":{"ngg_post_thumbnail":0,"footnotes":""},"categories":[11],"tags":[],"class_list":["post-3397","post","type-post","status-publish","format-standard","hentry","category-ozvena"],"_links":{"self":[{"href":"https:\/\/www.ladislavjakl.cz\/index.php?rest_route=\/wp\/v2\/posts\/3397","targetHints":{"allow":["GET"]}}],"collection":[{"href":"https:\/\/www.ladislavjakl.cz\/index.php?rest_route=\/wp\/v2\/posts"}],"about":[{"href":"https:\/\/www.ladislavjakl.cz\/index.php?rest_route=\/wp\/v2\/types\/post"}],"author":[{"embeddable":true,"href":"https:\/\/www.ladislavjakl.cz\/index.php?rest_route=\/wp\/v2\/users\/1"}],"replies":[{"embeddable":true,"href":"https:\/\/www.ladislavjakl.cz\/index.php?rest_route=%2Fwp%2Fv2%2Fcomments&post=3397"}],"version-history":[{"count":1,"href":"https:\/\/www.ladislavjakl.cz\/index.php?rest_route=\/wp\/v2\/posts\/3397\/revisions"}],"predecessor-version":[{"id":3398,"href":"https:\/\/www.ladislavjakl.cz\/index.php?rest_route=\/wp\/v2\/posts\/3397\/revisions\/3398"}],"wp:attachment":[{"href":"https:\/\/www.ladislavjakl.cz\/index.php?rest_route=%2Fwp%2Fv2%2Fmedia&parent=3397"}],"wp:term":[{"taxonomy":"category","embeddable":true,"href":"https:\/\/www.ladislavjakl.cz\/index.php?rest_route=%2Fwp%2Fv2%2Fcategories&post=3397"},{"taxonomy":"post_tag","embeddable":true,"href":"https:\/\/www.ladislavjakl.cz\/index.php?rest_route=%2Fwp%2Fv2%2Ftags&post=3397"}],"curies":[{"name":"wp","href":"https:\/\/api.w.org\/{rel}","templated":true}]}}