{"id":3399,"date":"2013-01-14T11:09:06","date_gmt":"2013-01-14T10:09:06","guid":{"rendered":"http:\/\/www.ladislavjakl.cz\/?p=3399"},"modified":"2013-01-14T11:09:06","modified_gmt":"2013-01-14T10:09:06","slug":"amnestie-ochrani-obeti-pred-hamiznymi-advokaty-tvrdi-jakl","status":"publish","type":"post","link":"https:\/\/www.ladislavjakl.cz\/?p=3399","title":{"rendered":"Amnestie ochr\u00e1n\u00ed ob\u011bti p\u0159ed hami\u017en\u00fdmi advok\u00e1ty, tvrd\u00ed Jakl"},"content":{"rendered":"<p>Praha &#8211; <span>Ladislav Jakl, \u0159editel politick\u00e9ho odboru Kancel\u00e1\u0159e  prezidenta republiky, odm\u00edtl v Interview \u010cT24 kritiku prezidentovy  amnestie nov\u00fdm ne\u010dekan\u00fdm argumentem. N\u00e1mitka, \u017ee kv\u016fli amnestii p\u0159i\u0161li  po\u0161kozen\u00ed o mo\u017enost dom\u00e1hat se od\u0161kodn\u00e9ho, je podle n\u011bj lich\u00e1. Na vin\u011b  jsou advok\u00e1ti, tvrd\u00ed. <\/span>&#8222;Kolem n\u00e1s \u017eije mnoho advok\u00e1t\u016f &#8211; a  advok\u00e1tek, kte\u0159\u00ed se ji\u017e patn\u00e1ct let \u017eiv\u00ed t\u00edm, \u017ee krm\u00ed klienty r\u016fzn\u00fdch  zkrachoval\u00fdch projekt\u016f sliby, \u017ee jim zajist\u00ed od\u0161kodn\u011bn\u00ed,&#8220; vysv\u011btlil Jakl  v Interview \u010cT24 nov\u00fd argument pro kontroverzn\u00ed amnestii.<\/p>\n<p><!--more--><\/p>\n<p>&#8222;Neud\u011blali v\u016fbec nic. Nezah\u00e1jili ani \u0159\u00edzen\u00ed podle ob\u010dansk\u00e9ho pr\u00e1va, a  nyn\u00ed, kdy klient\u016fm mohli \u0159\u00edct, \u017ee \u017eili 15 let z jejich pen\u011bz, nad\u00e1vaj\u00ed  na prezidenta, aby se m\u011bli na co vymluvit,&#8220; dodal\u00a0Ladislav Jakl k nov\u00e9mu  argumentu pro kontroverzn\u00ed amnestii.<\/p>\n<p>Lid\u00e9 po\u0161kozen\u00ed v kauz\u00e1ch, jako je nap\u0159\u00edklad H-System, maj\u00ed mo\u017enost  dom\u00e1hat se \u0161kod v ob\u010danskopr\u00e1vn\u00edm (civiln\u00edm) \u0159\u00edzen\u00ed, anebo jim z\u00e1kon  nab\u00edz\u00ed mo\u017enost p\u0159ipojit se s \u017e\u00e1dost\u00ed o finan\u010dn\u00ed n\u00e1hradu k trestn\u00edmu  \u0159\u00edzen\u00ed. \u0158ada po\u0161kozen\u00fdch proto vyu\u017eije trestn\u00edho \u0159\u00edzen\u00ed<span>;\u00a0v p\u0159\u00edpad\u011b  trestn\u00edho \u0159\u00edzen\u00ed se toti\u017e\u00a0jen p\u0159ihl\u00e1s\u00ed, nemus\u00ed platit \u017e\u00e1dn\u00fd poplatek,  nemus\u00ed si naj\u00edmat advok\u00e1ta, nemus\u00ed sepisovat \u017e\u00e1dnou \u017ealobu<\/span> a  usv\u011bd\u010den\u00ed pachatele je na st\u00e1tn\u00edm z\u00e1stupci. Ob\u010danskopr\u00e1vn\u00ed \u0159\u00edzen\u00ed, kter\u00e9  zmi\u0148uje Jakl, na rozd\u00edl od trestn\u00edho\u00a0stoj\u00ed po\u0161kozen\u00e9 nemal\u00e9 finan\u010dn\u00ed  prost\u0159edky.<\/p>\n<div id=\"contentPart_297345\">\n<div>\n<h4>Eli\u0161ka WAGNEROV\u00c1, b\u00fdval\u00e1 \u00fastavn\u00ed soudkyn\u011b, sen\u00e1torka \/nestran\u00edk\/<\/h4>\n<p>Je to velmi drah\u00fd proces, mus\u00ed zaplatit soudn\u00ed poplatky, platit advok\u00e1ta a tak d\u00e1l, to jsou v\u0161echno velk\u00e9 n\u00e1klady.<\/p><\/div>\n<\/div>\n<p>A nav\u00edc: Vym\u00e1hat \u0161kodu v civiln\u00edm \u0159\u00edzen\u00ed pot\u00e9, co jsou pachatel\u00e9 d\u00edky  amnestii pova\u017eov\u00e1n\u00ed za nevinn\u00e9 je podle pr\u00e1vni\u010dky Hany Marvanov\u00e9  kvadratura kruhu. &#8222;Mus\u00edte n\u011bkomu prok\u00e1zat vinu, ale podle z\u00e1kona se na  n\u011bj hled\u00ed, jako \u017ee je nevinn\u00fd a \u017ee nic nesp\u00e1chal, a soud to mus\u00ed  respektovat, \u0159\u00edk\u00e1 v rozhovoru pro <a href=\"http:\/\/www.tyden.cz\/rubriky\/domaci\/politika\/marvanova-klaus-vzal-lidem-nadeji-ze-stat-bojuje-s-podvodniky_257332.html\" target=\"_blank\">\u010dasopis T\u00fdden<\/a>.  A dod\u00e1v\u00e1:\u00a0n\u011bkte\u0159\u00ed z po\u0161kozen\u00fdch u\u017e \u0161anci na civiln\u00ed \u0159\u00edzen\u00ed ztratili  definitivn\u011b. &#8222;Pokud se zastav\u00ed kauza, kde po\u0161kozen\u00ed \u017e\u00e1daj\u00ed n\u00e1hradu  \u0161kody, a nebylo pravomocn\u011b rozhodnuto,\u00a0znemo\u017e\u0148uje se po\u0161kozen\u00fdm domoci  se n\u00e1hrady \u0161kody. V civiln\u00edm \u0159\u00edzen\u00ed u\u017e n\u00e1roky uplatnit nemohou, proto\u017ee  jsou proml\u010den\u00e9,&#8220; uvedla pro den\u00edk Insider.<\/p>\n<p>Ladislav Jakl se rovn\u011b\u017e domn\u00edv\u00e1, \u017ee kritiku prezidentova kroku \u017eiv\u00ed  m\u00e9dia. &#8222;Kdyby ud\u011blal Klaus cokoli, je to jako by stiskl knofl\u00edk k  hysterick\u00e9 reakci. Jsou lid\u00e9, kte\u0159\u00ed jsou velmi krvela\u010dn\u00ed a nech\u00e1vaj\u00ed si  vym\u00fdvat hlavu od m\u00e9di\u00ed. Ti p\u0159em\u00fd\u0161liv\u011bj\u0161\u00ed, kte\u0159\u00ed si p\u0159e\u010dtou text  amnestie, co\u017e m\u00e1lokdo ud\u011blal, s n\u00ed probl\u00e9m nemaj\u00ed.&#8220;<\/p>\n<p>Jakl znovu zopakoval argument, \u017ee dlouhotrvaj\u00edc\u00ed kauzy u\u017e nem\u011bly  \u017e\u00e1dnou \u0161anci na spravedliv\u00e9 \u0159e\u0161en\u00ed. &#8222;U kauz trvaj\u00edc\u00edch dlouh\u00e1 l\u00e9ta se  sni\u017euje pravd\u011bpodobnost, \u017ee bude nalezena pravda a zvy\u0161uje se  pravd\u011bpodobnost, \u017ee zni\u010d\u00edte konkr\u00e9tn\u00ed \u017eivoty. Tito lid\u00e9 jsou nevinn\u00ed,  nemohou za zdlouhavou soudn\u00ed ma\u0161inerii. Je mo\u017en\u00e9 n\u011bkomu ni\u010dit \u017eivot  10\u201315 let bez toho, aby se do\u010dkal rozsudku?&#8220; Jakl op\u011bt pouk\u00e1zal  na\u00a0judik\u00e1t\u00a0Evropsk\u00e9ho soudu pro lidsk\u00e1 pr\u00e1va, podle n\u011bho\u017e \u0159\u00edzen\u00ed  trvaj\u00edc\u00ed d\u00e9le ne\u017e \u0161est let\u00a0ji\u017e\u00a0nelze tolerovat. Tuto argumentaci u\u017e ale  zpochybnilo n\u011bkolik pr\u00e1vn\u00edk\u016f. Mezi jin\u00fdmi i Wagnerov\u00e1. Podle n\u00ed je t\u0159eba  ka\u017ed\u00fd p\u0159\u00edpad \u0159e\u0161it individu\u00e1ln\u011b.<\/p>\n<div id=\"contentPart_297312\">\n<div>\n<h4>Eli\u0161ka WAGNEROV\u00c1, b\u00fdval\u00e1 \u00fastavn\u00ed soudkyn\u011b, sen\u00e1torka \/nestran\u00edk\/<\/h4>\n<p>&#8222;Pan Jakl je nezn\u00e1lek\u00a0a ignorant, kter\u00fd neum\u00ed \u010d\u00edst \u00fastavn\u00ed n\u00e1lezy. A  jestli takto pracovala cel\u00e1 ta &#8218;velk\u00e1 skupina&#8216; dvou poradc\u016f, tak pak to  nemohlo dopadnout jinak, ne\u017e to dopadlo. On dezinterpretuje n\u00e1lezy, a to  m\u011b pobu\u0159uje.&#8220;<\/p><\/div>\n<\/div>\n<p><strong>Jakl: Nen\u00ed mo\u017en\u00e9, aby se zastavily korup\u010dn\u00ed kauzy. Je u nich sazba 12 let<\/strong><\/p>\n<p>P\u0159esto\u017ee amnestie prezidenta republiky z\u0159ejm\u011b zastav\u00ed z\u00e1va\u017en\u00e9 kauzy  t\u00fdkaj\u00edc\u00ed se korupce a hospod\u00e1\u0159sk\u00e9 kriminality, Jakl znovu zopakoval, \u017ee  \u017e\u00e1dn\u00fdch korup\u010dn\u00edch kauz se amnestie net\u00fdk\u00e1. &#8222;Nen\u00ed mo\u017en\u00e9, \u017ee by se touto  amnesti\u00ed zastavily korup\u010dn\u00ed kauzy. U nich je sazba a\u017e do 12 let.  Nedostanou se ven ani pachatel\u00e9 n\u00e1siln\u00e9 \u010dinnosti,&#8220; uvedl.<\/p>\n<p>U\u017e 6 145 lid\u00ed v r\u00e1mci prezidentsk\u00e9 amnestie opustilo v\u011bznice. Soudci  te\u010f pracuj\u00ed na zastaven\u00ed kauz, kter\u00e9 se t\u00e1hnou v\u00edc ne\u017e osm let a trestn\u00ed  sazby jsou u nich do deseti let. Pr\u00e1v\u011b proti tomuto \u010dl\u00e1nku amnestie se  stav\u00ed n\u011bkte\u0159\u00ed sen\u00e1to\u0159i. Od \u00dastavn\u00edho soudu cht\u011bj\u00ed, aby ho zru\u0161il.  Protestuj\u00ed i \u0161koly a \u00fa\u0159ady &#8211; ze zd\u00ed sund\u00e1vaj\u00ed portr\u00e9ty V\u00e1clava Klause.<\/p>\n<p>Prezident v\u010dera k amnestii uvedl, \u017ee rozhodnut\u00ed rozhodn\u011b nelituje.  Z\u00e1rove\u0148\u00a0pop\u0159el, \u017ee cht\u011bl amnesti\u00ed pomoci konkr\u00e9tn\u00edm lidem. &#8222;To rezolutn\u011b  odm\u00edt\u00e1m a ur\u00e1\u017e\u00ed m\u011b to,&#8220; prohl\u00e1sil.<\/p>\n<div id=\"contentPart_297330\">\n<div>\n<div><img decoding=\"async\" style=\"margin-top: 0px;\" src=\"http:\/\/img9.ct24.cz\/cache\/616x347\/article\/43\/4271\/427070.jpg\" alt=\" \" \/><\/p>\n<div><\/div>\n<\/div>\n<\/div>\n<\/div>\n<div id=\"contentPart_297306\">\n<div>\n<p><strong>Ladislav Jakl:<\/strong><\/p>\n<p><em>&#8222;Hlavy vychladnou, a\u017e se zjist\u00ed, \u017ee t\u011bch velk\u00fdch jmen, kter\u00e1 n\u00e1m otloukaj\u00ed m\u00e9dia o hlavu, se to v\u016fbec net\u00fdk\u00e1.&#8220; <\/em><\/p>\n<p><a href=\"http:\/\/www.ceskatelevize.cz\/ct24\/domaci\/210018-amnestie-ochrani-obeti-pred-hamiznymi-advokaty-tvrdi-jakl\/\" target=\"_blank\">Zdroj a video<\/a><em><br \/>\n<\/em><\/div>\n<\/div>\n","protected":false},"excerpt":{"rendered":"<p>Praha &#8211; Ladislav Jakl, \u0159editel politick\u00e9ho odboru Kancel\u00e1\u0159e prezidenta republiky, odm\u00edtl v Interview \u010cT24 kritiku prezidentovy amnestie nov\u00fdm ne\u010dekan\u00fdm argumentem. N\u00e1mitka, \u017ee kv\u016fli amnestii p\u0159i\u0161li po\u0161kozen\u00ed o mo\u017enost dom\u00e1hat se od\u0161kodn\u00e9ho, je podle n\u011bj lich\u00e1. Na vin\u011b jsou advok\u00e1ti, tvrd\u00ed. &#8222;Kolem n\u00e1s \u017eije mnoho advok\u00e1t\u016f &#8211; a advok\u00e1tek, kte\u0159\u00ed se ji\u017e patn\u00e1ct let \u017eiv\u00ed t\u00edm, [&hellip;]<\/p>\n","protected":false},"author":1,"featured_media":0,"comment_status":"open","ping_status":"open","sticky":false,"template":"","format":"standard","meta":{"ngg_post_thumbnail":0,"footnotes":""},"categories":[13,12],"tags":[],"class_list":["post-3399","post","type-post","status-publish","format-standard","hentry","category-rozhovory","category-video"],"_links":{"self":[{"href":"https:\/\/www.ladislavjakl.cz\/index.php?rest_route=\/wp\/v2\/posts\/3399","targetHints":{"allow":["GET"]}}],"collection":[{"href":"https:\/\/www.ladislavjakl.cz\/index.php?rest_route=\/wp\/v2\/posts"}],"about":[{"href":"https:\/\/www.ladislavjakl.cz\/index.php?rest_route=\/wp\/v2\/types\/post"}],"author":[{"embeddable":true,"href":"https:\/\/www.ladislavjakl.cz\/index.php?rest_route=\/wp\/v2\/users\/1"}],"replies":[{"embeddable":true,"href":"https:\/\/www.ladislavjakl.cz\/index.php?rest_route=%2Fwp%2Fv2%2Fcomments&post=3399"}],"version-history":[{"count":2,"href":"https:\/\/www.ladislavjakl.cz\/index.php?rest_route=\/wp\/v2\/posts\/3399\/revisions"}],"predecessor-version":[{"id":3401,"href":"https:\/\/www.ladislavjakl.cz\/index.php?rest_route=\/wp\/v2\/posts\/3399\/revisions\/3401"}],"wp:attachment":[{"href":"https:\/\/www.ladislavjakl.cz\/index.php?rest_route=%2Fwp%2Fv2%2Fmedia&parent=3399"}],"wp:term":[{"taxonomy":"category","embeddable":true,"href":"https:\/\/www.ladislavjakl.cz\/index.php?rest_route=%2Fwp%2Fv2%2Fcategories&post=3399"},{"taxonomy":"post_tag","embeddable":true,"href":"https:\/\/www.ladislavjakl.cz\/index.php?rest_route=%2Fwp%2Fv2%2Ftags&post=3399"}],"curies":[{"name":"wp","href":"https:\/\/api.w.org\/{rel}","templated":true}]}}