{"id":3402,"date":"2013-01-15T14:28:42","date_gmt":"2013-01-15T13:28:42","guid":{"rendered":"http:\/\/www.ladislavjakl.cz\/?p=3402"},"modified":"2013-01-15T14:28:42","modified_gmt":"2013-01-15T13:28:42","slug":"heger-na-hrad","status":"publish","type":"post","link":"https:\/\/www.ladislavjakl.cz\/?p=3402","title":{"rendered":"Heger na Hrad!"},"content":{"rendered":"<p>Do fin\u00e1le prezidentsk\u00fdch voleb postoupil p\u0159edseda  strany TOP 09 Schwarzenberg. Co\u017e o to, po Kalouskovi je to asi  nejviditeln\u011bj\u0161\u00ed figura t\u00e9to strany a pozornost si jist\u011b zaslou\u017e\u00ed.<\/p>\n<p><!--more--><\/p>\n<div>\n<p>V\u00a0jeho st\u00ednu ale v\u00a0TOP 09  poctiv\u011b pracuje \u010dlov\u011bk, p\u0159ed jeho\u017e sm\u011bl\u00fdmi pl\u00e1ny blednou nejen c\u00edle obou  prezidentsk\u00fdch finalist\u016f, ale i v\u0161ech prezident\u016f v\u00a0historii cel\u00e9ho  sv\u011bta. T\u00edm skromn\u00fdm mu\u017eem je ministr zdravotnictv\u00ed Heger.<\/p>\n<p>To je ten \u010dlov\u011bk, kter\u00fd by si zaslou\u017eil post nejvy\u0161\u0161\u00ed. Nejen post  prezidenta republiky, ale nejl\u00e9pe \u0159editele cel\u00e9 zem\u011bkoule a  s\u00a0absolutn\u00edmi pravomocemi. Teprve pak by mohl realizovat sv\u00e9 ambici\u00f3zn\u00ed  projekty, kter\u00e9 z\u00a0lidstva u\u010din\u00ed nav\u017edy \u0161\u0165astn\u00e9 a zdrav\u00e9 pokolen\u00ed.<\/p>\n<p>P\u0159ed ned\u00e1vnem unikl na ve\u0159ejnost jeden mal\u00fd st\u0159\u00edpek jeho  prezidentsk\u00e9ho programu, se kter\u00fdm se, bohu\u017eel, pan Heger ze sv\u00e9  skromnosti rozhodl je\u0161t\u011b p\u011bt let po\u010dkat a d\u00e1t zat\u00edm p\u0159ednost sv\u00e9mu  star\u0161\u00edmu stranick\u00e9mu kolegovi. T\u00edm st\u0159\u00edpkem je n\u00e1vrh, aby v\u00a0ka\u017ed\u00e9  hospod\u011b povinn\u011b pod\u00e1vali alespo\u0148 jeden nealkoholick\u00fd n\u00e1poj levn\u011bj\u0161\u00ed ne\u017e  pivo.<\/p>\n<p>Je to velmi moudr\u00e9 a promy\u0161len\u00e9 opat\u0159en\u00ed. Jeho autor dob\u0159e v\u00ed, \u017ee  lid\u00e9 jsou spo\u0159iv\u00ed a \u010dasto si huntuj\u00ed sv\u00e9 vlastn\u00ed zdrav\u00ed jen proto, aby  u\u0161et\u0159ili. Pan Heger si ale v\u00e1\u017e\u00ed jejich zdrav\u00ed v\u00edc ne\u017e oni sami, a tak je  chce citlivou cenovou politikou dov\u00e9st k \u017eivotu zdrav\u011bj\u0161\u00edmu.<\/p>\n<p>Pou\u017eil jsem sv\u00e9 tajn\u00e9 v\u00fdzv\u011bdn\u00e9 n\u00e1stroje a poda\u0159ilo se mi objevit  zbytek jeho volebn\u00edho programu. A proto\u017ee nejsem lakom\u00fd, pod\u011bl\u00edm se  s\u00a0v\u00e1mi o jeho n\u011bkter\u00e9 zaj\u00edmav\u00e9 n\u00e1m\u011bty. Pan Heger toti\u017e nez\u016fstal jen u  piva a limon\u00e1d.<\/p>\n<p>Dal\u0161\u00edm z bod\u016f programu je, aby alespo\u0148 jeden kvalitn\u00ed stejk na  j\u00eddeln\u00edm l\u00edstku byl levn\u011bj\u0161\u00ed ne\u017e nezdrav\u00fd gothaj. Aby alespo\u0148 jedna  kvalitn\u00ed whisky byla levn\u011bj\u0161\u00ed ne\u017e buhv\u00edz\u010dehodestilovan\u00fd tuzem\u00e1k. Aby  alespo\u0148 jedno zdrav\u00e9 francouzsk\u00e9 v\u00edno bylo levn\u011bj\u0161\u00ed ne\u017e sklepmistr a  cechovn\u00ed poh\u00e1r.<\/p>\n<p>Jen\u017ee pan ministr nez\u016fstal jen u restaurac\u00ed a v\u00a0dal\u0161\u00edm \u010dl\u00e1nku sv\u00e9ho  projektu se v\u011bnuje v\u0161em obchod\u016fm. Zde po\u017eaduje, aby alespo\u0148 jeden druh  celozrnn\u00e9ho chleba byl levn\u011bj\u0161\u00ed ne\u017e rohl\u00edk. V\u00a0odd\u011blen\u00ed elektroniky mus\u00ed  b\u00fdt alespo\u0148 jedna \u0161pi\u010dkov\u00e1 audio souprava levn\u011bj\u0161\u00ed ne\u017e ty u\u0159van\u00e9 za p\u00e1r  tis\u00edc, co v\u00e1m akor\u00e1t odd\u011blaj\u00ed sluch. Ple\u0161at\u00ed (jako j\u00e1) budou m\u00edt slevu  na \u010depice, aby nenastydli.<\/p>\n<p>I do ulic nech\u00e1 pan Heger vtrhnout sv\u00e9 dobro. Hanb\u00e1\u0159i budou m\u00edt ve  Sme\u010dk\u00e1ch slevu na inteligentn\u00ed a vzd\u011blan\u00e9 prostitutky, z\u00a0nich\u017e aspo\u0148  jedna mus\u00ed b\u00fdt levn\u011bj\u0161\u00ed ne\u017e nejv\u011bt\u0161\u00ed sexbomba v\u00a0t\u00fdmu, kter\u00e1 neum\u00ed o  zdrav\u00e9m stylu \u017eivota \u0159\u00edct ani b\u00e9.<\/p>\n<p>Alespo\u0148 jedna dovolen\u00e1 u mo\u0159e mus\u00ed b\u00fdt levn\u011bj\u0161\u00ed ne\u017e pouh\u00e1 proch\u00e1zka  do lesa na houby. Tax\u00edky budou levn\u011bj\u0161\u00ed ne\u017e tramvaje i vlaky, kde stejn\u011b  lid\u00e9 \u010dast\u011bji chyt\u00ed tak leda ch\u0159ipku ne\u017e dal\u0161\u00ed spoj.<\/p>\n<p>Nejlevn\u011bj\u0161\u00ed bude zdrav\u00fd rozum. Pan Heger spr\u00e1vn\u011b pochopil, \u017ee jinak  ho valn\u00e1 \u010d\u00e1st lid\u00ed nech\u00e1 le\u017eet v\u00a0reg\u00e1lu a\u00a0 m\u00edsto n\u011bj si koup\u00ed dne\u0161n\u00ed  noviny.<\/p>\n<p><a href=\"http:\/\/jakl.blog.idnes.cz\/c\/316078\/Heger-na-Hrad.html\" target=\"_blank\">Zdroj<\/a><\/div>\n","protected":false},"excerpt":{"rendered":"<p>Do fin\u00e1le prezidentsk\u00fdch voleb postoupil p\u0159edseda strany TOP 09 Schwarzenberg. Co\u017e o to, po Kalouskovi je to asi nejviditeln\u011bj\u0161\u00ed figura t\u00e9to strany a pozornost si jist\u011b zaslou\u017e\u00ed.<\/p>\n","protected":false},"author":1,"featured_media":0,"comment_status":"open","ping_status":"open","sticky":false,"template":"","format":"standard","meta":{"ngg_post_thumbnail":0,"footnotes":""},"categories":[10],"tags":[],"class_list":["post-3402","post","type-post","status-publish","format-standard","hentry","category-zlehka"],"_links":{"self":[{"href":"https:\/\/www.ladislavjakl.cz\/index.php?rest_route=\/wp\/v2\/posts\/3402","targetHints":{"allow":["GET"]}}],"collection":[{"href":"https:\/\/www.ladislavjakl.cz\/index.php?rest_route=\/wp\/v2\/posts"}],"about":[{"href":"https:\/\/www.ladislavjakl.cz\/index.php?rest_route=\/wp\/v2\/types\/post"}],"author":[{"embeddable":true,"href":"https:\/\/www.ladislavjakl.cz\/index.php?rest_route=\/wp\/v2\/users\/1"}],"replies":[{"embeddable":true,"href":"https:\/\/www.ladislavjakl.cz\/index.php?rest_route=%2Fwp%2Fv2%2Fcomments&post=3402"}],"version-history":[{"count":1,"href":"https:\/\/www.ladislavjakl.cz\/index.php?rest_route=\/wp\/v2\/posts\/3402\/revisions"}],"predecessor-version":[{"id":3403,"href":"https:\/\/www.ladislavjakl.cz\/index.php?rest_route=\/wp\/v2\/posts\/3402\/revisions\/3403"}],"wp:attachment":[{"href":"https:\/\/www.ladislavjakl.cz\/index.php?rest_route=%2Fwp%2Fv2%2Fmedia&parent=3402"}],"wp:term":[{"taxonomy":"category","embeddable":true,"href":"https:\/\/www.ladislavjakl.cz\/index.php?rest_route=%2Fwp%2Fv2%2Fcategories&post=3402"},{"taxonomy":"post_tag","embeddable":true,"href":"https:\/\/www.ladislavjakl.cz\/index.php?rest_route=%2Fwp%2Fv2%2Ftags&post=3402"}],"curies":[{"name":"wp","href":"https:\/\/api.w.org\/{rel}","templated":true}]}}