{"id":3409,"date":"2013-01-15T14:33:22","date_gmt":"2013-01-15T13:33:22","guid":{"rendered":"http:\/\/www.ladislavjakl.cz\/?p=3409"},"modified":"2013-01-15T14:33:22","modified_gmt":"2013-01-15T13:33:22","slug":"l-jakl-na-radiozurnalu-7-ledna-snimani-prezidentovych-obrazu-na-skolach-je-vzkazem-detem-ze-sveho-ucitele-nemuseji-poslouchat-kdyz-s-nim-nebudou-souhlasit","status":"publish","type":"post","link":"https:\/\/www.ladislavjakl.cz\/?p=3409","title":{"rendered":"L. Jakl na Radio\u017eurn\u00e1lu 7. ledna: sn\u00edm\u00e1n\u00ed prezidentov\u00fdch obraz\u016f na \u0161kol\u00e1ch je vzkazem d\u011btem, \u017ee sv\u00e9ho u\u010ditele nemusej\u00ed poslouchat, kdy\u017e s n\u00edm nebudou souhlasit"},"content":{"rendered":"<p>Audio uvnit\u0159 \u010dl\u00e1nku.<\/p>\n<p><!--more--><\/p>\n<p>Audio <a href=\"http:\/\/prehravac.rozhlas.cz\/audio\/2802299\" target=\"_blank\">ZDE<\/a> L.J. v \u010dase 17:15<\/p>\n","protected":false},"excerpt":{"rendered":"<p>Audio uvnit\u0159 \u010dl\u00e1nku.<\/p>\n","protected":false},"author":1,"featured_media":0,"comment_status":"open","ping_status":"open","sticky":false,"template":"","format":"standard","meta":{"ngg_post_thumbnail":0,"footnotes":""},"categories":[13],"tags":[],"class_list":["post-3409","post","type-post","status-publish","format-standard","hentry","category-rozhovory"],"_links":{"self":[{"href":"https:\/\/www.ladislavjakl.cz\/index.php?rest_route=\/wp\/v2\/posts\/3409","targetHints":{"allow":["GET"]}}],"collection":[{"href":"https:\/\/www.ladislavjakl.cz\/index.php?rest_route=\/wp\/v2\/posts"}],"about":[{"href":"https:\/\/www.ladislavjakl.cz\/index.php?rest_route=\/wp\/v2\/types\/post"}],"author":[{"embeddable":true,"href":"https:\/\/www.ladislavjakl.cz\/index.php?rest_route=\/wp\/v2\/users\/1"}],"replies":[{"embeddable":true,"href":"https:\/\/www.ladislavjakl.cz\/index.php?rest_route=%2Fwp%2Fv2%2Fcomments&post=3409"}],"version-history":[{"count":1,"href":"https:\/\/www.ladislavjakl.cz\/index.php?rest_route=\/wp\/v2\/posts\/3409\/revisions"}],"predecessor-version":[{"id":3410,"href":"https:\/\/www.ladislavjakl.cz\/index.php?rest_route=\/wp\/v2\/posts\/3409\/revisions\/3410"}],"wp:attachment":[{"href":"https:\/\/www.ladislavjakl.cz\/index.php?rest_route=%2Fwp%2Fv2%2Fmedia&parent=3409"}],"wp:term":[{"taxonomy":"category","embeddable":true,"href":"https:\/\/www.ladislavjakl.cz\/index.php?rest_route=%2Fwp%2Fv2%2Fcategories&post=3409"},{"taxonomy":"post_tag","embeddable":true,"href":"https:\/\/www.ladislavjakl.cz\/index.php?rest_route=%2Fwp%2Fv2%2Ftags&post=3409"}],"curies":[{"name":"wp","href":"https:\/\/api.w.org\/{rel}","templated":true}]}}