{"id":3411,"date":"2013-01-17T11:02:55","date_gmt":"2013-01-17T10:02:55","guid":{"rendered":"http:\/\/www.ladislavjakl.cz\/?p=3411"},"modified":"2013-01-17T11:02:55","modified_gmt":"2013-01-17T10:02:55","slug":"jakl-na-radiozurnalu-10-ledna-rychetsky-kritizuje-amnestii-a-sam-ma-maslo-na-hlave","status":"publish","type":"post","link":"https:\/\/www.ladislavjakl.cz\/?p=3411","title":{"rendered":"Jakl na Radio\u017eurn\u00e1lu 10. ledna: Rychetsk\u00fd kritizuje amnestii a s\u00e1m m\u00e1 m\u00e1slo na hlav\u011b"},"content":{"rendered":"<p>Audio uvnit\u0159 \u010dl\u00e1nku.<\/p>\n<p><!--more-->Z\u00e1znam si m\u016f\u017eete poslechnout <a href=\"http:\/\/www.rozhlas.cz\/default\/default\/player-simple.php?file=http%3A%2F%2Fstatic.rozhlas.cz%2Fnews%2Fradiozurnal%2F2013%2F01%2F10%2F120000.mp3\" target=\"_blank\">ZDE<\/a> (\u010das z\u00e1znamu 16:10).<\/p>\n","protected":false},"excerpt":{"rendered":"<p>Audio uvnit\u0159 \u010dl\u00e1nku.<\/p>\n","protected":false},"author":1,"featured_media":0,"comment_status":"open","ping_status":"open","sticky":false,"template":"","format":"standard","meta":{"ngg_post_thumbnail":0,"footnotes":""},"categories":[13],"tags":[],"class_list":["post-3411","post","type-post","status-publish","format-standard","hentry","category-rozhovory"],"_links":{"self":[{"href":"https:\/\/www.ladislavjakl.cz\/index.php?rest_route=\/wp\/v2\/posts\/3411","targetHints":{"allow":["GET"]}}],"collection":[{"href":"https:\/\/www.ladislavjakl.cz\/index.php?rest_route=\/wp\/v2\/posts"}],"about":[{"href":"https:\/\/www.ladislavjakl.cz\/index.php?rest_route=\/wp\/v2\/types\/post"}],"author":[{"embeddable":true,"href":"https:\/\/www.ladislavjakl.cz\/index.php?rest_route=\/wp\/v2\/users\/1"}],"replies":[{"embeddable":true,"href":"https:\/\/www.ladislavjakl.cz\/index.php?rest_route=%2Fwp%2Fv2%2Fcomments&post=3411"}],"version-history":[{"count":1,"href":"https:\/\/www.ladislavjakl.cz\/index.php?rest_route=\/wp\/v2\/posts\/3411\/revisions"}],"predecessor-version":[{"id":3412,"href":"https:\/\/www.ladislavjakl.cz\/index.php?rest_route=\/wp\/v2\/posts\/3411\/revisions\/3412"}],"wp:attachment":[{"href":"https:\/\/www.ladislavjakl.cz\/index.php?rest_route=%2Fwp%2Fv2%2Fmedia&parent=3411"}],"wp:term":[{"taxonomy":"category","embeddable":true,"href":"https:\/\/www.ladislavjakl.cz\/index.php?rest_route=%2Fwp%2Fv2%2Fcategories&post=3411"},{"taxonomy":"post_tag","embeddable":true,"href":"https:\/\/www.ladislavjakl.cz\/index.php?rest_route=%2Fwp%2Fv2%2Ftags&post=3411"}],"curies":[{"name":"wp","href":"https:\/\/api.w.org\/{rel}","templated":true}]}}