{"id":3413,"date":"2013-01-17T11:05:04","date_gmt":"2013-01-17T10:05:04","guid":{"rendered":"http:\/\/www.ladislavjakl.cz\/?p=3413"},"modified":"2013-01-17T11:05:04","modified_gmt":"2013-01-17T10:05:04","slug":"na-hrad-voli-vic-lidi-nez-do-kraje-lituji-osobnosti-z-karlovarska","status":"publish","type":"post","link":"https:\/\/www.ladislavjakl.cz\/?p=3413","title":{"rendered":"Na Hrad vol\u00ed v\u00edc lid\u00ed ne\u017e do kraje, lituj\u00ed osobnosti z Karlovarska"},"content":{"rendered":"<p>I v Karlovarsk\u00e9m kraji z\u00edskali v prezidentsk\u00fdch volb\u00e1ch nejv\u00edce hlas\u016f Milo\u0161 Zeman a Karel Schwarzenberg, stejn\u011b jako na republikov\u00e9 \u00farovni. V\u00fdsledky voleb v regionu pro MF DNES zhodnotili st\u0159edo\u0161kolsk\u00fd u\u010ditel, historik a chebsk\u00fd zastupitel.<\/p>\n<p><!--more--> Znovu se uk\u00e1zalo, jak velk\u00e9 jsou rozd\u00edly v n\u00e1lad\u011b voli\u010d\u016f v  pravicov\u011bj\u0161\u00edm krajsk\u00e9m m\u011bst\u011b a v levicov\u011bj\u0161\u00edm &#8222;zbytku&#8220; regionu.  P\u0159edseda TOP 09 Karel Schwarzenberg bodoval u lid\u00ed v Karlov\u00fdch Varech a  na Karlovarsku, kde p\u0159ekvapiv\u011b porazil v\u0161echny konkurenty.<\/p>\n<p>Milo\u0161  Zeman, zn\u00e1m\u00fd hlavn\u011b jako b\u00fdval\u00fd \u0161\u00e9f \u010cSSD, zase bral nejv\u00edce hlas\u016f na  Chebsku a Sokolovsku. V t\u011bchto dvou okresech Schwarzenberg naopak jasn\u011b  propadl a skon\u010dil a\u017e \u010dtvrt\u00fd.<\/p>\n<p><a href=\"http:\/\/produkty.topkontakt.idnes.cz\/p\/rozhodli-jste-se-podnikat-v-nasem-kraji-nevahejte-a-navstivte-nas-10834277\/10834277?rtype=V&amp;rmain=7864315&amp;ritem=10834277&amp;rclanek=14090128&amp;rslovo=427948&amp;showdirect=1\" target=\"_blank\">Kraj<\/a> tradi\u010dn\u011b zaostal ve volebn\u00ed \u00fa\u010dasti. K urn\u00e1m v p\u00e1tek a v sobotu p\u0159i\u0161lo  52,35 procenta voli\u010d\u016f. Nejm\u00e9n\u011b ze v\u0161ech region\u016f. Je to o t\u00e9m\u011b\u0159 deset  procent ni\u017e\u0161\u00ed \u010d\u00edslo ne\u017e \u010din\u00ed republikov\u00fd pr\u016fm\u011br.<\/p>\n<h3 id=\"--stredoskolskeho-profesora-zarazi-nizka-volebni-ucast\">St\u0159edo\u0161kolsk\u00e9ho profesora zar\u00e1\u017e\u00ed n\u00edzk\u00e1 volebn\u00ed \u00fa\u010dast<\/h3>\n<p>Vladim\u00edra Bru\u017ee\u0148\u00e1ka v\u00fdsledky 1. kola prezidentsk\u00fdch voleb v Karlovarsk\u00e9m kraji\u00a0pom\u011brn\u011b p\u0159\u00edjemn\u011b p\u0159ekvapily.<\/p>\n<div>\n<div><a href=\"http:\/\/vary.idnes.cz\/foto.aspx?foto1=SLV488aea_095206_544460.jpg\" target=\"ifotozoom\"><img loading=\"lazy\" decoding=\"async\" title=\"St\u0159edo\u0161kolsk\u00fd profesor Vladim\u00edr Bru\u017ee\u0148\u00e1k.\" src=\"http:\/\/oidnes.cz\/13\/012\/sp5\/SLV488aea_095206_544460.jpg\" alt=\"St\u0159edo\u0161kolsk\u00fd profesor Vladim\u00edr Bru\u017ee\u0148\u00e1k.\" width=\"172\" height=\"129\" \/><\/a><\/div>\n<div>St\u0159edo\u0161kolsk\u00fd u\u010ditel Vladim\u00edr Bru\u017ee\u0148\u00e1k.<\/div>\n<\/div>\n<p>&#8222;Jsem  voli\u010dem pana Schwarzenberga, ne\u010dekal jsem v\u0161ak, \u017ee bude m\u00edt tento  kandid\u00e1t v na\u0161em kraji takovou podporu, \u017ee skon\u010d\u00ed druh\u00fd se <a href=\"http:\/\/produkty.topkontakt.idnes.cz\/p\/jak-uspesne-ridit-firmu\/11068066?rtype=V&amp;rmain=7849187&amp;ritem=11068066&amp;rclanek=14090128&amp;rslovo=428673&amp;showdirect=1\" target=\"_blank\">ziskem<\/a> dvaceti procent hlas\u016f, nebo\u0165 Karlovarsk\u00fd kraj vn\u00edm\u00e1m jako kraj zam\u011b\u0159en sp\u00ed\u0161e levicov\u011b, co\u017e\u00a0dokl\u00e1d\u00e1 v\u00fdhra Milo\u0161e Zemana v <a href=\"http:\/\/produkty.topkontakt.idnes.cz\/p\/nova-televize-vybirejte-podle-vysledku-nezavisleho-testu\/10931392?rtype=V&amp;rmain=7838525&amp;ritem=10931392&amp;rclanek=14090128&amp;rslovo=434630&amp;showdirect=1\" target=\"_blank\">cel\u00e9m<\/a> kraji,&#8220; podotkl st\u0159edo\u0161kolsk\u00fd u\u010ditel.<\/p>\n<p>O  mnoho m\u00e9n\u011b\u00a0ho t\u011b\u0161\u00ed, \u017ee\u00a0Karlovarsk\u00fd kraj op\u011bt obsadil v procentech  volebn\u00ed \u00fa\u010dasti jedno z posledn\u00edch m\u00edst. &#8222;V\u017edy\u0165 mezi des\u00edtkou obc\u00ed s  nejni\u017e\u0161\u00ed \u00fa\u010dast\u00ed jsou hned t\u0159i obce na Sokolovsku,&#8220; div\u00ed se Bru\u017ee\u0148\u00e1k (<a href=\"http:\/\/vary.idnes.cz\/nizka-volebni-ucast-na-sokolovsku-d5p-\/vary-zpravy.aspx?c=A130113_124544_vary-zpravy_slv\">v\u00edce o n\u00edzk\u00e9 \u00fa\u010dasti \u010dt\u011bte zde<\/a>).<\/p>\n<p>P\u0159ipom\u00edn\u00e1, \u017ee volebn\u00ed \u00fa\u010dast v\u0161ak byla po\u0159\u00e1d vy\u0161\u0161\u00ed ne\u017e u voleb krajsk\u00fdch. Je podle n\u011bho <a href=\"http:\/\/produkty.topkontakt.idnes.cz\/p\/nabidka-autoprislusenstvi-skoda\/3493872?rtype=V&amp;rmain=7859709&amp;ritem=3493872&amp;rclanek=14090128&amp;rslovo=420875&amp;showdirect=1\" target=\"_blank\">\u0161koda<\/a>, \u017ee obyvatele v\u00edce zaj\u00edm\u00e1 volba prezidenta, by\u0165 je jakkoliv d\u016fle\u017eit\u00e1, ne\u017e d\u011bn\u00ed v m\u00edst\u011b, kde \u017eij\u00ed.<\/p>\n<p>&#8222;Ve  druh\u00e9m kole samoz\u0159ejm\u011b op\u011bt podpo\u0159\u00edm sv\u00e9ho kandid\u00e1ta z kola prvn\u00edho,  nebo\u0165 pro mne nep\u0159edstavuje tolik politika sv\u00e1zan\u00e9ho se svou stranou,  ale p\u0159edev\u0161\u00edm slu\u0161n\u00e9ho \u010dlov\u011bka, kter\u00fd m\u00e1 smysl pro humor, je se\u010dt\u011bl\u00fd, v  politice dlouhodob\u011b \u010dinn\u00fd a s prost\u0159ed\u00edm dob\u0159e obezn\u00e1men\u00fd, nesv\u00e1zan\u00fd s  obdob\u00edm komunistick\u00e9 totality, m\u00e1 nadhled a eleganci a mysl\u00edm si, \u017ee  trocha toho \u0161lechtick\u00e9ho \u0161armu dne\u0161n\u00ed plebejsk\u00e9 dob\u011b v\u016fbec neu\u0161kod\u00ed.&#8220;<\/p>\n<h3 id=\"--historik-podobny-vysledek-na-karlovarsku-ocekaval\">Historik podobn\u00fd v\u00fdsledek na Karlovarsku o\u010dek\u00e1val<\/h3>\n<p>Za  p\u0159ekvapiv\u00e9 naopak nepova\u017euje v\u00fdsledky voleb v kraji historik  karlovarsk\u00e9ho muzea Jan Nedv\u011bd.\u00a0&#8222;Zemanovo v\u00edt\u011bzstv\u00ed se dalo o\u010dek\u00e1vat.  Druh\u00e1 pozice, ji\u017e <a href=\"http:\/\/produkty.topkontakt.idnes.cz\/p\/jak-uspesne-ridit-firmu\/11068066?rtype=V&amp;rmain=7849188&amp;ritem=11068066&amp;rclanek=14090128&amp;rslovo=457562&amp;showdirect=1\" target=\"_blank\">z\u00edskal<\/a> Schwarzenberg, tak\u00e9 nen\u00ed ne\u010dekan\u00e1,&#8220; mysl\u00ed si Nedv\u011bd.<\/p>\n<div>\n<div><a href=\"http:\/\/vary.idnes.cz\/foto.aspx?foto1=SLV488ae8_095145_429075.jpg\" target=\"ifotozoom\"><img loading=\"lazy\" decoding=\"async\" title=\"Jan Nedv\u011bd, historik karlovarsk\u00e9ho muzea.\" src=\"http:\/\/oidnes.cz\/13\/012\/sp5\/SLV488ae8_095145_429075.jpg\" alt=\"Jan Nedv\u011bd, historik karlovarsk\u00e9ho muzea.\" width=\"172\" height=\"129\" \/><\/a><\/div>\n<div>Jan Nedv\u011bd, historik karlovarsk\u00e9ho muzea.<\/div>\n<\/div>\n<p>Ob\u010dan\u00e9,  kte\u0159\u00ed se d\u011bsili p\u0159\u00edpadn\u00e9ho druh\u00e9ho kola Fischer vs. Zeman, se podle  n\u011bho zformovali a p\u0159edvolebn\u00ed progn\u00f3zy postavili na hlavu.<\/p>\n<p>V Karlovarsk\u00e9m kraji sice Zeman zv\u00edt\u011bzil o t\u0159i procenta, ov\u0161em kn\u00ed\u017ee <a href=\"http:\/\/produkty.topkontakt.idnes.cz\/p\/eagles-jsou-druzi-v-baseballu-2\/11033370?rtype=V&amp;rmain=7862227&amp;ritem=11033370&amp;rclanek=14090128&amp;rslovo=460986&amp;showdirect=1\" target=\"_blank\">vyhr\u00e1l<\/a> v krajsk\u00e9m m\u011bst\u011b. V Sokolov\u011b a Chebu bylo Zemanovo v\u00edt\u011bzstv\u00ed jasn\u011bj\u0161\u00ed, ve Varech Zeman prohr\u00e1l o v\u00edc ne\u017e sedm procent.<\/p>\n<p>V\u00fdsledek tak podle Nedv\u011bda odpov\u00edd\u00e1 i celorepublikov\u00e9 situaci. Volba Zemana, kter\u00fd <a href=\"http:\/\/produkty.topkontakt.idnes.cz\/p\/problemy-pri-reklamaci-zbozi-nebo-sluzeb-dtest-ma-reseni\/10114071?rtype=V&amp;rmain=7838524&amp;ritem=10114071&amp;rclanek=14090128&amp;rslovo=454785&amp;showdirect=1\" target=\"_blank\">spolu<\/a> s Klausem vytvo\u0159il opozi\u010dn\u00ed <a href=\"http:\/\/produkty.topkontakt.idnes.cz\/p\/ohnivzdorny-sejf-pro-dokumenty-sde-52e\/1592528?rtype=V&amp;rmain=0&amp;ritem=1592528&amp;rclanek=14090128&amp;rslovo=423464&amp;showdirect=1\" target=\"_blank\">smlouvu<\/a>, mu d\u00e1v\u00e1 jist\u00fd smysl v souvislosti s nespokojenost\u00ed zejm\u00e9na star\u0161\u00edch voli\u010d\u016f se sou\u010dasnou vl\u00e1dou.<\/p>\n<p>&#8222;Ov\u0161em  nepochopiteln\u00e1 je pro m\u011b skute\u010dnost, \u017ee dali sv\u016fj hlas jednomu z  p\u016fvodc\u016f korup\u010dn\u011b-klientelistick\u00e9ho syst\u00e9mu a n\u00e1sledovn\u00edkovi Klause.  N\u011bkte\u0159\u00ed mlad\u00ed ob\u010dan\u00e9 dali najevo sv\u016fj vzdor volbou politicky nev\u00fdrazn\u00e9ho  Franze. Osobn\u011b jsem volil Schwarzenberga, kter\u00fd i p\u0159es anga\u017em\u00e1 v  sou\u010dasn\u00e9 vl\u00e1d\u011b p\u0159edstavuje humanistick\u00e9 ide\u00e1ly, kter\u00e9 sd\u00edl\u00edm. Hl\u00e1s\u00ed se k  Havlovu odkazu a jeho renom\u00e9 v zahrani\u010d\u00ed je zna\u010dn\u00e9. Tud\u00ed\u017e mou volbou  pro druh\u00e9 kolo bude Karel Schwarzenberg,&#8220; uzav\u0159el Nedv\u011bd.<\/p>\n<h3 id=\"--chebsky-zastupitel-dava-ve-2-kole-prednost-zemanovi\">Chebsk\u00fd zastupitel d\u00e1v\u00e1 ve 2. kole p\u0159ednost Zemanovi<\/h3>\n<p>V\u00e1clava  Jakla, zastupitele m\u011bsta Cheb za Stranu svobodn\u00fdch ob\u010dan\u016f,\u00a0asi nejv\u00edce  p\u0159ekvapily v\u00fdsledky z\u00e1stupce vl\u00e1dnouc\u00ed ODS. Voli\u010di v n\u011bm podle\u00a0Jakla  nena\u0161li z\u00e1sadov\u00e9ho kandid\u00e1ta pravice.<\/p>\n<div>\n<div><a href=\"http:\/\/vary.idnes.cz\/foto.aspx?foto1=SLV488ae7_095047_1462633.jpg\" target=\"ifotozoom\"><img loading=\"lazy\" decoding=\"async\" title=\"V\u00e1clav Jakl, zastupitel m\u011bsta Cheb.\" src=\"http:\/\/oidnes.cz\/13\/012\/sp5\/SLV488ae7_095047_1462633.jpg\" alt=\"V\u00e1clav Jakl, zastupitel m\u011bsta Cheb.\" width=\"172\" height=\"129\" \/><\/a><\/div>\n<div>V\u00e1clav Jakl, zastupitel m\u011bsta Cheb.<\/div>\n<\/div>\n<p>&#8222;Nap\u0159\u00edklad  v Chebu z\u00edskal P\u0159emysl Sobotka jen 231 hlas\u016f. To si mysl\u00edm ani  nezaslou\u017e\u00ed,&#8220; podotkl Jakl. S\u00e1m je bratrem jednoho z nejbli\u017e\u0161\u00edch  spolupracovn\u00edk\u016f dosluhuj\u00edc\u00edho prezidenta, Ladislava Jakla, kter\u00fd tak\u00e9  uva\u017eoval o kandidatu\u0159e.<\/p>\n<p>V\u00fdsledky v Karlovarsk\u00e9m kraji jsou  podobn\u00e9 jako jinde. Tak\u00e9 zde se podle n\u00e1zoru V\u00e1clava Jakla prom\u00edtl  ohromn\u00fd vliv m\u00e9di\u00ed a skupin, kter\u00e9 je ovl\u00e1daj\u00ed.<\/p>\n<p>&#8222;Po neskute\u010dn\u00e9 medi\u00e1ln\u00ed <a href=\"http:\/\/produkty.topkontakt.idnes.cz\/p\/doprejte-si-masaz-v-masaznim-bazenku-primo-ve-vasem-dome\/9940176?rtype=V&amp;rmain=0&amp;ritem=9940176&amp;rclanek=14090128&amp;rslovo=420770&amp;showdirect=1\" target=\"_blank\">mas\u00e1\u017ei<\/a> se jim poda\u0159ilo dostrkat Karla Schwarzenberga, p\u0159edsedu TOP 09 a  m\u00edstop\u0159edsedu vl\u00e1dy, do druh\u00e9ho kola prezidentsk\u00fdch voleb. Jako by se ho  kritika vl\u00e1dy a jeho spolustran\u00edka Kalouska ze strany ob\u010dan\u016f v\u016fbec  net\u00fdkala!&#8220;\u00a0zhodnotil Jakl.<\/p>\n<p>Na druhou stranu podle jeho n\u00e1zoru  voli\u010di z\u0159ejm\u011b ocenili, \u017ee Milo\u0161 Zeman, kter\u00fd z\u00edskal v kraji nejv\u00edc  hlas\u016f, nejezdil do Bruselu \u017e\u00e1dat o radu a nen\u00ed figurou k prosazov\u00e1n\u00ed  ciz\u00edch z\u00e1jm\u016f.<\/p>\n<p>&#8222;Mezi kandid\u00e1ty nebyl prakticky \u017e\u00e1dn\u00fd, kter\u00fd by byl proti bezhlav\u00e9 integraci <a href=\"http:\/\/produkty.topkontakt.idnes.cz\/p\/historie-evropske-unie\/6741925?rtype=V&amp;rmain=7846125&amp;ritem=6741925&amp;rclanek=14090128&amp;rslovo=427967&amp;showdirect=1\" target=\"_blank\">EU<\/a>,  dluhov\u00e9 m\u011bnov\u00e9 unii, p\u0159ijet\u00ed eura, zadlu\u017eov\u00e1n\u00ed a pro zachov\u00e1n\u00ed n\u00e1rodn\u00ed  suverenity. Nakonec jsem volil \u010dlov\u011bka, kter\u00fd v tomto smyslu pro m\u011b  p\u0159edstavuje \u00b4nejmen\u0161\u00ed zlo\u00b4. Mysl\u00edm, \u017ee rozhodne postoj kandid\u00e1ta k  multikulturalismu v Evrop\u011b, k \u00b4humanit\u00e1rn\u00edmu\u00b4 bombardov\u00e1n\u00ed v b\u00fdval\u00e9  Jugosl\u00e1vii, k na\u0161\u00ed n\u00e1rodn\u00ed sv\u00e9bytnosti, a kter\u00fd zn\u00e1 \u010deskou n\u00e1rodn\u00ed  hymnu. Tyto podm\u00ednky v\u00edce spl\u0148uje Milo\u0161 Zeman,&#8220; mysl\u00ed si Jakl.<\/p>\n<p><a href=\"http:\/\/vary.idnes.cz\/hodnoceni-prezidentskych-voleb-v-karlovarskem-kraji-p02-\/vary-zpravy.aspx?c=A130114_114615_vary-zpravy_slv\" target=\"_blank\">Zdroj<\/a><\/p>\n","protected":false},"excerpt":{"rendered":"<p>I v Karlovarsk\u00e9m kraji z\u00edskali v prezidentsk\u00fdch volb\u00e1ch nejv\u00edce hlas\u016f Milo\u0161 Zeman a Karel Schwarzenberg, stejn\u011b jako na republikov\u00e9 \u00farovni. V\u00fdsledky voleb v regionu pro MF DNES zhodnotili st\u0159edo\u0161kolsk\u00fd u\u010ditel, historik a chebsk\u00fd zastupitel.<\/p>\n","protected":false},"author":1,"featured_media":0,"comment_status":"open","ping_status":"open","sticky":false,"template":"","format":"standard","meta":{"ngg_post_thumbnail":0,"footnotes":""},"categories":[11],"tags":[],"class_list":["post-3413","post","type-post","status-publish","format-standard","hentry","category-ozvena"],"_links":{"self":[{"href":"https:\/\/www.ladislavjakl.cz\/index.php?rest_route=\/wp\/v2\/posts\/3413","targetHints":{"allow":["GET"]}}],"collection":[{"href":"https:\/\/www.ladislavjakl.cz\/index.php?rest_route=\/wp\/v2\/posts"}],"about":[{"href":"https:\/\/www.ladislavjakl.cz\/index.php?rest_route=\/wp\/v2\/types\/post"}],"author":[{"embeddable":true,"href":"https:\/\/www.ladislavjakl.cz\/index.php?rest_route=\/wp\/v2\/users\/1"}],"replies":[{"embeddable":true,"href":"https:\/\/www.ladislavjakl.cz\/index.php?rest_route=%2Fwp%2Fv2%2Fcomments&post=3413"}],"version-history":[{"count":2,"href":"https:\/\/www.ladislavjakl.cz\/index.php?rest_route=\/wp\/v2\/posts\/3413\/revisions"}],"predecessor-version":[{"id":3415,"href":"https:\/\/www.ladislavjakl.cz\/index.php?rest_route=\/wp\/v2\/posts\/3413\/revisions\/3415"}],"wp:attachment":[{"href":"https:\/\/www.ladislavjakl.cz\/index.php?rest_route=%2Fwp%2Fv2%2Fmedia&parent=3413"}],"wp:term":[{"taxonomy":"category","embeddable":true,"href":"https:\/\/www.ladislavjakl.cz\/index.php?rest_route=%2Fwp%2Fv2%2Fcategories&post=3413"},{"taxonomy":"post_tag","embeddable":true,"href":"https:\/\/www.ladislavjakl.cz\/index.php?rest_route=%2Fwp%2Fv2%2Ftags&post=3413"}],"curies":[{"name":"wp","href":"https:\/\/api.w.org\/{rel}","templated":true}]}}