{"id":3416,"date":"2013-01-17T11:07:17","date_gmt":"2013-01-17T10:07:17","guid":{"rendered":"http:\/\/www.ladislavjakl.cz\/?p=3416"},"modified":"2013-01-17T11:07:17","modified_gmt":"2013-01-17T10:07:17","slug":"jakl-se-pustil-do-rychetskeho-muze-za-havlovy-amnestie-a-ted-se-utira","status":"publish","type":"post","link":"https:\/\/www.ladislavjakl.cz\/?p=3416","title":{"rendered":"Jakl se pustil do Rychetsk\u00e9ho: M\u016f\u017ee za Havlovy amnestie a te\u010f se ut\u00edr\u00e1"},"content":{"rendered":"<p>P\u0159edseda \u00dastavn\u00edho soudu Pavel Rychetsk\u00fd ozna\u010dil p\u0159\u00edpravu prezidentsk\u00e9  amnestie za diletantstv\u00ed. V rozhovoru pro Radio\u017eurn\u00e1l to tajemn\u00edk  prezidenta Ladislav Jakl ozna\u010dil za hloup\u00fd v\u00fdrok a Rychetsk\u00e9ho pova\u017euje  za alibistu, kter\u00fd m\u00e1 m\u00e1slo na hlav\u011b kv\u016fli amnesti\u00edm V\u00e1clava Havla.<\/p>\n<p><!--more--><\/p>\n<p>Jakl se podivil, \u017ee se Rychetsk\u00fd \u201eut\u00edr\u00e1 do n\u011bkoho jin\u00e9ho\u201c, kdy\u017e s\u00e1m  diletantsky rozhodl o volb\u011b prezidenta republiky, kde kandid\u00e1t m\u00e1 m\u00edt 50  tis\u00edc podpis\u016f a nikdo \u017e\u00e1dn\u00fd podpis nekontroloval.<\/p>\n<h4>Nikde a nikdo nezji\u0161\u0165uje, koho se amnestie t\u00fdk\u00e1<\/h4>\n<p>V\u00fdroky d\u00e1le ozna\u010dil za naprostou hloupost. \u201eNikde, nikdy, nikdo  neuv\u011b\u0159uje a nezji\u0161\u0165uje, koho konkr\u00e9tn\u011b se amnestie t\u00fdk\u00e1. V\u0161ude je  amnestie rozhodov\u00e1na v p\u0159\u00edsn\u011b utajen\u00e9m re\u017eimu,\u201c zd\u016fraznil Jakl.<\/p>\n<p>Pouk\u00e1zal na p\u0159\u00edpady vzpour ve v\u011bznic\u00edch, kdy\u017e se provalilo, \u017ee se  chyst\u00e1 amnestie. \u201eV\u00edte, j\u00e1 nem\u00e1m pana Rychetsk\u00e9ho za diletanta. Ale  napad\u00e1 m\u011b jin\u00e9 vysv\u011btlen\u00ed. P\u0159ece p\u0159edseda \u00daS mus\u00ed v\u011bd\u011bt, \u017ee se p\u0159edem  nem\u016f\u017ee vyjad\u0159ovat ke kauze, kter\u00e1 mu za chv\u00edli skon\u010d\u00ed na stole v podob\u011b  \u00fastavn\u00ed st\u00ed\u017enosti,\u201c mysl\u00ed si Jakl.<\/p>\n<h4>Rychetsk\u00fd m\u00e1 s\u00e1m m\u00e1slo na hlav\u011b za Havlovy amnestie. Alibisticky si objedn\u00e1v\u00e1 vylou\u010den\u00ed<\/h4>\n<p>Rychetsk\u00e9ho tedy ozna\u010dil za alibistu, kter\u00fd si objedn\u00e1v\u00e1 vylou\u010den\u00ed za  podjatost p\u0159i projedn\u00e1v\u00e1n\u00ed \u00fastavn\u00ed st\u00ed\u017enosti. S\u00e1m m\u00e1 pr\u00fd m\u00e1slo na hlav\u011b  za p\u0159\u00edpravu p\u0159edchoz\u00edch amnesti\u00ed V\u00e1clava Havla.<\/p>\n<p><a href=\"http:\/\/www.parlamentnilisty.cz\/zpravy\/Jakl-se-pustil-do-Rychetskeho-Muze-za-Havlovy-amnestie-a-ted-se-utira-259223\" target=\"_blank\">Zdroj<\/a><\/p>\n","protected":false},"excerpt":{"rendered":"<p>P\u0159edseda \u00dastavn\u00edho soudu Pavel Rychetsk\u00fd ozna\u010dil p\u0159\u00edpravu prezidentsk\u00e9 amnestie za diletantstv\u00ed. V rozhovoru pro Radio\u017eurn\u00e1l to tajemn\u00edk prezidenta Ladislav Jakl ozna\u010dil za hloup\u00fd v\u00fdrok a Rychetsk\u00e9ho pova\u017euje za alibistu, kter\u00fd m\u00e1 m\u00e1slo na hlav\u011b kv\u016fli amnesti\u00edm V\u00e1clava Havla.<\/p>\n","protected":false},"author":1,"featured_media":0,"comment_status":"open","ping_status":"open","sticky":false,"template":"","format":"standard","meta":{"ngg_post_thumbnail":0,"footnotes":""},"categories":[11],"tags":[],"class_list":["post-3416","post","type-post","status-publish","format-standard","hentry","category-ozvena"],"_links":{"self":[{"href":"https:\/\/www.ladislavjakl.cz\/index.php?rest_route=\/wp\/v2\/posts\/3416","targetHints":{"allow":["GET"]}}],"collection":[{"href":"https:\/\/www.ladislavjakl.cz\/index.php?rest_route=\/wp\/v2\/posts"}],"about":[{"href":"https:\/\/www.ladislavjakl.cz\/index.php?rest_route=\/wp\/v2\/types\/post"}],"author":[{"embeddable":true,"href":"https:\/\/www.ladislavjakl.cz\/index.php?rest_route=\/wp\/v2\/users\/1"}],"replies":[{"embeddable":true,"href":"https:\/\/www.ladislavjakl.cz\/index.php?rest_route=%2Fwp%2Fv2%2Fcomments&post=3416"}],"version-history":[{"count":1,"href":"https:\/\/www.ladislavjakl.cz\/index.php?rest_route=\/wp\/v2\/posts\/3416\/revisions"}],"predecessor-version":[{"id":3417,"href":"https:\/\/www.ladislavjakl.cz\/index.php?rest_route=\/wp\/v2\/posts\/3416\/revisions\/3417"}],"wp:attachment":[{"href":"https:\/\/www.ladislavjakl.cz\/index.php?rest_route=%2Fwp%2Fv2%2Fmedia&parent=3416"}],"wp:term":[{"taxonomy":"category","embeddable":true,"href":"https:\/\/www.ladislavjakl.cz\/index.php?rest_route=%2Fwp%2Fv2%2Fcategories&post=3416"},{"taxonomy":"post_tag","embeddable":true,"href":"https:\/\/www.ladislavjakl.cz\/index.php?rest_route=%2Fwp%2Fv2%2Ftags&post=3416"}],"curies":[{"name":"wp","href":"https:\/\/api.w.org\/{rel}","templated":true}]}}