{"id":3422,"date":"2013-01-17T11:13:46","date_gmt":"2013-01-17T10:13:46","guid":{"rendered":"http:\/\/www.ladislavjakl.cz\/?p=3422"},"modified":"2013-01-17T11:13:46","modified_gmt":"2013-01-17T10:13:46","slug":"rozhovor-prezidenta-pro-magazin-prava-treti-zivot-vaclava-klause","status":"publish","type":"post","link":"https:\/\/www.ladislavjakl.cz\/?p=3422","title":{"rendered":"Rozhovor prezidenta pro Magaz\u00edn Pr\u00e1va: T\u0159et\u00ed \u017eivot V\u00e1clava Klause"},"content":{"rendered":"<p><strong>Budete n\u011bkde p\u0159i p\u0159edn\u00e1\u0161k\u00e1ch ve Spojen\u00fdch st\u00e1tech nebo v Braz\u00edlii  myslet na to, jak si tady po\u010d\u00edn\u00e1 V\u00e1\u0161 n\u00e1stupce? Budete o to m\u00edt starost?<\/strong><\/p>\n<p style=\"text-indent:35.4pt\"><!--more-->S miniv\u00fdjimkami se t\u00e9  sestavy, kter\u00e1 se o toto m\u00edsto uch\u00e1z\u00ed, jako ob\u010dan &#8211; to zd\u016fraz\u0148uji &#8211;  boj\u00edm. Nev\u00edm, jestli budu m\u00edt s\u00edlu se do toho n\u011bjak my\u0161lenkov\u011b \u201eno\u0159it\u201c.<\/p>\n<p><strong>M\u00e1m tomu rozum\u011bt tak, \u017ee v seznamu prezidentsk\u00fdch kandid\u00e1t\u016f nen\u00ed nikdo, komu byste tento \u00fa\u0159ad s klidem v du\u0161i odevzdal?<\/strong><\/p>\n<p>Nikoho,  u koho bych nev\u00e1hal, nevid\u00edm. Pt\u00e1te-li se na rozd\u00edl mezi pocitem, \u017ee  volbou nastal konec sv\u011bta a mezi n\u011bk\u00fdm, koho bych pova\u017eoval za mo\u017en\u00e9ho,  takov\u00e9 rozli\u0161en\u00ed jsem schopen ud\u011blat. To by m\u011b mohlo motivovat j\u00edt volit  v druh\u00e9m kole, kdy bych si \u0159ekl: To rad\u0161i tenhle ne\u017e ten druh\u00fd.<\/p>\n<p><strong>V prvn\u00edm kole nep\u016fjdete hlasovat?<\/strong><\/p>\n<p>Kdyby  se ho \u00fa\u010dastnil Ladislav Jakl, \u0161el bych mu hodit hlas &#8211; i s v\u011bdom\u00edm, \u017ee  nevyhraje, a \u017ee kdo z koho, se bude rozhodovat ve druh\u00e9m kole.<\/p>\n<p><strong>Jak to tedy vypad\u00e1 s Va\u0161\u00ed podporou Milo\u0161e Zemana?<\/strong><\/p>\n<p>Milo\u0161 Zeman pat\u0159\u00ed bezpochyby mezi ty, u nich\u017e bych si v druh\u00e9m kole \u0159ekl, \u017ee bude lep\u0161\u00ed ne\u017e ten druh\u00fd.<\/p>\n<p>Dana Braunov\u00e1, Magaz\u00edn Pr\u00e1va, 5. ledna 2013<\/p>\n","protected":false},"excerpt":{"rendered":"<p>Budete n\u011bkde p\u0159i p\u0159edn\u00e1\u0161k\u00e1ch ve Spojen\u00fdch st\u00e1tech nebo v Braz\u00edlii myslet na to, jak si tady po\u010d\u00edn\u00e1 V\u00e1\u0161 n\u00e1stupce? Budete o to m\u00edt starost?<\/p>\n","protected":false},"author":1,"featured_media":0,"comment_status":"open","ping_status":"open","sticky":false,"template":"","format":"standard","meta":{"ngg_post_thumbnail":0,"footnotes":""},"categories":[17],"tags":[],"class_list":["post-3422","post","type-post","status-publish","format-standard","hentry","category-jakl-president"],"_links":{"self":[{"href":"https:\/\/www.ladislavjakl.cz\/index.php?rest_route=\/wp\/v2\/posts\/3422","targetHints":{"allow":["GET"]}}],"collection":[{"href":"https:\/\/www.ladislavjakl.cz\/index.php?rest_route=\/wp\/v2\/posts"}],"about":[{"href":"https:\/\/www.ladislavjakl.cz\/index.php?rest_route=\/wp\/v2\/types\/post"}],"author":[{"embeddable":true,"href":"https:\/\/www.ladislavjakl.cz\/index.php?rest_route=\/wp\/v2\/users\/1"}],"replies":[{"embeddable":true,"href":"https:\/\/www.ladislavjakl.cz\/index.php?rest_route=%2Fwp%2Fv2%2Fcomments&post=3422"}],"version-history":[{"count":2,"href":"https:\/\/www.ladislavjakl.cz\/index.php?rest_route=\/wp\/v2\/posts\/3422\/revisions"}],"predecessor-version":[{"id":3424,"href":"https:\/\/www.ladislavjakl.cz\/index.php?rest_route=\/wp\/v2\/posts\/3422\/revisions\/3424"}],"wp:attachment":[{"href":"https:\/\/www.ladislavjakl.cz\/index.php?rest_route=%2Fwp%2Fv2%2Fmedia&parent=3422"}],"wp:term":[{"taxonomy":"category","embeddable":true,"href":"https:\/\/www.ladislavjakl.cz\/index.php?rest_route=%2Fwp%2Fv2%2Fcategories&post=3422"},{"taxonomy":"post_tag","embeddable":true,"href":"https:\/\/www.ladislavjakl.cz\/index.php?rest_route=%2Fwp%2Fv2%2Ftags&post=3422"}],"curies":[{"name":"wp","href":"https:\/\/api.w.org\/{rel}","templated":true}]}}