{"id":3425,"date":"2013-01-17T11:19:01","date_gmt":"2013-01-17T10:19:01","guid":{"rendered":"http:\/\/www.ladislavjakl.cz\/?p=3425"},"modified":"2013-01-17T11:19:01","modified_gmt":"2013-01-17T10:19:01","slug":"roztomila-komunikace-volice-a-sympatizanta-svobodnych-a-jejich-nominanta-na-prezidenta-l-jakla-s-denikem-mlada-fronta","status":"publish","type":"post","link":"https:\/\/www.ladislavjakl.cz\/?p=3425","title":{"rendered":"Roztomil\u00e1 komunikace voli\u010de a sympatizanta Svobodn\u00fdch a jejich nominanta na prezidenta L. Jakla s den\u00edkem Mlad\u00e1 Fronta"},"content":{"rendered":"<p>Novin\u00e1\u0159 den\u00edku Mlad\u00e1 fronta dnes Jan Novotn\u00fd m\u011b prost\u0159ednictv\u00edm SMS po\u017e\u00e1dal, abych komentoval v\u00fdsledky prvn\u00edho kola prezidentsk\u00fdch voleb. Napsal jsem mu toto:<\/p>\n<p><!--more--><strong>L. J.<\/strong>: Prok\u00e1zalo se, \u017ee skute\u010dn\u011b pravicov\u00fd voli\u010d nem\u011bl koho volit. J\u00e1 jsem poprv\u00e9 od r. 90 volit nebyl. Ano, pro ODS je to fiasko. Voli\u010d, pro kter\u00e9ho je svoboda \u010dlov\u011bka prioritou, ji u\u017e asi za pravicovou nepova\u017euje. ODS tak\u00e9 evidentn\u011b prezidentskou volbu v\u016fbec nebrala v\u00e1\u017en\u011b. Co\u017e dokazuje nejen nominace nevoliteln\u00e9ho kandid\u00e1ta, ale i sv\u011btov\u00fd unik\u00e1t: na kongresu ODS dva m\u011bs\u00edce p\u0159ed touto kl\u00ed\u010dovou ud\u00e1lost\u00ed o prezidentsk\u00e9 volb\u011b nepadlo ani slovo.<\/p>\n<p>V\u00a0novin\u00e1ch vy\u0161el m\u016fj koment\u00e1\u0159 v\u00a0t\u00e9to podob\u011b: \u201eO vypr\u00e1zdn\u011bn\u00ed pravice nicm\u00e9n\u011b hovo\u0159\u00ed i jeden z\u00a0Klausov\u00fdch nejbli\u017e\u0161\u00edch spolupracovn\u00edk\u016f Ladislav Jakl. <strong>Podle n\u011bho dokonce dnes neexistuje \u017e\u00e1dn\u00e1 opravdov\u00e1 pravicov\u00e1 strana<\/strong>. \u00b4Skute\u010dn\u011b pravicov\u00fd voli\u010d nem\u011bl koho volit. Poprv\u00e9 od roku 1990 jsem k\u00a0volb\u00e1m ne\u0161el.\u00b4\u201c<\/p>\n<p>N\u00e1sledovala tato roztomil\u00e1 esemeskov\u00e1 komunikace:<\/p>\n<p><strong>L. J.<\/strong>: Dobr\u00fd den. J\u00e1 jsem V\u00e1m nikde nepsal, \u017ee neexistuje pravicov\u00e1 strana, jak mi vkl\u00e1d\u00e1te do \u00fast.<\/p>\n<p><strong>MFD<\/strong>: V\u00e1\u017een\u00fd pane Jakle, nevkl\u00e1d\u00e1m V\u00e1n tuto v\u011btu takzvan\u011b do \u00fast, ale parafr\u00e1zuji V\u00e1s. Je logick\u00e9, pokud skute\u010dn\u011b pravicov\u00fd voli\u010d nem\u011bl koho volit, \u017ee dnes (v souvislosti s\u00a0prezidentskou volbou) neexistuje \u017e\u00e1dn\u00e1 opravdov\u00e1 pravicov\u00e1 strana. Pokud tedy podle V\u00e1s p\u0159esto existuje, nerozum\u00edm tedy tomu, pro\u010d jste ji nevolil nebo pro\u010d nepostavila ve volb\u00e1ch vlastn\u00edho kandid\u00e1ta. JN, MFD<\/p>\n<p><strong>L. J.<\/strong>: To nen\u00ed parafr\u00e1ze. O neexistenci pravicov\u00e9 strany jsem ne\u0159ekl ani slovo. <strong>Ta existuje a j\u00e1 ji vol\u00edm<\/strong>.<\/p>\n<p><strong>MFD<\/strong>: Ale tomu nerozum\u00edm. Pro\u010d jste ji tedy nevolil v\u00a0t\u011bchto volb\u00e1ch nebo pro\u010d nepostavila vlastn\u00edho kandid\u00e1ta? Pokud tedy p\u0159esto existuje, tak p\u0159edpokl\u00e1d\u00e1m, \u017ee na okraji voli\u010dsk\u00e9ho z\u00e1jmu, proto\u017ee dnes (v souvislosti s\u00a0prezidentskou volbou) o n\u00ed nen\u00ed sly\u0161et.<\/p>\n<p><strong>L. J.<\/strong>: Ano, nerozum\u00edte. Tezi o tom, \u017ee neexistuje pravicov\u00e1 strana, jsem nepou\u017eil a vy jste mi ji vlo\u017eil do \u00fast.<\/p>\n<p><strong>MFD<\/strong>: Ano, nepou\u017eil. Pokud se V\u00e1s to dotklo, tak se velice omlouv\u00e1m. Ale ta teze p\u0159ece logicky vypl\u00fdv\u00e1 z\u00a0v\u011bty, \u017ee skute\u010dn\u011b pravicov\u00fd voli\u010d nem\u011bl koho volit. Pokud ta strana existuje, tak pro\u010d ji nevolil?<\/p>\n<p><strong>L. J.<\/strong>: Neplyne. To by pak neexistovali ani komunisti, kdy\u017e nem\u011bli sv\u00e9ho kandid\u00e1ta. Komunikovali jsme spolu o prezidentsk\u00e9 volb\u011b. O neexistenci pravicov\u00e9 politick\u00e9 strany jsem ne\u0159ekl ani slovo. Na sv\u00e9 v\u00fdvody m\u00e1te pr\u00e1vo, ale nem\u016f\u017eete je vkl\u00e1dat do \u00fast jin\u00e9mu.<\/p>\n<p><strong>MFD<\/strong>.: Ale komunisti p\u0159ece podpo\u0159ili Milo\u0161e Zemana stejn\u011b jako te\u010f ho podporuj\u00ed ve druh\u00e9m kole. V\u010dera jsem Va\u0161e vyj\u00e1d\u0159en\u00ed pochopil tak, \u017ee v\u00a0dob\u011b t\u011bchto voleb neexistuje \u017e\u00e1dn\u00e1 politick\u00e1 strana, kterou by skute\u010dn\u011b pravicov\u00fd voli\u010d volil nebo se \u0159\u00eddil jej\u00ed podporou n\u011bkter\u00e9mu z\u00a0kandid\u00e1t\u016f. Mysl\u00edm, \u017ee tedy \u0161lo o nedorozum\u011bn\u00ed, za to se V\u00e1m omlouv\u00e1m. Pokud byste se cht\u011bl k\u00a0dan\u00e9mu t\u00e9matu vyj\u00e1d\u0159it, pros\u00edm po\u0161lete sv\u016fj text, my ho otiskneme. D\u011bkuji za pochopen\u00ed. JN.<\/p>\n<p><strong>L. J.<\/strong>: (u\u017e bez esemesky) Achjo.<\/p>\n","protected":false},"excerpt":{"rendered":"<p>Novin\u00e1\u0159 den\u00edku Mlad\u00e1 fronta dnes Jan Novotn\u00fd m\u011b prost\u0159ednictv\u00edm SMS po\u017e\u00e1dal, abych komentoval v\u00fdsledky prvn\u00edho kola prezidentsk\u00fdch voleb. Napsal jsem mu toto:<\/p>\n","protected":false},"author":1,"featured_media":0,"comment_status":"open","ping_status":"open","sticky":false,"template":"","format":"standard","meta":{"ngg_post_thumbnail":0,"footnotes":""},"categories":[6,10],"tags":[],"class_list":["post-3425","post","type-post","status-publish","format-standard","hentry","category-co-jsem-nerekl","category-zlehka"],"_links":{"self":[{"href":"https:\/\/www.ladislavjakl.cz\/index.php?rest_route=\/wp\/v2\/posts\/3425","targetHints":{"allow":["GET"]}}],"collection":[{"href":"https:\/\/www.ladislavjakl.cz\/index.php?rest_route=\/wp\/v2\/posts"}],"about":[{"href":"https:\/\/www.ladislavjakl.cz\/index.php?rest_route=\/wp\/v2\/types\/post"}],"author":[{"embeddable":true,"href":"https:\/\/www.ladislavjakl.cz\/index.php?rest_route=\/wp\/v2\/users\/1"}],"replies":[{"embeddable":true,"href":"https:\/\/www.ladislavjakl.cz\/index.php?rest_route=%2Fwp%2Fv2%2Fcomments&post=3425"}],"version-history":[{"count":1,"href":"https:\/\/www.ladislavjakl.cz\/index.php?rest_route=\/wp\/v2\/posts\/3425\/revisions"}],"predecessor-version":[{"id":3426,"href":"https:\/\/www.ladislavjakl.cz\/index.php?rest_route=\/wp\/v2\/posts\/3425\/revisions\/3426"}],"wp:attachment":[{"href":"https:\/\/www.ladislavjakl.cz\/index.php?rest_route=%2Fwp%2Fv2%2Fmedia&parent=3425"}],"wp:term":[{"taxonomy":"category","embeddable":true,"href":"https:\/\/www.ladislavjakl.cz\/index.php?rest_route=%2Fwp%2Fv2%2Fcategories&post=3425"},{"taxonomy":"post_tag","embeddable":true,"href":"https:\/\/www.ladislavjakl.cz\/index.php?rest_route=%2Fwp%2Fv2%2Ftags&post=3425"}],"curies":[{"name":"wp","href":"https:\/\/api.w.org\/{rel}","templated":true}]}}