{"id":3427,"date":"2013-01-21T13:47:35","date_gmt":"2013-01-21T12:47:35","guid":{"rendered":"http:\/\/www.ladislavjakl.cz\/?p=3427"},"modified":"2013-01-21T13:47:35","modified_gmt":"2013-01-21T12:47:35","slug":"jakl-havel-take-zadnou-amnestii-s-vladou-nepripravoval","status":"publish","type":"post","link":"https:\/\/www.ladislavjakl.cz\/?p=3427","title":{"rendered":"Jakl: Havel tak\u00e9 \u017e\u00e1dnou amnestii s vl\u00e1dou nep\u0159ipravoval"},"content":{"rendered":"<p>Prezidentovi V\u00e1clavu Klausovi je st\u00e1le vyt\u00fdk\u00e1no, \u017ee amnestii a jej\u00ed  dopady nekonzultoval podrobn\u011bji s vl\u00e1dou. Politick\u00fd tajemn\u00edk prezidenta  Ladislav Jakl v Ot\u00e1zk\u00e1ch V\u00e1clava Moravce pouk\u00e1zal na to, \u017ee ani V\u00e1clav  Havel \u017e\u00e1dnou ze sv\u00fdch amnesti\u00ed spolu s vl\u00e1dou nep\u0159ipravoval. Ke  kritizovan\u00e9 kontrasignaci premi\u00e9ra Petra Ne\u010dase\u00a0naopak podotkl, \u017ee  skute\u010dn\u011b nejde o \u017e\u00e1dn\u00fd mechanick\u00fd akt a premi\u00e9r ji m\u016f\u017ee odm\u00edtnout.  Kritika amnestie by ale podle n\u011bj m\u011bla sm\u011b\u0159ovat na hlavu st\u00e1tu, nikoliv  na premi\u00e9ra.<\/p>\n<p><!--more--><\/p>\n<p>Klaus byl kv\u016fli amnestii pozv\u00e1n na ve\u0159ejn\u00e9 sly\u0161en\u00ed do Sen\u00e1tu. Zda  p\u0159ijde, se zat\u00edm nev\u00ed. Sen\u00e1torka Eli\u0161ka Wagnerov\u00e1 v\u00a0OVM uvedla, \u017ee  o\u010dek\u00e1v\u00e1, \u017ee by zde m\u011bl zazn\u00edt v\u00fdklad \u010dl\u00e1nku 62 a 63 \u00fastavy, tedy \u010d\u00edm se  li\u0161\u00ed kontrasignovan\u00e9 pravomoci prezidenta od t\u011bch nekontrasignovan\u00fdch.  &#8222;Samoz\u0159ejm\u011b na to m\u00e1m sv\u016fj n\u00e1zor, ale chci si ho nechat potvrdit nebo  vyvr\u00e1tit jin\u00fdmi odborn\u00edky.&#8220;<\/p>\n<p>Kontrasignace je toti\u017e podle n\u00ed vy\u017eadovan\u00e1 proto, \u017ee obsahuje agendu,  kter\u00e1 bez odborn\u00e9ho stanoviska p\u0159\u00edslu\u0161n\u00fdch ministr\u016f vl\u00e1dy je \u0159\u00e1dn\u011b a  zodpov\u011bdn\u011b nevykonateln\u00e1. &#8222;Prezident V\u00e1clav Havel ud\u011blil \u010dty\u0159i amnestie,  a ani jednu z\u00a0nich vl\u00e1da nep\u0159ipravovala,&#8220; reagoval Jakl s\u00a0t\u00edm, \u017ee by  prezidentovi \u00fa\u010dast v\u00a0Sen\u00e1tu nedoporu\u010doval.<\/p>\n<div id=\"contentPart_299100\">\n<div>\n<p><strong>Ladislav Jakl:<\/strong> &#8222;Kontrasignace nen\u00ed mechanick\u00fdm  aktem\u2026 nen\u00ed to jen stvrzen\u00ed \u00fastavnosti a proveditelnosti. Je to v\u011bdom\u00fd  akt, premi\u00e9r m\u016f\u017ee kontrasignaci odm\u00edtnout\u2026 Pan premi\u00e9r ale nem\u011bl pot\u0159ebu  se stav\u011bt na zadn\u00ed a kl\u00e1st odpor, kv\u016fli tomu mu to h\u00e1zet na hlavu, nen\u00ed  spravedliv\u00e9. H\u00e1zejte to na hlavu n\u00e1m.&#8220;<\/div>\n<\/div>\n<p>Premi\u00e9r\u016fv spolupodpis pod petic\u00ed kritizuje hlavn\u011b opozice. 17. ledna  se proto na mimo\u0159\u00e1dn\u00e9 sch\u016fzi sn\u011bmovny pokus\u00ed vyslovit vl\u00e1d\u011b ned\u016fv\u011bru.  Klaus byl vl\u00e1dou vyzv\u00e1n, aby do sn\u011bmovny p\u0159i\u0161el, amnestii ale p\u0159ed  poslanci vysv\u011btlovat odm\u00edtl. &#8222;\u017d\u00e1dn\u00e1 debata o tom, \u017ee snad m\u00e1 p\u0159ij\u00edt  prezident na sch\u016fzi sn\u011bmovny, nem\u016f\u017ee zbavit vl\u00e1du a p\u0159edev\u0161\u00edm Petra  Ne\u010dase odpov\u011bdnosti za to, co se stalo,&#8220; \u0159ekl v\u00a0OVM m\u00edstop\u0159edseda \u010cSSD  Jeron\u00fdm Tejc.<\/p>\n<p>Ne\u010das se h\u00e1jil t\u00edm, \u017ee kontrasignace pod amnesti\u00ed je \u00fastavn\u00ed  zvyklost\u00ed. Podle Jakla ale sv\u016fj podpis mohl odm\u00edtnout. Tejc dodal, \u017ee  zvykov\u00e9 pr\u00e1vo by m\u011blo b\u00fdt nastaveno tak, \u017ee pokud p\u0159edseda vl\u00e1da  podep\u00ed\u0161e tak &#8222;skand\u00e1ln\u00ed a ostudnou amnestii v\u00a0takov\u00e9m rozsahu, tak by  m\u011bl n\u00e9st odpov\u011bdnost, m\u011bl by odej\u00edt&#8220;. K\u00a0tomu m\u00e1 podle\u00a0n\u011bj slou\u017eit pr\u00e1v\u011b  hlasov\u00e1n\u00ed o ned\u016fv\u011b\u0159e vl\u00e1d\u011b: &#8222;Ten, kdo bude hlasovat pro vl\u00e1du, bude  nep\u0159\u00edmo souhlasit s\u00a0onou amnesti\u00ed.&#8220;<\/p>\n<p><strong>Jakl: Z\u00e1stupcem ombudsmama jsem m\u011bl b\u00fdt p\u016fvodn\u011b j\u00e1, nechci u\u017e ale nosit kravatu<\/strong><\/p>\n<p>Jakl se v r\u00e1mci diskuse o amnestii a milostech zm\u00ednil tak\u00e9 o tom, \u017ee  je\u0161t\u011b p\u0159ed Renatou Veseckou dostal nominaci na pozici z\u00e1stupce  ombudsmana on, ale odm\u00edtl ji. Jako druh\u00e9ho kandid\u00e1ta k Veseck\u00e9 prezident  navrhl poslance za soci\u00e1ln\u00ed demokracii Stanislava K\u0159e\u010dka. &#8222;Nevzal jsem  to, proto\u017ee velkou \u010d\u00e1st sv\u00e9ho \u017eivota chod\u00edm v kravat\u011b a z\u0159ejm\u011b bych  musel i v t\u00e9to nov\u00e9 roli&#8230; V\u011bcnou zp\u016fsobilost bych k tomu asi m\u011bl,  proto\u017ee pod m\u016fj politick\u00fd odbor spad\u00e1 i odd\u011blen\u00ed pro styk s ve\u0159ejnost\u00ed,  kter\u00e9 je vlastn\u011b takov\u00fdm ombudsmanem.&#8220;<\/p>\n<p><a href=\"http:\/\/www.ceskatelevize.cz\/ct24\/domaci\/210803-jakl-havel-take-zadnou-amnestii-s-vladou-nepripravoval\/\" target=\"_blank\">Zdroj a video<\/a><\/p>\n","protected":false},"excerpt":{"rendered":"<p>Prezidentovi V\u00e1clavu Klausovi je st\u00e1le vyt\u00fdk\u00e1no, \u017ee amnestii a jej\u00ed dopady nekonzultoval podrobn\u011bji s vl\u00e1dou. Politick\u00fd tajemn\u00edk prezidenta Ladislav Jakl v Ot\u00e1zk\u00e1ch V\u00e1clava Moravce pouk\u00e1zal na to, \u017ee ani V\u00e1clav Havel \u017e\u00e1dnou ze sv\u00fdch amnesti\u00ed spolu s vl\u00e1dou nep\u0159ipravoval. Ke kritizovan\u00e9 kontrasignaci premi\u00e9ra Petra Ne\u010dase\u00a0naopak podotkl, \u017ee skute\u010dn\u011b nejde o \u017e\u00e1dn\u00fd mechanick\u00fd akt a premi\u00e9r [&hellip;]<\/p>\n","protected":false},"author":1,"featured_media":0,"comment_status":"open","ping_status":"open","sticky":false,"template":"","format":"standard","meta":{"ngg_post_thumbnail":0,"footnotes":""},"categories":[11,12],"tags":[],"class_list":["post-3427","post","type-post","status-publish","format-standard","hentry","category-ozvena","category-video"],"_links":{"self":[{"href":"https:\/\/www.ladislavjakl.cz\/index.php?rest_route=\/wp\/v2\/posts\/3427","targetHints":{"allow":["GET"]}}],"collection":[{"href":"https:\/\/www.ladislavjakl.cz\/index.php?rest_route=\/wp\/v2\/posts"}],"about":[{"href":"https:\/\/www.ladislavjakl.cz\/index.php?rest_route=\/wp\/v2\/types\/post"}],"author":[{"embeddable":true,"href":"https:\/\/www.ladislavjakl.cz\/index.php?rest_route=\/wp\/v2\/users\/1"}],"replies":[{"embeddable":true,"href":"https:\/\/www.ladislavjakl.cz\/index.php?rest_route=%2Fwp%2Fv2%2Fcomments&post=3427"}],"version-history":[{"count":1,"href":"https:\/\/www.ladislavjakl.cz\/index.php?rest_route=\/wp\/v2\/posts\/3427\/revisions"}],"predecessor-version":[{"id":3428,"href":"https:\/\/www.ladislavjakl.cz\/index.php?rest_route=\/wp\/v2\/posts\/3427\/revisions\/3428"}],"wp:attachment":[{"href":"https:\/\/www.ladislavjakl.cz\/index.php?rest_route=%2Fwp%2Fv2%2Fmedia&parent=3427"}],"wp:term":[{"taxonomy":"category","embeddable":true,"href":"https:\/\/www.ladislavjakl.cz\/index.php?rest_route=%2Fwp%2Fv2%2Fcategories&post=3427"},{"taxonomy":"post_tag","embeddable":true,"href":"https:\/\/www.ladislavjakl.cz\/index.php?rest_route=%2Fwp%2Fv2%2Ftags&post=3427"}],"curies":[{"name":"wp","href":"https:\/\/api.w.org\/{rel}","templated":true}]}}