{"id":3429,"date":"2013-01-21T13:49:17","date_gmt":"2013-01-21T12:49:17","guid":{"rendered":"http:\/\/www.ladislavjakl.cz\/?p=3429"},"modified":"2013-01-21T13:49:17","modified_gmt":"2013-01-21T12:49:17","slug":"ruce-pryc-od-jakla-neni-k-mani","status":"publish","type":"post","link":"https:\/\/www.ladislavjakl.cz\/?p=3429","title":{"rendered":"Ruce pry\u010d od Jakla, nen\u00ed k m\u00e1n\u00ed"},"content":{"rendered":"<p>U\u017e p\u0159ed prvn\u00edm kolem prezidentsk\u00fdch voleb se kandid\u00e1ti mohli p\u0159etrhnout v\u00a0uji\u0161\u0165ov\u00e1n\u00ed ve\u0159ejnosti, \u017ee si do sv\u00e9ho t\u00fdmu rozhodn\u011b nevezmou mne a Petra H\u00e1jka. A pokra\u010duj\u00ed v\u00a0tom i nyn\u00ed p\u0159ed kolem druh\u00fdm.<\/p>\n<p><!--more-->P\u0159edev\u0161\u00edm je to od nich velmi zbab\u011bl\u00e9. Mysl\u00ed si, \u017ee u ve\u0159ejnosti z\u00edskaj\u00ed n\u011bjak\u00e9 body, kdy\u017e se distancuj\u00ed od lid\u00ed, ze kter\u00fdch manipuluj\u00edc\u00ed m\u00e9dia ud\u011blala ter\u010de sv\u00e9 nen\u00e1visti za to, \u017ee si dovolili nej\u00edt s\u00a0hlavn\u00edm proudem.<\/p>\n<p>Tak\u00e9 je to od nich projevem naprost\u00e9 neznalosti. Nemaj\u00ed sebemen\u0161\u00ed tu\u0161en\u00ed o obsahu na\u0161\u00ed pr\u00e1ce. Nikdy ne\u010detli \u017e\u00e1dn\u00fd n\u00e1\u0161 posudek, anal\u00fdzu \u010di doporu\u010den\u00ed, nikdy nesed\u011bli i n\u011bjak\u00e9 na\u0161\u00ed porady. Nemaj\u00ed \u017e\u00e1dnou p\u0159edstavu o n\u00e1plni odboru, kter\u00fd m\u00e1m na starosti. Soud\u00ed nanejv\u00fd\u0161 podle dojmu, kter\u00fd maj\u00ed z\u00a0m\u00e9di\u00ed.<\/p>\n<p>A k\u00a0tomu je nam\u00edst\u011b cosi \u0159\u00edct. Za posledn\u00edch 15 let, kdy pracuji s\u00a0V\u00e1clavem Klausem, jsem si u\u017e skoro zvykl na n\u00e1zor, \u017ee moj\u00ed prac\u00ed je chodit do r\u00e1di\u00ed a televiz\u00ed a tam h\u00e1jit n\u00e1zory sv\u00e9ho \u0161\u00e9fa. Nic takov\u00e9ho ale n\u00e1pln\u00ed moj\u00ed pr\u00e1ce nikdy nebylo, za to m\u011b nikdo neplat\u00ed a nikdo mi to nikdy neulo\u017eil. Sd\u011blovat postoje prezidenta republiky je prac\u00ed mluv\u010d\u00edho, ten je k\u00a0tomu i autorizov\u00e1n.<\/p>\n<p>V\u00a0televizi se \u010dlov\u011bk neobjev\u00ed tak, \u017ee jim zavol\u00e1 a \u0159ekne: jak se m\u00e1te, pos\u00edl\u00e1 m\u011b pan prezident, \u017ee v\u00e1m m\u00e1m n\u011bco \u0159\u00edct. Tam se \u010dlov\u011bk objev\u00ed tak, \u017ee mu z\u00a0redakce zavolaj\u00ed nebo nap\u00ed\u0161\u00ed a pozvou ho. Pro\u010d m\u011b zvou? To je jejich v\u011bc, t\u0159eba maj\u00ed pocit, \u017ee \u0159eknu n\u011bco zaj\u00edmav\u00e9ho. V\u011bt\u0161inou (a to v\u00e1m dramaturgov\u00e9 a produk\u010dn\u00ed z\u00a0televiz\u00ed a r\u00e1di\u00ed potvrd\u00ed) odm\u00edtnu, proto\u017ee si nemus\u00edm kazit ve\u010dery a v\u00edkendy strk\u00e1n\u00edm sv\u00e9 hlavy do obrazovky a p\u0159ed mikrofon. Ale n\u011bkdy se holt nech\u00e1m udyndat.<\/p>\n<p>Za cel\u00e9 l\u00e9ta jsem ani jednou nevystoupil v\u00a0m\u00e9di\u00edch s\u00a0n\u011bjak\u00fdm mand\u00e1tem od sv\u00e9ho \u0161\u00e9fa. Pan prezident nikdy ani nev\u00ed, \u017ee do n\u011bjak\u00e9 televize nebo r\u00e1dia jdu, nato\u017e aby mi dop\u0159edu \u0159\u00edkal, co tam m\u00e1m sd\u011blovat. A v\u011bt\u0161inou to nev\u00ed ani po vys\u00edl\u00e1n\u00ed, proto\u017ee m\u00e9dia sleduje velmi liknav\u011b.<\/p>\n<p>V\u017edy \u0159\u00edk\u00e1m jen sv\u00e9 n\u00e1zory a nejsem v\u00a0tom nik\u00fdm a nijak omezov\u00e1n. Leckdo se rozho\u0159\u010duje, jak m\u016f\u017ee nevolen\u00fd \u00fa\u0159edn\u00edk \u0159\u00edkat sv\u00e9 n\u00e1zory. No, b\u011b\u017en\u011b je mohou \u0159\u00edkat i nevolen\u00ed soudci a nikomu to nevad\u00ed. Ale hlavn\u011b: \u0159\u00edk\u00e1m je proto, jeliko\u017e se m\u011b na n\u011b ptaj\u00ed.<\/p>\n<p>\u010casto to vystoupen\u00ed m\u00e1 podobu v\u00a0tomto stylu: A pro\u010d je ten Klaus tak blbej? Klaus nen\u00ed blbej, blbej jste vy, kdy\u017e se tak blb\u011b pt\u00e1te. A oni pak nap\u00ed\u0161\u00ed, \u017ee jsem \u0161el za Klause bojovat. A co jsem m\u011bl na to \u0159\u00edct? V\u011b\u0159te, \u017ee nic takov\u00e9ho jsem nikdy nem\u011bl zapot\u0159eb\u00ed a m\u016fj \u0161\u00e9f tak\u00e9 ne. A \u017ee jsem poskytl hodn\u011b rozhovor\u016f o v\u00e1\u017en\u00fdch i nev\u00e1\u017en\u00fdch t\u00e9matech, ve kter\u00fdch by m\u011b nikdy nenapadlo s\u00e1m od sebe se n\u011bjak zast\u00e1vat V\u00e1clava Klause nebo p\u0159ekl\u00e1dat jeho slova z\u00a0\u010de\u0161tiny do \u010de\u0161tiny.<\/p>\n<p>P\u0159esto se mi \u010dasto st\u00e1valo, \u017ee pak novin\u00e1\u0159i napsali: Klaus \u017e\u00e1d\u00e1 (p\u0159es sv\u00e9ho tajemn\u00edka). Nebo: Klaus vzkazuje. A on, chud\u00e1k, o tom ani nev\u011bd\u011bl, \u017ee n\u011bco vzkazuje. Pro n\u011bkter\u00e9 lidi je nep\u0159edstaviteln\u00e1 my\u0161lenka, \u017ee jsem si v\u017edy mohl \u0159\u00edkat, co jsem cht\u011bl. Podle sebe soud\u00edm tebe.<\/p>\n<p>V\u00a0tomto kontextu tak\u00e9 ch\u00e1pu uji\u0161\u0165ov\u00e1n\u00ed p\u0159edsedy TOP 09 Schwarzenberga, \u017ee za n\u011bj by \u00fa\u0159edn\u00edci nemohli v\u00a0m\u00e9di\u00edch hl\u00e1sat sv\u00e9 n\u00e1zory. Ch\u00e1pu to tak, \u017ee on na Hrad\u011b by to sv\u00fdm lidem zak\u00e1zal. Svobodymilovn\u00fd \u010dlov\u011bk, skute\u010dn\u011b.<\/p>\n<p>D\u016fle\u017eit\u011bj\u0161\u00ed ne\u017e v\u0161echny p\u0159edchoz\u00ed \u0159\u00e1dky je\u00a0 ale n\u011bco jin\u00e9ho. Odm\u00edtat mohu jen to, co se mi nab\u00edz\u00ed. A Jakla (a podle m\u011b ani H\u00e1jka) nikdo t\u011bm kandid\u00e1t\u016fm nenab\u00edz\u00ed. Ani na vte\u0159inu nikoho z\u00a0n\u00e1s nenapadlo, \u017ee bychom se dali najmout do t\u00fdmu n\u011bjak\u00e9ho jin\u00e9ho prezidenta. J\u00e1 \u017e\u00e1dn\u00e9 slu\u017eby nikomu z\u00a0kandid\u00e1t\u016f nenab\u00edz\u00edm, tak si opravdu mohou u\u0161et\u0159it sv\u00e9 hrdinsk\u00e9 v\u00fdroky, \u017ee by m\u011b v\u00a0t\u00fdmu necht\u011bli. J\u00e1 nejsem k\u00a0m\u00e1n\u00ed.<\/p>\n<p>Vy\u0161lo 21.1. v LN<\/p>\n","protected":false},"excerpt":{"rendered":"<p>U\u017e p\u0159ed prvn\u00edm kolem prezidentsk\u00fdch voleb se kandid\u00e1ti mohli p\u0159etrhnout v\u00a0uji\u0161\u0165ov\u00e1n\u00ed ve\u0159ejnosti, \u017ee si do sv\u00e9ho t\u00fdmu rozhodn\u011b nevezmou mne a Petra H\u00e1jka. A pokra\u010duj\u00ed v\u00a0tom i nyn\u00ed p\u0159ed kolem druh\u00fdm.<\/p>\n","protected":false},"author":1,"featured_media":0,"comment_status":"open","ping_status":"open","sticky":false,"template":"","format":"standard","meta":{"ngg_post_thumbnail":0,"footnotes":""},"categories":[6,18],"tags":[],"class_list":["post-3429","post","type-post","status-publish","format-standard","hentry","category-co-jsem-nerekl","category-postrehy"],"_links":{"self":[{"href":"https:\/\/www.ladislavjakl.cz\/index.php?rest_route=\/wp\/v2\/posts\/3429","targetHints":{"allow":["GET"]}}],"collection":[{"href":"https:\/\/www.ladislavjakl.cz\/index.php?rest_route=\/wp\/v2\/posts"}],"about":[{"href":"https:\/\/www.ladislavjakl.cz\/index.php?rest_route=\/wp\/v2\/types\/post"}],"author":[{"embeddable":true,"href":"https:\/\/www.ladislavjakl.cz\/index.php?rest_route=\/wp\/v2\/users\/1"}],"replies":[{"embeddable":true,"href":"https:\/\/www.ladislavjakl.cz\/index.php?rest_route=%2Fwp%2Fv2%2Fcomments&post=3429"}],"version-history":[{"count":1,"href":"https:\/\/www.ladislavjakl.cz\/index.php?rest_route=\/wp\/v2\/posts\/3429\/revisions"}],"predecessor-version":[{"id":3430,"href":"https:\/\/www.ladislavjakl.cz\/index.php?rest_route=\/wp\/v2\/posts\/3429\/revisions\/3430"}],"wp:attachment":[{"href":"https:\/\/www.ladislavjakl.cz\/index.php?rest_route=%2Fwp%2Fv2%2Fmedia&parent=3429"}],"wp:term":[{"taxonomy":"category","embeddable":true,"href":"https:\/\/www.ladislavjakl.cz\/index.php?rest_route=%2Fwp%2Fv2%2Fcategories&post=3429"},{"taxonomy":"post_tag","embeddable":true,"href":"https:\/\/www.ladislavjakl.cz\/index.php?rest_route=%2Fwp%2Fv2%2Ftags&post=3429"}],"curies":[{"name":"wp","href":"https:\/\/api.w.org\/{rel}","templated":true}]}}