{"id":3431,"date":"2013-01-21T13:50:49","date_gmt":"2013-01-21T12:50:49","guid":{"rendered":"http:\/\/www.ladislavjakl.cz\/?p=3431"},"modified":"2013-01-21T13:50:49","modified_gmt":"2013-01-21T12:50:49","slug":"jakl-zastupcem-ombudsmana-nominaci-jsem-neprijal-rekl","status":"publish","type":"post","link":"https:\/\/www.ladislavjakl.cz\/?p=3431","title":{"rendered":"Jakl z\u00e1stupcem ombudsmana? Nominaci jsem nep\u0159ijal, \u0159ekl"},"content":{"rendered":"<p>Ladislav Jakl, tajemn\u00edk prezidenta V\u00e1clava Klause, mohl b\u00fdt z\u00e1stupcem ombudsmana. \u0158ekl to dnes v po\u0159adu Ot\u00e1zky V\u00e1clava Moravce. Na post z\u00e1stupce nakonec Klaus nominoval Ren\u00e1tu Veseckou.<\/p>\n<p><!--more-->Prezident V\u00e1clav Klaus navrhl na m\u00edsto z\u00e1stupkyn\u011b ombudsmana b\u00fdvalou nejvy\u0161\u0161\u00ed st\u00e1tn\u00ed z\u00e1stupkyni Renatu Veseckou. M\u011bla by tak vyst\u0159\u00eddat Jitku Seitlovou, kter\u00e1 na ve funkci v \u00fanoru kon\u010d\u00ed.<br \/>\nVeseck\u00e1 nab\u00eddku z Hradu uv\u00edtala. \u201eP\u0159ijala jsem ji, nebo\u0165 jsem p\u0159esv\u011bd\u010dena, \u017ee pro respektov\u00e1n\u00ed pr\u00e1v ob\u010dan\u016f je je\u0161t\u011b hodn\u011b co ud\u011blat,\u201c \u0159ekla.<\/p>\n<p>Klaus se rozhodl nominovat Veseckou navzdory tomu, \u017ee ji Ne\u010dasova vl\u00e1da v roce 2010 odvolala z funkce nejvy\u0161\u0161\u00ed \u017ealobkyn\u011b na n\u00e1vrh ministra spravedlnosti Ji\u0159\u00edho Posp\u00ed\u0161ila. A to proto, \u017ee byla spojov\u00e1na s \u00fadajnou \u00faplatk\u00e1\u0159skou kauzou n\u011bkdej\u0161\u00edho vicepremi\u00e9ra Ji\u0159\u00edho \u010cunka.<\/p>\n<p><a href=\"http:\/\/www.lidovky.cz\/jakl-ombudsman-vesecka-0b6-\/zpravy-domov.aspx?c=A130113_134554_ln_domov_khu\" target=\"_blank\">Zdroj<\/a><\/p>\n","protected":false},"excerpt":{"rendered":"<p>Ladislav Jakl, tajemn\u00edk prezidenta V\u00e1clava Klause, mohl b\u00fdt z\u00e1stupcem ombudsmana. \u0158ekl to dnes v po\u0159adu Ot\u00e1zky V\u00e1clava Moravce. Na post z\u00e1stupce nakonec Klaus nominoval Ren\u00e1tu Veseckou.<\/p>\n","protected":false},"author":1,"featured_media":0,"comment_status":"open","ping_status":"open","sticky":false,"template":"","format":"standard","meta":{"ngg_post_thumbnail":0,"footnotes":""},"categories":[11],"tags":[],"class_list":["post-3431","post","type-post","status-publish","format-standard","hentry","category-ozvena"],"_links":{"self":[{"href":"https:\/\/www.ladislavjakl.cz\/index.php?rest_route=\/wp\/v2\/posts\/3431","targetHints":{"allow":["GET"]}}],"collection":[{"href":"https:\/\/www.ladislavjakl.cz\/index.php?rest_route=\/wp\/v2\/posts"}],"about":[{"href":"https:\/\/www.ladislavjakl.cz\/index.php?rest_route=\/wp\/v2\/types\/post"}],"author":[{"embeddable":true,"href":"https:\/\/www.ladislavjakl.cz\/index.php?rest_route=\/wp\/v2\/users\/1"}],"replies":[{"embeddable":true,"href":"https:\/\/www.ladislavjakl.cz\/index.php?rest_route=%2Fwp%2Fv2%2Fcomments&post=3431"}],"version-history":[{"count":1,"href":"https:\/\/www.ladislavjakl.cz\/index.php?rest_route=\/wp\/v2\/posts\/3431\/revisions"}],"predecessor-version":[{"id":3432,"href":"https:\/\/www.ladislavjakl.cz\/index.php?rest_route=\/wp\/v2\/posts\/3431\/revisions\/3432"}],"wp:attachment":[{"href":"https:\/\/www.ladislavjakl.cz\/index.php?rest_route=%2Fwp%2Fv2%2Fmedia&parent=3431"}],"wp:term":[{"taxonomy":"category","embeddable":true,"href":"https:\/\/www.ladislavjakl.cz\/index.php?rest_route=%2Fwp%2Fv2%2Fcategories&post=3431"},{"taxonomy":"post_tag","embeddable":true,"href":"https:\/\/www.ladislavjakl.cz\/index.php?rest_route=%2Fwp%2Fv2%2Ftags&post=3431"}],"curies":[{"name":"wp","href":"https:\/\/api.w.org\/{rel}","templated":true}]}}