{"id":3437,"date":"2013-01-21T13:55:48","date_gmt":"2013-01-21T12:55:48","guid":{"rendered":"http:\/\/www.ladislavjakl.cz\/?p=3437"},"modified":"2013-01-21T13:55:48","modified_gmt":"2013-01-21T12:55:48","slug":"wagnerova-jen-urazi-jeji-manzel-rovnou-vyhrozuje","status":"publish","type":"post","link":"https:\/\/www.ladislavjakl.cz\/?p=3437","title":{"rendered":"Wagnerov\u00e1 jen ur\u00e1\u017e\u00ed, jej\u00ed man\u017eel rovnou vyhro\u017euje"},"content":{"rendered":"<p>From: Arnost Wagner [mailto:arnostwagner@volny.cz]<br \/>\nSent: Monday, January 14, 2013 2:57 PM<br \/>\nTo: Jakl Ladislav<br \/>\nSubject: Ot\u00e1zky V\u00e1clava Moravce<\/p>\n<p><!--more-->L.Jakle,<\/p>\n<p>v ned\u011bln\u00edch ot\u00e1zk\u00e1ch VM jste v\u011bdom\u011b urazil moji man\u017eelku Eli\u0161ku Wagnerovou : \u201c&#8230;kdyby byla (W) t\u0159eba soudkyn\u00ed&#8230;ale proto\u017ee je jenom sen\u00e1torkou, tak to v\u011bd\u011bt nemus\u00ed.\u201d I jako zhrzen\u00fd kandid\u00e1t na prezidenta a podpr\u016fm\u011brn\u00fd  muzikant v\u00edte, \u017ee EW byla -do b\u0159ezna 2O12-  soudkyn\u00ed v\u00edce ne\u017e 15 let. Na rozd\u00edl od du\u0161evn\u011b chor\u00e9ho fanatika H\u00e1jka jste pro tento st\u00e1t je\u0161t\u011b nebezpe\u010dn\u011bj\u0161\u00ed. Jste lh\u00e1\u0159 a velice zl\u00fd \u010dlov\u011bk v ulit\u011b \u201crozv\u00e1\u017en\u00e9ho\u201d mudrlanta. Doufejte, \u017ee se my dva nikdy nesetk\u00e1me!<\/p>\n<p>Arno\u0161t Wagner<\/p>\n<p>From: Jakl Ladislav<br \/>\nSent: Thursday, January 17, 2013 6:04 PM<br \/>\nTo: &#8218;Arnost Wagner&#8216;<br \/>\nSubject: RE: Ot\u00e1zky V\u00e1clava Moravce<br \/>\nDobr\u00fd den.<\/p>\n<p>D\u011bkuji za V\u00e1\u0161 dopis. Je to kr\u00e1sn\u00e1 uk\u00e1zka pravdy a l\u00e1sky v praxi. Ur\u00e1\u017e\u00edte a vyhro\u017eujete. J\u00e1 nemus\u00edm doufat, \u017ee se nesetk\u00e1me, na v\u00fdhr\u016fzky podobn\u00fdch povah jsem zvykl\u00fd.<\/p>\n<p>Pan\u00ed Wagnerov\u00e1 o mn\u011b mluv\u00ed jako o nezn\u00e1lkovi, poh\u00e1dk\u00e1\u0159i, pov\u00fd\u0161en\u011b cejchuje, kudy chod\u00ed. A p\u0159itom si plete vl\u00e1dn\u00ed p\u0159estupkovou amnestii s prezidentskou trestn\u00ed, ani nezn\u00e1 jejich po\u010det a jde na toto t\u00e9ma pou\u010dovat n\u00e1rod do televize.<\/p>\n<p>A \u010d\u00edm jsem ji podle v\u00e1s urazil? M\u011bl jsem \u0159\u00edct, \u017ee jako pr\u00e1vni\u010dka by to v\u011bd\u011bt m\u011bla? To by se v\u00e1m l\u00edbilo v\u00edc, ne\u017e to, \u017ee jsem \u0159ekl, \u017ee jako sen\u00e1torka to v\u011bd\u011bt nemus\u00ed?<\/p>\n<p>Zvykla si na soudcovskou nedotknutelnost a chce si ji vydup\u00e1vat i s va\u0161\u00ed pomoc\u00ed nad\u00e1le. Ale to nem\u011bla chodit do politiky. Tam se lid\u00e9 navz\u00e1jem kritizuj\u00ed docela \u010dasto a asi si na to bude muset zvykat. Jak jsem ji tak poslouchal, bude to m\u00edt s t\u00edm zvyk\u00e1n\u00edm t\u011b\u017ek\u00e9. A neum\u00ed odpov\u011bd\u011bt na pozdrav, neum\u00ed se pod\u00edvat do o\u010d\u00ed. A z hlavy nezn\u00e1 nic, po\u0159\u00e1d v\u0161e mus\u00ed \u010d\u00edst ze stoh\u016f pap\u00edr\u016f. No, taky si asi je\u0161t\u011b u\u017eijete.<\/p>\n<p>L. Jakl<\/p>\n","protected":false},"excerpt":{"rendered":"<p>From: Arnost Wagner [mailto:arnostwagner@volny.cz] Sent: Monday, January 14, 2013 2:57 PM To: Jakl Ladislav Subject: Ot\u00e1zky V\u00e1clava Moravce<\/p>\n","protected":false},"author":1,"featured_media":0,"comment_status":"open","ping_status":"open","sticky":false,"template":"","format":"standard","meta":{"ngg_post_thumbnail":0,"footnotes":""},"categories":[6],"tags":[],"class_list":["post-3437","post","type-post","status-publish","format-standard","hentry","category-co-jsem-nerekl"],"_links":{"self":[{"href":"https:\/\/www.ladislavjakl.cz\/index.php?rest_route=\/wp\/v2\/posts\/3437","targetHints":{"allow":["GET"]}}],"collection":[{"href":"https:\/\/www.ladislavjakl.cz\/index.php?rest_route=\/wp\/v2\/posts"}],"about":[{"href":"https:\/\/www.ladislavjakl.cz\/index.php?rest_route=\/wp\/v2\/types\/post"}],"author":[{"embeddable":true,"href":"https:\/\/www.ladislavjakl.cz\/index.php?rest_route=\/wp\/v2\/users\/1"}],"replies":[{"embeddable":true,"href":"https:\/\/www.ladislavjakl.cz\/index.php?rest_route=%2Fwp%2Fv2%2Fcomments&post=3437"}],"version-history":[{"count":1,"href":"https:\/\/www.ladislavjakl.cz\/index.php?rest_route=\/wp\/v2\/posts\/3437\/revisions"}],"predecessor-version":[{"id":3438,"href":"https:\/\/www.ladislavjakl.cz\/index.php?rest_route=\/wp\/v2\/posts\/3437\/revisions\/3438"}],"wp:attachment":[{"href":"https:\/\/www.ladislavjakl.cz\/index.php?rest_route=%2Fwp%2Fv2%2Fmedia&parent=3437"}],"wp:term":[{"taxonomy":"category","embeddable":true,"href":"https:\/\/www.ladislavjakl.cz\/index.php?rest_route=%2Fwp%2Fv2%2Fcategories&post=3437"},{"taxonomy":"post_tag","embeddable":true,"href":"https:\/\/www.ladislavjakl.cz\/index.php?rest_route=%2Fwp%2Fv2%2Ftags&post=3437"}],"curies":[{"name":"wp","href":"https:\/\/api.w.org\/{rel}","templated":true}]}}