{"id":3440,"date":"2013-01-21T13:58:56","date_gmt":"2013-01-21T12:58:56","guid":{"rendered":"http:\/\/www.ladislavjakl.cz\/?p=3440"},"modified":"2013-01-21T14:01:14","modified_gmt":"2013-01-21T13:01:14","slug":"jakl-o-amnestii-kladne-reakce-dnes-uz-prevladaji","status":"publish","type":"post","link":"https:\/\/www.ladislavjakl.cz\/?p=3440","title":{"rendered":"Jakl o amnestii: Kladn\u00e9 reakce dnes u\u017e p\u0159evl\u00e1daj\u00ed"},"content":{"rendered":"<p>S prezidentov\u00fdm tajemn\u00edkem Ladislavem <span>Jakl<\/span>em o amnestii, medi\u00e1ln\u00ed hysterii a \u00dastavn\u00edm soudu, kter\u00fd m\u016f\u017ee cokoli&#8230;<\/p>\n<p><!--more--><strong><span style=\"font-size: x-small;\">18.leden 2013<\/span><\/strong> &#8211; <strong><span style=\"font-size: x-small;\">21:10<\/span><\/strong><\/p>\n<p><strong>P\u0159ekvapila  Hrad vlna nevole, kterou amnestie vyvolala? P\u0159edpokl\u00e1d\u00e1m, \u017ee jste  po\u010d\u00edtali s n\u011bjakou kritikou v m\u00e9di\u00edch, ale \u010dekali jste a\u017e tak masivn\u00ed  kampa\u0148 proti prezidentovi?<\/strong><\/p>\n<p>O m\u00e9di\u00edch d\u00e1vno nem\u00e1m iluze,  jednostrannou \u0161tvanici jsem \u010dekal. Ale v\u017edy m\u011b znovu a znovu p\u0159ekvap\u00ed  ochota n\u011bkter\u00fdch lid\u00ed s lehkost\u00ed zahodit vlastn\u00ed rozum a m\u00edsto n\u011bj si do  hlavy nacpat novinov\u00e9 titulky.<\/p>\n<p><strong>Kancel\u00e1\u0159 prezidenta ob\u010das  zve\u0159ejn\u00ed nebo jej\u00ed p\u0159edstavitel\u00e9 do m\u00e9di\u00ed nazna\u010d\u00ed, \u017ee p\u0159ich\u00e1zej\u00ed i  pozitivn\u00ed a d\u011bkovn\u00e9 dopisy. M\u016f\u017eete p\u0159ibl\u00ed\u017eit, kolik takov\u00fdch kladn\u00fdch  reakc\u00ed denn\u011b chod\u00ed a v jak\u00e9m pom\u011bru jsou k negativn\u00edm reakc\u00edm? <\/strong><\/p>\n<p>Zpo\u010d\u00e1tku jich byla tak desetina. Dnes u\u017e p\u0159evl\u00e1daj\u00ed.<\/p>\n<p><strong>Pan  vicekancl\u00e9\u0159 Petr H\u00e1jek zmi\u0148oval, \u017ee dost\u00e1v\u00e1 i v\u00fdhr\u016f\u017en\u00e9, vulg\u00e1rn\u00ed a  nen\u00e1vistn\u00e9 reakce, kter\u00e9 mu nap\u0159\u00edklad hroz\u00ed smrt\u00ed \u010di zhanoben\u00edm &#8222;hrob\u016f  jeho bl\u00edzk\u00fdch&#8220;. Setkal jste se tak\u00e9 Vy s podobn\u00fdmi reakcemi?<\/strong><br \/>\n<strong> <\/strong><br \/>\nAno.<\/p>\n<p><strong>Pan prezident p\u0159irovnal atmosf\u00e9ru kolem kritiky amnestie k Sarajevu. V \u010dem se tato atmosf\u00e9ra podob\u00e1 t\u00e9 p\u0159ed patn\u00e1cti lety?<\/strong><\/p>\n<p>Ve st\u00e1dnosti m\u00e9di\u00ed. V ochot\u011b davu k\u0159i\u010det v jednom proudu s ostatn\u00edmi. V neschopnosti mnoha ud\u011blat si vlastn\u00ed n\u00e1zor.<\/p>\n<p><strong>V  ned\u011bln\u00edm po\u0159adu OVM jste necht\u011bl prozradit jm\u00e9no toho, kdo po pr\u00e1vn\u00ed  str\u00e1nce vypracoval text amnestie. Nazna\u010dil jste pouze, \u017ee \u0161lo o jist\u00e9ho  pr\u00e1vn\u00edka. M\u016f\u017eete to n\u011bjak up\u0159esnit? <\/strong><br \/>\n<strong> <\/strong><br \/>\nTak  to nebylo. Nikdo nesepisoval text amnestie. Jej\u00ed zn\u011bn\u00ed vznikalo v \u00fazk\u00e9m  okruhu v debat\u00e1ch s panem prezidentem. Pr\u00e1vn\u00edk\u016fm byl pak text pr\u016fb\u011b\u017en\u011b  p\u0159edkl\u00e1d\u00e1n ke kontrole legislativn\u00ed pr\u00e1vnosti.<\/p>\n<p><strong>Proto\u017ee u\u017e  d\u0159\u00edve m\u00edstop\u0159edseda Sn\u011bmovny Zaor\u00e1lek mluvil o &#8222;pr\u00e1vn\u00edkovi Kancel\u00e1\u0159e  prezidenta republiky&#8220; a v t\u00e9to souvislosti v m\u00e9di\u00edch padalo jm\u00e9no  prezidentova poradce JUDr. Jaroslava Kuby, kter\u00fd byl i pozv\u00e1n do po\u0159adu  HydePark, kde se m\u011bl k amnestii vyjad\u0159ovat, m\u016f\u017eete potvrdit nebo  vylou\u010dit toto jm\u00e9no? <\/strong><br \/>\n<strong> <\/strong><br \/>\nMohu ho vylou\u010dit.<\/p>\n<p><strong>Pan  prezident odm\u00edtl pozv\u00e1n\u00ed do Poslaneck\u00e9 sn\u011bmovny se slovy, \u017ee o amnestii  nem\u00e1 smysl diskutovat, \u017ee pln\u011b posta\u010d\u00ed, kdy\u017e si jej\u00ed slova poslanci s  chladnou hlavou p\u0159e\u010dtou. Podobn\u00e9 pozv\u00e1n\u00ed na sly\u0161en\u00ed dostal i do Sen\u00e1tu.  Zareaguje podobn\u011b? <\/strong><\/p>\n<p>A co by jim tam m\u011bl \u0159\u00edkat? \u017de v  r\u00e1mci sv\u00fdch pravomoc\u00ed vyhl\u00e1sil amnestii? A \u017ee ji vyhl\u00e1sil v podob\u011b, pro  kterou se rozhodl? A \u017ee jin\u00fd prezident na jeho m\u00edst\u011b by ji pochopiteln\u011b  bu\u010f nevyhl\u00e1sil, nebo vyhl\u00e1sil jindy a v jin\u00e9 podob\u011b?<\/p>\n<p><strong>M\u00e9dia  ot\u00e1zku amnestie nafukuj\u00ed a stra\u0161\u00ed t\u00edm, \u017ee spekuluj\u00ed, koho by se mohla  t\u00fdkat, a\u010dkoli to nen\u00ed v\u016fbec jasn\u00e9 (nap\u0159\u00edklad se mluvilo o silni\u010dn\u00edm  pir\u00e1tovi, aby se pak zjistilo, \u017ee jemu amnestie nijak nepom\u016f\u017ee). Mohl  byste jmenovat n\u011bjak\u00e9 jin\u00e9 p\u0159\u00edklady, kdy m\u00e9dia zbyte\u010dn\u011b &#8222;hyster\u010dila&#8220; a  z\u00e1m\u011brn\u011b nebo nev\u011bdomky ml\u017eila? V\u00edte i o jin\u00fdch p\u0159\u00edpadech, kdy se nakonec  uk\u00e1zalo, \u017ee toho, o kom se spekulovalo, se amnestie \/ abolice nakonec  nedotkne, ale dnes se o tom u\u017e nep\u00ed\u0161e? <\/strong><\/p>\n<p>Mohl, ale j\u00e1 se jednotliv\u00fdmi p\u0159\u00edpady nezab\u00fdv\u00e1m.<\/p>\n<p><strong>Co  \u0159\u00edk\u00e1te na n\u00e1vrh skupiny sen\u00e1tor\u016f \u00dastavn\u00edmu soudu zru\u0161it \u010d\u00e1st amnestie?  M\u016f\u017ee v\u016fbec \u00dastavn\u00ed soud prezidentovo rozhodnut\u00ed zru\u0161it?<\/strong><\/p>\n<p>Ten m\u016f\u017ee v\u0161echno. I na\u0159\u00eddit n\u00e1m, \u017ee m\u00e1me od z\u00edt\u0159ka chodit po hlav\u011b.<\/p>\n<p><strong>Sen\u00e1tor  Tomio Okamura zase s pr\u00e1vni\u010dkou Kl\u00e1rou Samkovou sepisuje \u017ealobu na  prezidenta. Mysl\u00edte, \u017ee n\u011bco takov\u00e9ho m\u016f\u017ee m\u00edt ze sv\u00e9 hlavy, nebo i  Okamura je \u010dlov\u011bk, kter\u00fd je n\u011bk\u00fdm \u00fa\u010delov\u011b vyu\u017e\u00edv\u00e1n, aby \u00fato\u010dil na  prezidenta? <\/strong><br \/>\n<strong> <\/strong><br \/>\nO tom fakt nechci spekulovat.<\/p>\n<p><strong>Jakou  roli v rozhodnut\u00ed prezidenta o amnestii sehr\u00e1la chystan\u00e1 amnestie na  Slovensku? Kdy jste se o ni dozv\u011bd\u011bli a konzultovali n\u011bjak p\u00e1ni  prezidenti sv\u00e9 kroky?<\/strong><\/p>\n<p>Dov\u011bd\u011bli jsme se o n\u00ed a jej\u00ed text  z\u00edskali n\u011bkdy p\u0159ed V\u00e1noci. To u\u017e byl prezident rozhodnut, \u017ee ji vyhl\u00e1s\u00ed  k 20. v\u00fdro\u010d\u00ed samostatn\u00e9 \u010cesk\u00e9 republiky. Proto ho pot\u011b\u0161ilo, \u017ee  nez\u00e1visle na n\u011bm m\u011bl slovensk\u00fd prezident stejn\u00fd n\u00e1pad. V samotn\u00e9m zn\u011bn\u00ed  byla pro n\u00e1s ta slovensk\u00e1 u\u017e jen dodate\u010dnou inspirac\u00ed.<\/p>\n<p><strong>D\u011bkuji za odpov\u011bdi<\/strong><\/p>\n<p><a href=\"http:\/\/www.prvnizpravy.cz\/zpravy\/z-domova\/jakl-o-amnestii-kladne-reakce-dnes-uz-prevladaji\" target=\"_blank\">Zdroj<\/a><strong><br \/>\n<\/strong><\/p>\n","protected":false},"excerpt":{"rendered":"<p>S prezidentov\u00fdm tajemn\u00edkem Ladislavem Jaklem o amnestii, medi\u00e1ln\u00ed hysterii a \u00dastavn\u00edm soudu, kter\u00fd m\u016f\u017ee cokoli&#8230;<\/p>\n","protected":false},"author":1,"featured_media":0,"comment_status":"open","ping_status":"open","sticky":false,"template":"","format":"standard","meta":{"ngg_post_thumbnail":0,"footnotes":""},"categories":[13],"tags":[],"class_list":["post-3440","post","type-post","status-publish","format-standard","hentry","category-rozhovory"],"_links":{"self":[{"href":"https:\/\/www.ladislavjakl.cz\/index.php?rest_route=\/wp\/v2\/posts\/3440","targetHints":{"allow":["GET"]}}],"collection":[{"href":"https:\/\/www.ladislavjakl.cz\/index.php?rest_route=\/wp\/v2\/posts"}],"about":[{"href":"https:\/\/www.ladislavjakl.cz\/index.php?rest_route=\/wp\/v2\/types\/post"}],"author":[{"embeddable":true,"href":"https:\/\/www.ladislavjakl.cz\/index.php?rest_route=\/wp\/v2\/users\/1"}],"replies":[{"embeddable":true,"href":"https:\/\/www.ladislavjakl.cz\/index.php?rest_route=%2Fwp%2Fv2%2Fcomments&post=3440"}],"version-history":[{"count":3,"href":"https:\/\/www.ladislavjakl.cz\/index.php?rest_route=\/wp\/v2\/posts\/3440\/revisions"}],"predecessor-version":[{"id":3442,"href":"https:\/\/www.ladislavjakl.cz\/index.php?rest_route=\/wp\/v2\/posts\/3440\/revisions\/3442"}],"wp:attachment":[{"href":"https:\/\/www.ladislavjakl.cz\/index.php?rest_route=%2Fwp%2Fv2%2Fmedia&parent=3440"}],"wp:term":[{"taxonomy":"category","embeddable":true,"href":"https:\/\/www.ladislavjakl.cz\/index.php?rest_route=%2Fwp%2Fv2%2Fcategories&post=3440"},{"taxonomy":"post_tag","embeddable":true,"href":"https:\/\/www.ladislavjakl.cz\/index.php?rest_route=%2Fwp%2Fv2%2Ftags&post=3440"}],"curies":[{"name":"wp","href":"https:\/\/api.w.org\/{rel}","templated":true}]}}