{"id":3444,"date":"2013-01-23T09:38:18","date_gmt":"2013-01-23T08:38:18","guid":{"rendered":"http:\/\/www.ladislavjakl.cz\/?p=3444"},"modified":"2013-01-23T09:38:18","modified_gmt":"2013-01-23T08:38:18","slug":"schwarzenberg-dekrety-nechce-chapat","status":"publish","type":"post","link":"https:\/\/www.ladislavjakl.cz\/?p=3444","title":{"rendered":"Schwarzenberg dekrety nechce ch\u00e1pat"},"content":{"rendered":"<p>R\u00e1d bych p\u0159edsedovi TOP 09 p\u0159ipomenul, \u017ee v\u00edce ne\u017e sto Bene\u0161ov\u00fdch dekret\u016f platilo jen n\u011bkolik m\u011bs\u00edc\u016f, proto\u017ee kdy\u017e se pak poprv\u00e9 po v\u00e1lce se\u0161el \u010deskoslovensk\u00fd parlament, potvrdil je jako z\u00e1kony.<\/p>\n<p><!--more-->Pan ministr zahrani\u010d\u00ed by tedy p\u0159ed haagsk\u00fd tribun\u00e1l musel postavit cel\u00fd n\u00e1\u0161 tehdej\u0161\u00ed z\u00e1konod\u00e1rn\u00fd sbor. Jist\u011b\u017ee tyto z\u00e1kony nejsou neplatn\u00e9 nebo zru\u0161en\u00e9 listinou pr\u00e1v a z\u00e1kladn\u00edch svobod, jak tvrd\u00ed. Jsou platnou sou\u010d\u00e1st\u00ed pr\u00e1vn\u00edho \u0159\u00e1du a t\u0159eba v kl\u00ed\u010dov\u00e9 v\u011bci ob\u010danstv\u00ed jsou dodnes ur\u010duj\u00edc\u00ed.<\/p>\n","protected":false},"excerpt":{"rendered":"<p>R\u00e1d bych p\u0159edsedovi TOP 09 p\u0159ipomenul, \u017ee v\u00edce ne\u017e sto Bene\u0161ov\u00fdch dekret\u016f platilo jen n\u011bkolik m\u011bs\u00edc\u016f, proto\u017ee kdy\u017e se pak poprv\u00e9 po v\u00e1lce se\u0161el \u010deskoslovensk\u00fd parlament, potvrdil je jako z\u00e1kony.<\/p>\n","protected":false},"author":1,"featured_media":0,"comment_status":"open","ping_status":"open","sticky":false,"template":"","format":"standard","meta":{"ngg_post_thumbnail":0,"footnotes":""},"categories":[6],"tags":[],"class_list":["post-3444","post","type-post","status-publish","format-standard","hentry","category-co-jsem-nerekl"],"_links":{"self":[{"href":"https:\/\/www.ladislavjakl.cz\/index.php?rest_route=\/wp\/v2\/posts\/3444","targetHints":{"allow":["GET"]}}],"collection":[{"href":"https:\/\/www.ladislavjakl.cz\/index.php?rest_route=\/wp\/v2\/posts"}],"about":[{"href":"https:\/\/www.ladislavjakl.cz\/index.php?rest_route=\/wp\/v2\/types\/post"}],"author":[{"embeddable":true,"href":"https:\/\/www.ladislavjakl.cz\/index.php?rest_route=\/wp\/v2\/users\/1"}],"replies":[{"embeddable":true,"href":"https:\/\/www.ladislavjakl.cz\/index.php?rest_route=%2Fwp%2Fv2%2Fcomments&post=3444"}],"version-history":[{"count":1,"href":"https:\/\/www.ladislavjakl.cz\/index.php?rest_route=\/wp\/v2\/posts\/3444\/revisions"}],"predecessor-version":[{"id":3445,"href":"https:\/\/www.ladislavjakl.cz\/index.php?rest_route=\/wp\/v2\/posts\/3444\/revisions\/3445"}],"wp:attachment":[{"href":"https:\/\/www.ladislavjakl.cz\/index.php?rest_route=%2Fwp%2Fv2%2Fmedia&parent=3444"}],"wp:term":[{"taxonomy":"category","embeddable":true,"href":"https:\/\/www.ladislavjakl.cz\/index.php?rest_route=%2Fwp%2Fv2%2Fcategories&post=3444"},{"taxonomy":"post_tag","embeddable":true,"href":"https:\/\/www.ladislavjakl.cz\/index.php?rest_route=%2Fwp%2Fv2%2Ftags&post=3444"}],"curies":[{"name":"wp","href":"https:\/\/api.w.org\/{rel}","templated":true}]}}