{"id":3446,"date":"2013-01-23T09:41:07","date_gmt":"2013-01-23T08:41:07","guid":{"rendered":"http:\/\/www.ladislavjakl.cz\/?p=3446"},"modified":"2013-01-23T09:41:07","modified_gmt":"2013-01-23T08:41:07","slug":"reakce-na-z-prstu-vycucany-clanek-lidovych-novin","status":"publish","type":"post","link":"https:\/\/www.ladislavjakl.cz\/?p=3446","title":{"rendered":"Reakce na z prstu vycucan\u00fd \u010dl\u00e1nek Lidov\u00fdch novin"},"content":{"rendered":"<p>Nen\u00ed pravdou, \u017ee amnestii p\u0159ipravovala trojice Jakl, Hasenkopf, Koudelka. P\u0159ipravoval ji prezident republiky v\u00a0osobn\u00edch debat\u00e1ch se sv\u00fdmi bl\u00edzk\u00fdmi spolupracovn\u00edky. To \u0159\u00edk\u00e1m st\u00e1le.<\/p>\n<p><!--more-->Lidov\u00e9 noviny otiskly 19. ledna zcela nepravdiv\u00fd \u010dl\u00e1nek, t\u00fdkaj\u00edc\u00ed se mj. m\u00e9 osoby. Ji\u017e 2. ledna jsem t\u011bmto novin\u00e1m na jejich dotaz o tom, jak prob\u00edhalo sestavov\u00e1n\u00ed parametr\u016f amnestie, \u0159ekl, \u017ee amnestie vznikla v\u00a0polemick\u00fdch debat\u00e1ch. Na ot\u00e1zku, jak \u0161irok\u00fd byl okruh spolupracovn\u00edk\u016f, kter\u00e9 prezident do polemiky zapojil, jsem \u0159ekl, \u017ee to byl okruh t\u0159\u00ed lid\u00ed. Oba lid\u00e9, kter\u00e9 jmenuj\u00ed LN, mezi n\u011b nepat\u0159\u00ed.<\/p>\n<p>LN v\u0161e stav\u011bj\u00ed na n\u011bjak\u00e9m textu jednoho z\u00a0expert\u016f. Z\u00a0n\u011bj ale nijak neplyne, \u017ee by se jeho autor pod\u00edlel na polemice s\u00a0prezidentem o amnestii, co\u017e tak\u00e9 nen\u00ed pravdou. Podobn\u00fdch text\u016f jsem za posledn\u00ed l\u00e9ta vid\u011bl mnoho, i od exministra Posp\u00ed\u0161ila nebo od kohosi z\u00a0\u00dastavn\u00edho soudu. Tak\u00e9 nen\u00ed pravdou, \u017ee bych m\u011bl kdy \u201ena starosti\u201c milosti, nen\u00ed pravdou, \u017ee by v\u00a0debat\u00e1ch o amnestii kdy zazn\u00edvala jm\u00e9na dvou v\u00a0LN jmenovan\u00fdch st\u00edhan\u00fdch osob, nen\u00ed pravdou, \u017ee by prezident \u201enem\u011bl v\u00a0l\u00e1sce\u201c toho mal\u016fvk\u00e1\u0159e po plak\u00e1tech, atd. Nen\u00ed ani pravdou, \u017ee bychom n\u011bco o amnestii \u201enejp\u0159\u00edsn\u011bji\u201c tajili. Co v\u011bta, to nesmysl.<\/p>\n<p>N\u011bkte\u0159\u00ed \u010dten\u00e1\u0159i mi nyn\u00ed vyhro\u017euj\u00ed i smrt\u00ed. Mo\u017en\u00e1 o tom pak LN nap\u00ed\u0161\u00ed, \u017ee jsem ty jimi inspirovan\u00e9 n\u00e1siln\u00edky p\u0159epadl.<\/p>\n","protected":false},"excerpt":{"rendered":"<p>Nen\u00ed pravdou, \u017ee amnestii p\u0159ipravovala trojice Jakl, Hasenkopf, Koudelka. P\u0159ipravoval ji prezident republiky v\u00a0osobn\u00edch debat\u00e1ch se sv\u00fdmi bl\u00edzk\u00fdmi spolupracovn\u00edky. To \u0159\u00edk\u00e1m st\u00e1le.<\/p>\n","protected":false},"author":1,"featured_media":0,"comment_status":"open","ping_status":"open","sticky":false,"template":"","format":"standard","meta":{"ngg_post_thumbnail":0,"footnotes":""},"categories":[6],"tags":[],"class_list":["post-3446","post","type-post","status-publish","format-standard","hentry","category-co-jsem-nerekl"],"_links":{"self":[{"href":"https:\/\/www.ladislavjakl.cz\/index.php?rest_route=\/wp\/v2\/posts\/3446","targetHints":{"allow":["GET"]}}],"collection":[{"href":"https:\/\/www.ladislavjakl.cz\/index.php?rest_route=\/wp\/v2\/posts"}],"about":[{"href":"https:\/\/www.ladislavjakl.cz\/index.php?rest_route=\/wp\/v2\/types\/post"}],"author":[{"embeddable":true,"href":"https:\/\/www.ladislavjakl.cz\/index.php?rest_route=\/wp\/v2\/users\/1"}],"replies":[{"embeddable":true,"href":"https:\/\/www.ladislavjakl.cz\/index.php?rest_route=%2Fwp%2Fv2%2Fcomments&post=3446"}],"version-history":[{"count":1,"href":"https:\/\/www.ladislavjakl.cz\/index.php?rest_route=\/wp\/v2\/posts\/3446\/revisions"}],"predecessor-version":[{"id":3447,"href":"https:\/\/www.ladislavjakl.cz\/index.php?rest_route=\/wp\/v2\/posts\/3446\/revisions\/3447"}],"wp:attachment":[{"href":"https:\/\/www.ladislavjakl.cz\/index.php?rest_route=%2Fwp%2Fv2%2Fmedia&parent=3446"}],"wp:term":[{"taxonomy":"category","embeddable":true,"href":"https:\/\/www.ladislavjakl.cz\/index.php?rest_route=%2Fwp%2Fv2%2Fcategories&post=3446"},{"taxonomy":"post_tag","embeddable":true,"href":"https:\/\/www.ladislavjakl.cz\/index.php?rest_route=%2Fwp%2Fv2%2Ftags&post=3446"}],"curies":[{"name":"wp","href":"https:\/\/api.w.org\/{rel}","templated":true}]}}