{"id":3448,"date":"2013-01-23T09:42:21","date_gmt":"2013-01-23T08:42:21","guid":{"rendered":"http:\/\/www.ladislavjakl.cz\/?p=3448"},"modified":"2013-01-23T09:42:21","modified_gmt":"2013-01-23T08:42:21","slug":"manzel-senatorky-wagnerove-se-pustil-do-jakla-jste-podprumerny-muzikant","status":"publish","type":"post","link":"https:\/\/www.ladislavjakl.cz\/?p=3448","title":{"rendered":"Man\u017eel sen\u00e1torky Wagnerov\u00e9 se pustil do Jakla: Jste podpr\u016fm\u011brn\u00fd muzikant"},"content":{"rendered":"<p>Man\u017eel sen\u00e1torky Eli\u0161ky Wagnerov\u00e9 se zastal sv\u00e9 man\u017eelky. V emailu  Ladislavu Jaklovi mu vy\u010detl ur\u00e1\u017eku b\u00fdval\u00e9 \u00fastavn\u00ed soudkyn\u011b a nazval ho  podpr\u016fm\u011brn\u00fdm muzikantem.<\/p>\n<p><!--more--><\/p>\n<p>Ladislav Jakl na sv\u00e9m <a id=\"anchorbbtBubble47\">webu<\/a> zve\u0159ejnil email od Arno\u0161ta Wagnera. <a id=\"anchorbbtBubble53\">Ten<\/a> Jakla kritizuje kv\u016fli slov\u016fm tajemn\u00edka prezidenta republiky z Ot\u00e1zek  V\u00e1clava Moravce: \u201c\u2026kdyby byla (Eli\u0161ka Wagnerov\u00e1, pozn. red.) t\u0159eba  soudkyn\u00ed\u2026ale proto\u017ee je jenom sen\u00e1torkou, tak to v\u011bd\u011bt nemus\u00ed.\u201d T\u00e9matem  byla prezidentsk\u00e1 amnestie.<\/p>\n<p>Tato slova man\u017eela sen\u00e1torky  roz\u010d\u00edlila. &#8222;I jako zhrzen\u00fd kandid\u00e1t na prezidenta a podpr\u016fm\u011brn\u00fd muzikant  v\u00edte, \u017ee EW byla -do b\u0159ezna 2O12- soudkyn\u00ed v\u00edce ne\u017e 15 let. Na rozd\u00edl  od du\u0161evn\u011b chor\u00e9ho fanatika H\u00e1jka jste pro tento st\u00e1t je\u0161t\u011b  nebezpe\u010dn\u011bj\u0161\u00ed. Jste lh\u00e1\u0159 a velice zl\u00fd \u010dlov\u011bk v ulit\u011b \u201crozv\u00e1\u017en\u00e9ho\u201d  mudrlanta. Doufejte, \u017ee se my dva nikdy nesetk\u00e1me!&#8220; napsal v emailu,  kter\u00fd Jakl zve\u0159ejnil.<\/p>\n<p>Jakl na to odpov\u011bd\u011bl, \u017ee se jedn\u00e1 o kr\u00e1sn\u00fd  p\u0159\u00edklad pravdy a l\u00e1sky v praxi. &#8222;Ur\u00e1\u017e\u00edte a vyhro\u017eujete. J\u00e1 nemus\u00edm  doufat, \u017ee se nesetk\u00e1me, na v\u00fdhr\u016f\u017eky podobn\u00fdch povah jsem zvykl\u00fd,&#8220;  napsal Jakl. Wagnerov\u00e1 ho pr\u00fd ur\u00e1\u017e\u00ed, kudy chod\u00ed.<\/p>\n<p>&#8222;P\u0159itom si plete  vl\u00e1dn\u00ed p\u0159estupkovou amnestii s prezidentskou trestn\u00ed, ani nezn\u00e1 jejich  po\u010det a jde na toto t\u00e9ma pou\u010dovat n\u00e1rod do televize,&#8220; pokra\u010duje v  odpov\u011bdi Jakl.<\/p>\n<p>Wagnerov\u00e1 si pr\u00fd zvykla na soudcovskou nedotknutelnost. Pak ale podle Jakla nem\u011bla chodit do politiky.<\/p>\n<p><a href=\"http:\/\/domaci.eurozpravy.cz\/politika\/63811-manzel-senatorky-wagnerove-se-pustil-do-jakla-jste-podprumerny-muzikant\/\" target=\"_blank\">Zdroj<\/a><\/p>\n","protected":false},"excerpt":{"rendered":"<p>Man\u017eel sen\u00e1torky Eli\u0161ky Wagnerov\u00e9 se zastal sv\u00e9 man\u017eelky. V emailu Ladislavu Jaklovi mu vy\u010detl ur\u00e1\u017eku b\u00fdval\u00e9 \u00fastavn\u00ed soudkyn\u011b a nazval ho podpr\u016fm\u011brn\u00fdm muzikantem.<\/p>\n","protected":false},"author":1,"featured_media":0,"comment_status":"open","ping_status":"open","sticky":false,"template":"","format":"standard","meta":{"ngg_post_thumbnail":0,"footnotes":""},"categories":[11],"tags":[],"class_list":["post-3448","post","type-post","status-publish","format-standard","hentry","category-ozvena"],"_links":{"self":[{"href":"https:\/\/www.ladislavjakl.cz\/index.php?rest_route=\/wp\/v2\/posts\/3448","targetHints":{"allow":["GET"]}}],"collection":[{"href":"https:\/\/www.ladislavjakl.cz\/index.php?rest_route=\/wp\/v2\/posts"}],"about":[{"href":"https:\/\/www.ladislavjakl.cz\/index.php?rest_route=\/wp\/v2\/types\/post"}],"author":[{"embeddable":true,"href":"https:\/\/www.ladislavjakl.cz\/index.php?rest_route=\/wp\/v2\/users\/1"}],"replies":[{"embeddable":true,"href":"https:\/\/www.ladislavjakl.cz\/index.php?rest_route=%2Fwp%2Fv2%2Fcomments&post=3448"}],"version-history":[{"count":1,"href":"https:\/\/www.ladislavjakl.cz\/index.php?rest_route=\/wp\/v2\/posts\/3448\/revisions"}],"predecessor-version":[{"id":3449,"href":"https:\/\/www.ladislavjakl.cz\/index.php?rest_route=\/wp\/v2\/posts\/3448\/revisions\/3449"}],"wp:attachment":[{"href":"https:\/\/www.ladislavjakl.cz\/index.php?rest_route=%2Fwp%2Fv2%2Fmedia&parent=3448"}],"wp:term":[{"taxonomy":"category","embeddable":true,"href":"https:\/\/www.ladislavjakl.cz\/index.php?rest_route=%2Fwp%2Fv2%2Fcategories&post=3448"},{"taxonomy":"post_tag","embeddable":true,"href":"https:\/\/www.ladislavjakl.cz\/index.php?rest_route=%2Fwp%2Fv2%2Ftags&post=3448"}],"curies":[{"name":"wp","href":"https:\/\/api.w.org\/{rel}","templated":true}]}}