{"id":345,"date":"2010-05-13T12:36:07","date_gmt":"2010-05-13T11:36:07","guid":{"rendered":"http:\/\/www.ladislavjakl.cz\/?p=345"},"modified":"2010-05-13T12:36:28","modified_gmt":"2010-05-13T11:36:28","slug":"roztomily-editor-lidovych-novin-aneb-najdi-10-rozdilu","status":"publish","type":"post","link":"https:\/\/www.ladislavjakl.cz\/?p=345","title":{"rendered":"Roztomil\u00fd editor Lidov\u00fdch novin, aneb najdi 10 rozd\u00edl\u016f"},"content":{"rendered":"<p>Poskytl jsem Lidov\u00fdm novin\u00e1m rozhovor. P\u00edsemn\u00fd. Tohle je jeho \u010d\u00e1st:<br \/>\n<!--more--><strong>2. Jak by se podle v\u00e1s m\u011bla k n\u00e1vrhu komise postavit \u010cesk\u00e1 republika?<br \/>\n<\/strong><br \/>\nPokud by \u010cesk\u00e1 republika m\u011bla prst a m\u011bla by i \u010delo, musela by si t\u00edm prstem na to \u010delo za\u0165ukat.<\/p>\n<p><strong>3. Je pravd\u011bpodobn\u00e9, \u017ee prezident by takov\u00fd n\u00e1vrh musel podepsat podobn\u011b, jako Lisabonskou smlouvu. U\u010dinil by tak v tomto p\u0159\u00edpad\u011b?<br \/>\n<\/strong><br \/>\nSmyslem toho buselsk\u00e9ho pl\u00e1cnut\u00ed bylo, aby se na to novin\u00e1\u0159i ptali politik\u016f jako na v\u00e1\u017enou v\u011bc. Ale ona to v\u00e1\u017en\u00e1 v\u011bc nen\u00ed.<\/p>\n<p><span style=\"color: #ff0000;\"><strong>A tohle pak vy\u0161lo v Lidov\u00fdch novin\u00e1ch:<br \/>\n<\/strong><\/span><br \/>\n<strong>LN: Jak by se podle v\u00e1s m\u011bla k n\u00e1vrhu komise postavit \u010cesk\u00e1 republika?<br \/>\n<\/strong><br \/>\nPokud by \u010cesk\u00e1 republika m\u011bla prst a m\u011bla by i \u010delo, musela by si t\u00edm prstem na to \u010delo za\u0165ukat<br \/>\nJe pravd\u011bpodobn\u00e9, \u017ee prezident by takov\u00fd n\u00e1vrh musel podepsat podobn\u011b jako Lisabonskou smlouvu.<\/p>\n<p><strong>LN: U\u010dinil by tak v tomto p\u0159\u00edpad\u011b?<br \/>\n<\/strong><br \/>\nSmyslem tohoto bruselsk\u00e9ho pl\u00e1cnut\u00ed bylo, aby se na to novin\u00e1\u0159i ptali politk\u016f jako na v\u00e1\u017enou v\u011bc. Pravda je ale takov\u00e1, \u017ee to v\u00e1\u017en\u00e1 v\u011bc nen\u00ed.<\/p>\n<p><em>\u010cten\u00e1\u0159 si te\u010f bude myslet, \u017ee slova o tom, \u017ee prezident bude muset podepsat n\u00e1vrh opat\u0159en\u00ed, podle kter\u00e9ho by rozpo\u010dty jednotliv\u00fdch st\u00e1t\u016f musel p\u0159edem schvalovat Brusel, \u0159\u00edk\u00e1m j\u00e1. P\u0159itom to ne\u0159\u00edk\u00e1m j\u00e1 ale Lidov\u00e9 noviny. No nen\u00ed ten editor Lidov\u00fdch novin roztomil\u00fd \u010dlov\u011bk?<\/em><\/p>\n","protected":false},"excerpt":{"rendered":"<p>Poskytl jsem Lidov\u00fdm novin\u00e1m rozhovor. P\u00edsemn\u00fd. Tohle je jeho \u010d\u00e1st:<\/p>\n","protected":false},"author":1,"featured_media":0,"comment_status":"open","ping_status":"open","sticky":false,"template":"","format":"standard","meta":{"ngg_post_thumbnail":0,"footnotes":""},"categories":[6],"tags":[],"class_list":["post-345","post","type-post","status-publish","format-standard","hentry","category-co-jsem-nerekl"],"_links":{"self":[{"href":"https:\/\/www.ladislavjakl.cz\/index.php?rest_route=\/wp\/v2\/posts\/345","targetHints":{"allow":["GET"]}}],"collection":[{"href":"https:\/\/www.ladislavjakl.cz\/index.php?rest_route=\/wp\/v2\/posts"}],"about":[{"href":"https:\/\/www.ladislavjakl.cz\/index.php?rest_route=\/wp\/v2\/types\/post"}],"author":[{"embeddable":true,"href":"https:\/\/www.ladislavjakl.cz\/index.php?rest_route=\/wp\/v2\/users\/1"}],"replies":[{"embeddable":true,"href":"https:\/\/www.ladislavjakl.cz\/index.php?rest_route=%2Fwp%2Fv2%2Fcomments&post=345"}],"version-history":[{"count":3,"href":"https:\/\/www.ladislavjakl.cz\/index.php?rest_route=\/wp\/v2\/posts\/345\/revisions"}],"predecessor-version":[{"id":348,"href":"https:\/\/www.ladislavjakl.cz\/index.php?rest_route=\/wp\/v2\/posts\/345\/revisions\/348"}],"wp:attachment":[{"href":"https:\/\/www.ladislavjakl.cz\/index.php?rest_route=%2Fwp%2Fv2%2Fmedia&parent=345"}],"wp:term":[{"taxonomy":"category","embeddable":true,"href":"https:\/\/www.ladislavjakl.cz\/index.php?rest_route=%2Fwp%2Fv2%2Fcategories&post=345"},{"taxonomy":"post_tag","embeddable":true,"href":"https:\/\/www.ladislavjakl.cz\/index.php?rest_route=%2Fwp%2Fv2%2Ftags&post=345"}],"curies":[{"name":"wp","href":"https:\/\/api.w.org\/{rel}","templated":true}]}}