{"id":3450,"date":"2013-01-23T09:43:42","date_gmt":"2013-01-23T08:43:42","guid":{"rendered":"http:\/\/www.ladislavjakl.cz\/?p=3450"},"modified":"2013-01-23T09:43:42","modified_gmt":"2013-01-23T08:43:42","slug":"amnestie-fakta-ktera-15-let-nikoho-nezajimaji","status":"publish","type":"post","link":"https:\/\/www.ladislavjakl.cz\/?p=3450","title":{"rendered":"Amnestie: fakta, kter\u00e1 15 let nikoho nezaj\u00edmaj\u00ed"},"content":{"rendered":"<p>Ti, co se dnes sna\u017e\u00ed skandalizovat a o\u010dernit prezidenta republiky, tvrd\u00ed, \u017ee zastaven\u00ed st\u00edh\u00e1n\u00ed je cosi mimo\u0159\u00e1dn\u00e9ho. Ono to chce ale ob\u010das fakta. Zastaven\u00ed st\u00edh\u00e1n\u00ed obsahovaly i v\u0161echny p\u0159edchoz\u00ed amnestie.<\/p>\n<p><!--more-->Ta sou\u010dasn\u00e1 zastavuje 150 \u0159\u00edzen\u00ed, kde soudy nebyly schopny vyn\u00e9st rozsudek. Mluv\u00ed se o desetin\u011b medi\u00e1ln\u011b obl\u00edben\u00fdch z tohoto po\u010dtu. Ty ostatn\u00ed, kde soudy p\u016fl generace ni\u010d\u00ed \u017eivoty lid\u00ed, nikdo nezm\u00ednil.<\/p>\n<p>P\u0159ipom\u00edn\u00e1m ale, \u017ee ta minul\u00e1 Havlova amnestie zastavila stokr\u00e1t v\u00edce kauz. Tedy na 16 tis\u00edc. Sice tam nehrozily vysok\u00e9 tresty, ale t\u00edm, \u017ee \u0161lo o ohromn\u00e9 po\u010dty p\u0159\u00edpad\u016f, \u0161lo nutn\u011b i o mnoho tis\u00edc po\u0161kozen\u00fdch. A nav\u00edc \u0161lo ne o beznad\u011bjn\u00e1 \u0159\u00edzen\u00ed, ale o aktu\u00e1ln\u011b \u0159e\u0161en\u00e1, kde rozsudek byl v dohlednu. Kde byli tehdy dne\u0161n\u00ed k\u0159iklouni? A kde jsou dnes?<\/p>\n","protected":false},"excerpt":{"rendered":"<p>Ti, co se dnes sna\u017e\u00ed skandalizovat a o\u010dernit prezidenta republiky, tvrd\u00ed, \u017ee zastaven\u00ed st\u00edh\u00e1n\u00ed je cosi mimo\u0159\u00e1dn\u00e9ho. Ono to chce ale ob\u010das fakta. Zastaven\u00ed st\u00edh\u00e1n\u00ed obsahovaly i v\u0161echny p\u0159edchoz\u00ed amnestie.<\/p>\n","protected":false},"author":1,"featured_media":0,"comment_status":"open","ping_status":"open","sticky":false,"template":"","format":"standard","meta":{"ngg_post_thumbnail":0,"footnotes":""},"categories":[18],"tags":[],"class_list":["post-3450","post","type-post","status-publish","format-standard","hentry","category-postrehy"],"_links":{"self":[{"href":"https:\/\/www.ladislavjakl.cz\/index.php?rest_route=\/wp\/v2\/posts\/3450","targetHints":{"allow":["GET"]}}],"collection":[{"href":"https:\/\/www.ladislavjakl.cz\/index.php?rest_route=\/wp\/v2\/posts"}],"about":[{"href":"https:\/\/www.ladislavjakl.cz\/index.php?rest_route=\/wp\/v2\/types\/post"}],"author":[{"embeddable":true,"href":"https:\/\/www.ladislavjakl.cz\/index.php?rest_route=\/wp\/v2\/users\/1"}],"replies":[{"embeddable":true,"href":"https:\/\/www.ladislavjakl.cz\/index.php?rest_route=%2Fwp%2Fv2%2Fcomments&post=3450"}],"version-history":[{"count":1,"href":"https:\/\/www.ladislavjakl.cz\/index.php?rest_route=\/wp\/v2\/posts\/3450\/revisions"}],"predecessor-version":[{"id":3451,"href":"https:\/\/www.ladislavjakl.cz\/index.php?rest_route=\/wp\/v2\/posts\/3450\/revisions\/3451"}],"wp:attachment":[{"href":"https:\/\/www.ladislavjakl.cz\/index.php?rest_route=%2Fwp%2Fv2%2Fmedia&parent=3450"}],"wp:term":[{"taxonomy":"category","embeddable":true,"href":"https:\/\/www.ladislavjakl.cz\/index.php?rest_route=%2Fwp%2Fv2%2Fcategories&post=3450"},{"taxonomy":"post_tag","embeddable":true,"href":"https:\/\/www.ladislavjakl.cz\/index.php?rest_route=%2Fwp%2Fv2%2Ftags&post=3450"}],"curies":[{"name":"wp","href":"https:\/\/api.w.org\/{rel}","templated":true}]}}