{"id":3452,"date":"2013-01-23T09:45:21","date_gmt":"2013-01-23T08:45:21","guid":{"rendered":"http:\/\/www.ladislavjakl.cz\/?p=3452"},"modified":"2013-01-23T09:45:21","modified_gmt":"2013-01-23T08:45:21","slug":"revolucni-medialni-fronta-v-akci-dejstvi-prvni","status":"publish","type":"post","link":"https:\/\/www.ladislavjakl.cz\/?p=3452","title":{"rendered":"Revolu\u010dn\u00ed medi\u00e1ln\u00ed fronta v akci, d\u011bjstv\u00ed prvn\u00ed"},"content":{"rendered":"<p>To se n\u00e1m to rozv\u00e1\u0161nili. Jen \u010dt\u011bte.<\/p>\n<p><!--more--><a href=\"http:\/\/freeglobe.parlamentnilisty.cz\/Articles\/2493-dalsi-seznam-nenavistnici-v-medich-v-roce-2012.aspx\" target=\"_blank\">http:\/\/freeglobe.parlamentnilisty.cz\/Articles\/2493-dalsi-seznam-nenavistnici-v-medich-v-roce-2012.aspx<\/a><\/p>\n<p>ProAlt nezav\u00e1hal\u2026\u2026\u2026\u2026\u2026\u2026\u2026\u2026\u2026\u2026.<\/p>\n<p><a href=\"http:\/\/www.proalt.cz\/?p=4267\" target=\"_blank\">http:\/\/www.proalt.cz\/?p=4267<\/a><\/p>\n<p>Luk\u00e1\u0161 nezklamal\u2026\u2026\u2026\u2026\u2026\u2026\u2026\u2026\u2026\u2026\u2026\u2026<\/p>\n<p><a href=\"http:\/\/www.denikreferendum.cz\/clanek\/14670-amnestie-jako-darek-k-narozeninam\" target=\"_blank\">http:\/\/www.denikreferendum.cz\/clanek\/14670-amnestie-jako-darek-k-narozeninam<\/a><\/p>\n<p>Politologov\u00e9 jsou zajedno\u2026\u2026\u2026\u2026\u2026\u2026\u2026<\/p>\n<p><a href=\"http:\/\/www.parlamentnilisty.cz\/arena\/politologove\/To-se-Vam-vymsti-pane-prezidente-Dopady-amnestie-na-Klause-258372\" target=\"_blank\">http:\/\/www.parlamentnilisty.cz\/arena\/politologove\/To-se-Vam-vymsti-pane-prezidente-Dopady-amnestie-na-Klause-258372<\/a><\/p>\n<p>Jirka m\u00e1 jasno \u2026\u2026\u2026\u2026\u2026\u2026\u2026\u2026\u2026\u2026.<\/p>\n<p><a href=\"http:\/\/zpravy.e15.cz\/domaci\/politika\/cssd-amnestie-darek-klausovym-kamaradum-z-90-let-943336\" target=\"_blank\">http:\/\/zpravy.e15.cz\/domaci\/politika\/cssd-amnestie-darek-klausovym-kamaradum-z-90-let-943336<\/a><\/p>\n<p>Ani Eli\u0161ka nezav\u00e1hala\u2026\u2026\u2026\u2026\u2026\u2026\u2026\u2026\u2026\u2026\u2026\u2026<\/p>\n<p><a href=\"http:\/\/www.denikreferendum.cz\/clanek\/14662-eliska-wagnerova-rozsah-amnestie-povazuji-za-skandalni\" target=\"_blank\">http:\/\/www.denikreferendum.cz\/clanek\/14662-eliska-wagnerova-rozsah-amnestie-povazuji-za-skandalni<\/a><\/p>\n<p>Zuzka nez\u016fstala pozadu\u2026\u2026\u2026\u2026\u2026\u2026\u2026\u2026\u2026\u2026<\/p>\n<p><a href=\"http:\/\/www.prvnizpravy.cz\/zpravy\/z-domova\/roithova-ztrata-soudnosti-a-vysmech-soudum\/\" target=\"_blank\"> http:\/\/www.prvnizpravy.cz\/zpravy\/z-domova\/roithova-ztrata-soudnosti-a-vysmech-soudum\/<\/a><\/p>\n<p>I\u00a0\u00a0Jana si posp\u00ed\u0161ila se svou tro\u0161kou do ml\u00fdna\u2026\u2026\u2026.<\/p>\n<p><a href=\"http:\/\/www.parlamentnilisty.cz\/arena\/monitor\/Nevidane-Klause-kvuli-amnestii-strhala-i-Bobo-258399\" target=\"_blank\">http:\/\/www.parlamentnilisty.cz\/arena\/monitor\/Nevidane-Klause-kvuli-amnestii-strhala-i-Bobo-258399<\/a><\/p>\n<p>Ani TOP nezav\u00e1hala\u2026\u2026\u2026\u2026\u2026\u2026\u2026\u2026\u2026\u2026\u2026<\/p>\n<p><a href=\"http:\/\/www.novinky.cz\/domaci\/289236-odmitame-odpovednost-za-dusledky-amnestie-ozvala-se-top-09.html\" target=\"_blank\">http:\/\/www.novinky.cz\/domaci\/289236-odmitame-odpovednost-za-dusledky-amnestie-ozvala-se-top-09.html<\/a><\/p>\n<p>Respekt to vid\u00ed jasn\u011b\u2026\u2026\u2026\u2026\u2026\u2026\u2026\u2026\u2026\u2026.<\/p>\n<p><a href=\"http:\/\/respekt.ihned.cz\/komentar\/c1-59052720-amnestie-vedomi\" target=\"_blank\">http:\/\/respekt.ihned.cz\/komentar\/c1-59052720-amnestie-vedomi<\/a><\/p>\n<p>Britsk\u00e9 listy op\u011bt avantgardn\u011b v\u00a0\u010dele \u00fatoku\u2026\u2026\u2026\u2026<\/p>\n<p><a href=\"http:\/\/www.blisty.cz\/art\/66756.html\" target=\"_blank\">http:\/\/www.blisty.cz\/art\/66756.html<\/a><\/p>\n<p><a href=\"http:\/\/www.blisty.cz\/art\/66754.html\" target=\"_blank\">http:\/\/www.blisty.cz\/art\/66754.html<\/a><\/p>\n<p><a href=\"http:\/\/www.blisty.cz\/art\/66750.html\" target=\"_blank\">http:\/\/www.blisty.cz\/art\/66750.html<\/a><\/p>\n<p><a href=\"http:\/\/www.blisty.cz\/art\/66741.html\" target=\"_blank\">http:\/\/www.blisty.cz\/art\/66741.html<\/a><\/p>\n<p>Novinky pracuj\u00ed analyticky\u2026\u2026\u2026\u2026\u2026\u2026\u2026\u2026\u2026\u2026<\/p>\n<p><a href=\"http:\/\/www.novinky.cz\/domaci\/289190-prehled-komu-muze-pomoci-amnestie.html\" target=\"_blank\">http:\/\/www.novinky.cz\/domaci\/289190-prehled-komu-muze-pomoci-amnestie.html<\/a><\/p>\n<p>A \u201eum\u011blci\u201c ji\u017e tvo\u0159\u00ed<\/p>\n<p><a href=\"https:\/\/www.youtube.com\/watch?feature=player_embedded&amp;v=CzRmu5HyYLk\" target=\"_blank\">https:\/\/www.youtube.com\/watch?feature=player_embedded&amp;v=CzRmu5HyYLk#<\/a>!<\/p>\n<p>Nezn\u00e1m\u00fd \u010dten\u00e1\u0159<\/p>\n","protected":false},"excerpt":{"rendered":"<p>To se n\u00e1m to rozv\u00e1\u0161nili. Jen \u010dt\u011bte.<\/p>\n","protected":false},"author":1,"featured_media":0,"comment_status":"open","ping_status":"open","sticky":false,"template":"","format":"standard","meta":{"ngg_post_thumbnail":0,"footnotes":""},"categories":[11],"tags":[],"class_list":["post-3452","post","type-post","status-publish","format-standard","hentry","category-ozvena"],"_links":{"self":[{"href":"https:\/\/www.ladislavjakl.cz\/index.php?rest_route=\/wp\/v2\/posts\/3452","targetHints":{"allow":["GET"]}}],"collection":[{"href":"https:\/\/www.ladislavjakl.cz\/index.php?rest_route=\/wp\/v2\/posts"}],"about":[{"href":"https:\/\/www.ladislavjakl.cz\/index.php?rest_route=\/wp\/v2\/types\/post"}],"author":[{"embeddable":true,"href":"https:\/\/www.ladislavjakl.cz\/index.php?rest_route=\/wp\/v2\/users\/1"}],"replies":[{"embeddable":true,"href":"https:\/\/www.ladislavjakl.cz\/index.php?rest_route=%2Fwp%2Fv2%2Fcomments&post=3452"}],"version-history":[{"count":1,"href":"https:\/\/www.ladislavjakl.cz\/index.php?rest_route=\/wp\/v2\/posts\/3452\/revisions"}],"predecessor-version":[{"id":3453,"href":"https:\/\/www.ladislavjakl.cz\/index.php?rest_route=\/wp\/v2\/posts\/3452\/revisions\/3453"}],"wp:attachment":[{"href":"https:\/\/www.ladislavjakl.cz\/index.php?rest_route=%2Fwp%2Fv2%2Fmedia&parent=3452"}],"wp:term":[{"taxonomy":"category","embeddable":true,"href":"https:\/\/www.ladislavjakl.cz\/index.php?rest_route=%2Fwp%2Fv2%2Fcategories&post=3452"},{"taxonomy":"post_tag","embeddable":true,"href":"https:\/\/www.ladislavjakl.cz\/index.php?rest_route=%2Fwp%2Fv2%2Ftags&post=3452"}],"curies":[{"name":"wp","href":"https:\/\/api.w.org\/{rel}","templated":true}]}}