{"id":3456,"date":"2013-01-23T09:48:05","date_gmt":"2013-01-23T08:48:05","guid":{"rendered":"http:\/\/www.ladislavjakl.cz\/?p=3456"},"modified":"2013-01-23T09:48:05","modified_gmt":"2013-01-23T08:48:05","slug":"amnestie-pes-jitrnicku-sezral","status":"publish","type":"post","link":"https:\/\/www.ladislavjakl.cz\/?p=3456","title":{"rendered":"Amnestie: Pes jitrni\u010dku se\u017eral"},"content":{"rendered":"<p>Jakl: amnestie vznikala v debat\u00e1ch pana prezidenta s nejbli\u017es\u00edmi spolupracovn\u00edky.<\/p>\n<p><!--more-->m\u00e9dia: tak kdo napsal amnestii, kdo ji p\u0159ipravil?<\/p>\n<p>Jakl: amnestie vznikala v debat\u00e1ch pana prezidenta s nejbli\u017es\u00edmi spolupracovn\u00edky.<\/p>\n<p>m\u00e9dia: \u0159ekn\u011bte kone\u010dn\u011b, kdo je autorem amnestie.<\/p>\n<p>Jakl: Prezident. On ji vyhl\u00e1sil a je pod n\u00ed podeps\u00e1n a jej\u00ed text vznikal p\u0159i jeho debat\u00e1ch s nejbli\u017e\u0161\u00edmi spolupracovn\u00edky.<\/p>\n<p>m\u00e9dia: a kdo teda napsal amnestii, pro\u010d to nechcete \u0159\u00edct?<\/p>\n<p>Jakl: nikdo zven\u010d\u00ed nep\u0159ipravil amnestii. Vznikala pri polemik\u00e1ch pana prezidenta s okruhem nejbli\u017e\u0161\u00edch spolupracovn\u00edk\u016f.<\/p>\n<p><span style=\"font-size:10.0pt;font-family:&quot;Arial&quot;,&quot;sans-serif&quot;\"><a href=\"http:\/\/www.ceskatelevize.cz\/ct24\/domaci\/211511-zaoralek-chce-vedet-kdo-s-klausem-pripravoval-amnestii\/\" target=\"_blank\">http:\/\/www.ceskatelevize.cz\/ct24\/domaci\/211511-zaoralek-chce-vedet-kdo-s-klausem-pripravoval-amnestii\/<\/a><\/span><\/p>\n","protected":false},"excerpt":{"rendered":"<p>Jakl: amnestie vznikala v debat\u00e1ch pana prezidenta s nejbli\u017es\u00edmi spolupracovn\u00edky.<\/p>\n","protected":false},"author":1,"featured_media":0,"comment_status":"open","ping_status":"open","sticky":false,"template":"","format":"standard","meta":{"ngg_post_thumbnail":0,"footnotes":""},"categories":[13],"tags":[],"class_list":["post-3456","post","type-post","status-publish","format-standard","hentry","category-rozhovory"],"_links":{"self":[{"href":"https:\/\/www.ladislavjakl.cz\/index.php?rest_route=\/wp\/v2\/posts\/3456","targetHints":{"allow":["GET"]}}],"collection":[{"href":"https:\/\/www.ladislavjakl.cz\/index.php?rest_route=\/wp\/v2\/posts"}],"about":[{"href":"https:\/\/www.ladislavjakl.cz\/index.php?rest_route=\/wp\/v2\/types\/post"}],"author":[{"embeddable":true,"href":"https:\/\/www.ladislavjakl.cz\/index.php?rest_route=\/wp\/v2\/users\/1"}],"replies":[{"embeddable":true,"href":"https:\/\/www.ladislavjakl.cz\/index.php?rest_route=%2Fwp%2Fv2%2Fcomments&post=3456"}],"version-history":[{"count":1,"href":"https:\/\/www.ladislavjakl.cz\/index.php?rest_route=\/wp\/v2\/posts\/3456\/revisions"}],"predecessor-version":[{"id":3457,"href":"https:\/\/www.ladislavjakl.cz\/index.php?rest_route=\/wp\/v2\/posts\/3456\/revisions\/3457"}],"wp:attachment":[{"href":"https:\/\/www.ladislavjakl.cz\/index.php?rest_route=%2Fwp%2Fv2%2Fmedia&parent=3456"}],"wp:term":[{"taxonomy":"category","embeddable":true,"href":"https:\/\/www.ladislavjakl.cz\/index.php?rest_route=%2Fwp%2Fv2%2Fcategories&post=3456"},{"taxonomy":"post_tag","embeddable":true,"href":"https:\/\/www.ladislavjakl.cz\/index.php?rest_route=%2Fwp%2Fv2%2Ftags&post=3456"}],"curies":[{"name":"wp","href":"https:\/\/api.w.org\/{rel}","templated":true}]}}