{"id":3462,"date":"2013-01-23T09:51:15","date_gmt":"2013-01-23T08:51:15","guid":{"rendered":"http:\/\/www.ladislavjakl.cz\/?p=3462"},"modified":"2013-01-23T09:51:15","modified_gmt":"2013-01-23T08:51:15","slug":"prezident-nemusi-informace-o-amnestii-sdelovat-reaguje-jakl-na-zaoralkuv-dopis","status":"publish","type":"post","link":"https:\/\/www.ladislavjakl.cz\/?p=3462","title":{"rendered":"Prezident nemus\u00ed informace o amnestii sd\u011blovat, reaguje Jakl na Zaor\u00e1lk\u016fv dopis"},"content":{"rendered":"<p>\u0158editel politick\u00e9ho odboru prezidentsk\u00e9 kancel\u00e1\u0159e Ladislav Jakl reagoval  na krok m\u00edstop\u0159edsedy \u010cSSD Lubom\u00edra Zaor\u00e1lka. Ten poslal otev\u0159en\u00fd dopis  prezidentu V\u00e1clavu Klausovi, v n\u011bm\u017e po\u017e\u00e1dal o informace o osob\u00e1ch,  kter\u00e9 se pod\u00edlely na p\u0159\u00edprav\u011b amnestie, a osob\u00e1ch, kter\u00e9 m\u011bly p\u0159\u00edstup k  amnestii d\u0159\u00edve, ne\u017e ji podepsal premi\u00e9r Petr Ne\u010das (ODS). Klaus to ale  podle Jakla v\u016fbec nemus\u00ed sd\u011blovat. Informuje na sv\u00e9m webu \u010cT 24.<\/p>\n<p><!--more--><\/p>\n<p>Zaor\u00e1lkovi vad\u00ed, \u017ee nikdo nechce prozradit, kdo na amnestii pracoval.  Hrad argumentuje t\u00edm, \u017ee po zve\u0159ejn\u011bn\u00ed jmen by doty\u010dn\u00ed mohli b\u00fdt  lyn\u010dov\u00e1ni.<\/p>\n<p>Jakl zd\u016fraznil, \u017ee prezident podle z\u00e1kona nem\u00e1 povinnost tyto informace  sd\u011blovat. &#8222;Ten z\u00e1kon se vztahuje na spr\u00e1vn\u00ed org\u00e1ny a prezident  republiky nen\u00ed spr\u00e1vn\u00edm org\u00e1nem. Z toho, co j\u00e1 v\u00edm, ten dopis nespl\u0148uje  n\u00e1le\u017eitosti toho z\u00e1kona,&#8220; zm\u00ednil Jakl.<\/p>\n<h4>Autorem amnestie je p\u0159edev\u0161\u00edm prezident republiky. Rozhodnut\u00ed je na n\u011bm<\/h4>\n<p>&#8222;P\u0159edev\u0161\u00edm amnestii vyhl\u00e1sil prezident republiky. On je jej\u00edm autorem a  on je pod n\u00ed tak\u00e9 podeps\u00e1n. Nepochybn\u011b p\u0159i p\u0159em\u00fd\u0161len\u00ed o tom, jestli ji  vyhl\u00e1s\u00ed, kdy ji vyhl\u00e1s\u00ed, v jak\u00e9m rozsahu &#8211; ur\u010dit\u011b o tom debatoval s  r\u016fzn\u00fdmi lidmi, d\u00edval se do r\u016fzn\u00e9 literatury, ale to kone\u010dn\u00e9 rozhodnut\u00ed  je na n\u011bm,\u201c dodal Jakl.<\/p>\n<p>Poradce pro otev\u0159enost ve\u0159ejn\u00e9 spr\u00e1vy Old\u0159ich Ku\u017e\u00edlek m\u00e1 ale jin\u00fd  n\u00e1zor. Podle n\u011bj jde o to, kdo ur\u010dit\u00e9 \u00fakony realizoval nebo p\u0159ipravoval a  takovou informaci pr\u00fd nen\u00ed mo\u017en\u00e9 chr\u00e1nit. Soci\u00e1ln\u00ed demokracie by tak  d\u00edky dopisu Lubom\u00edra Zaor\u00e1lka mohla usp\u011bt.<\/p>\n<p><a href=\"http:\/\/www.parlamentnilisty.cz\/arena\/monitor\/Prezident-nemusi-informace-o-amnestii-sdelovat-reaguje-Jakl-na-Zaoralkuv-dopis-260118\" target=\"_blank\">Zdroj<\/a><\/p>\n","protected":false},"excerpt":{"rendered":"<p>\u0158editel politick\u00e9ho odboru prezidentsk\u00e9 kancel\u00e1\u0159e Ladislav Jakl reagoval na krok m\u00edstop\u0159edsedy \u010cSSD Lubom\u00edra Zaor\u00e1lka. Ten poslal otev\u0159en\u00fd dopis prezidentu V\u00e1clavu Klausovi, v n\u011bm\u017e po\u017e\u00e1dal o informace o osob\u00e1ch, kter\u00e9 se pod\u00edlely na p\u0159\u00edprav\u011b amnestie, a osob\u00e1ch, kter\u00e9 m\u011bly p\u0159\u00edstup k amnestii d\u0159\u00edve, ne\u017e ji podepsal premi\u00e9r Petr Ne\u010das (ODS). Klaus to ale podle Jakla v\u016fbec [&hellip;]<\/p>\n","protected":false},"author":1,"featured_media":0,"comment_status":"open","ping_status":"open","sticky":false,"template":"","format":"standard","meta":{"ngg_post_thumbnail":0,"footnotes":""},"categories":[11],"tags":[],"class_list":["post-3462","post","type-post","status-publish","format-standard","hentry","category-ozvena"],"_links":{"self":[{"href":"https:\/\/www.ladislavjakl.cz\/index.php?rest_route=\/wp\/v2\/posts\/3462","targetHints":{"allow":["GET"]}}],"collection":[{"href":"https:\/\/www.ladislavjakl.cz\/index.php?rest_route=\/wp\/v2\/posts"}],"about":[{"href":"https:\/\/www.ladislavjakl.cz\/index.php?rest_route=\/wp\/v2\/types\/post"}],"author":[{"embeddable":true,"href":"https:\/\/www.ladislavjakl.cz\/index.php?rest_route=\/wp\/v2\/users\/1"}],"replies":[{"embeddable":true,"href":"https:\/\/www.ladislavjakl.cz\/index.php?rest_route=%2Fwp%2Fv2%2Fcomments&post=3462"}],"version-history":[{"count":1,"href":"https:\/\/www.ladislavjakl.cz\/index.php?rest_route=\/wp\/v2\/posts\/3462\/revisions"}],"predecessor-version":[{"id":3463,"href":"https:\/\/www.ladislavjakl.cz\/index.php?rest_route=\/wp\/v2\/posts\/3462\/revisions\/3463"}],"wp:attachment":[{"href":"https:\/\/www.ladislavjakl.cz\/index.php?rest_route=%2Fwp%2Fv2%2Fmedia&parent=3462"}],"wp:term":[{"taxonomy":"category","embeddable":true,"href":"https:\/\/www.ladislavjakl.cz\/index.php?rest_route=%2Fwp%2Fv2%2Fcategories&post=3462"},{"taxonomy":"post_tag","embeddable":true,"href":"https:\/\/www.ladislavjakl.cz\/index.php?rest_route=%2Fwp%2Fv2%2Ftags&post=3462"}],"curies":[{"name":"wp","href":"https:\/\/api.w.org\/{rel}","templated":true}]}}