{"id":3464,"date":"2013-01-23T09:52:16","date_gmt":"2013-01-23T08:52:16","guid":{"rendered":"http:\/\/www.ladislavjakl.cz\/?p=3464"},"modified":"2013-01-23T09:52:16","modified_gmt":"2013-01-23T08:52:16","slug":"jakl-odmitl-ze-by-se-koudelka-a-hasenkopf-podileli-na-amnestii","status":"publish","type":"post","link":"https:\/\/www.ladislavjakl.cz\/?p=3464","title":{"rendered":"Jakl odm\u00edtl, \u017ee by se Koudelka a Hasenkopf pod\u00edleli na amnestii"},"content":{"rendered":"<p>Tajemn\u00edk prezidenta Ladislav Jakl se v ned\u011bli pro Novinky vyj\u00e1d\u0159il k  informac\u00edm, \u017ee on, st\u00e1tn\u00ed z\u00e1stupce Zden\u011bk Koudelka a pr\u00e1vn\u00edk Pavel  Hasenkopf m\u011bli b\u00fdt t\u011bmi, kdo pro prezidenta V\u00e1clava Klause p\u0159ipravili  amnestii. Jakl odm\u00edt\u00e1, \u017ee by Koudelka \u010di Hasenkopf byli v trojici t\u011bch, s  nimi\u017e prezident vedl polemiku o podob\u011b amnestie.<\/p>\n<p><!--more--><\/p>\n<p>O tom, \u017ee amnestii p\u0159ipravila pro <a title=\"http:\/\/tema.novinky.cz\/vaclav-klaus\" href=\"http:\/\/tema.novinky.cz\/vaclav-klaus\">Klause<\/a> trojice <a title=\"http:\/\/tema.novinky.cz\/ladislav-jakl\" href=\"http:\/\/tema.novinky.cz\/ladislav-jakl\">Jakl<\/a>, Koudelka a Hasenkopf informovaly v sobotu Lidov\u00e9 noviny (LN). [<a title=\"Amnestii pr\u00fd p\u0159ipravovali Jakl, Hasenkopf a Koudelka\" href=\"http:\/\/www.novinky.cz\/domaci\/290713-amnestii-pry-pripravovali-jakl-hasenkopf-a-koudelka.html\">cel\u00e1 zpr\u00e1va<\/a>]<\/p>\n<p>&#8222;Nen\u00ed  pravdou, \u017ee amnestii p\u0159ipravovala trojice Jakl, Hasenkopf, Koudelka.  P\u0159ipravoval ji prezident republiky v osobn\u00edch debat\u00e1ch se sv\u00fdmi bl\u00edzk\u00fdmi  spolupracovn\u00edky. To \u0159\u00edk\u00e1m st\u00e1le,&#8220; uvedl prezident\u016fv tajemn\u00edk, podle  n\u011bho\u017e vznikla amnestie v polemick\u00fdch debat\u00e1ch s trojic\u00ed spolupracovn\u00edk\u016f.  &#8222;Oba lid\u00e9, kter\u00e9 jmenuj\u00ed LN, mezi n\u011b nepat\u0159ili,&#8220; dodal.<\/p>\n<p>Pod\u00edl na p\u0159\u00edprav\u011b amnestie odm\u00edtl podle ministra spravedlnosti <a title=\"http:\/\/tema.novinky.cz\/pavel-blazek\" href=\"http:\/\/tema.novinky.cz\/pavel-blazek\">Pavla Bla\u017eka<\/a> i Koudelka. [<a title=\"Koudelka tvrd\u00ed, \u017ee amnestii nepsal, h\u00e1j\u00ed jej ministr Bla\u017eek\" href=\"http:\/\/www.novinky.cz\/domaci\/290760-koudelka-tvrdi-ze-amnestii-nepsal-haji-jej-ministr-blazek.html\">cel\u00e1 zpr\u00e1va<\/a>]<\/p>\n<p>List  se podle n\u011bj odkazuje na jak\u00fdsi text, z n\u011bho\u017e pr\u00fd neplyne, \u017ee by se na  n\u011bm jeho autor jakkoliv pod\u00edlel. &#8222;Podobn\u00fdch text\u016f jsem za posledn\u00ed l\u00e9ta  vid\u011bl mnoho, i od exministra Posp\u00ed\u0161ila nebo od kohosi z \u00dastavn\u00edho  soudu,&#8220; dodal.<\/p>\n<p>V debat\u00e1ch o amnestii pr\u00fd nezazn\u011bla ani jm\u00e9na dvou  osob, kter\u00e9 \u00fadajn\u011b nem\u00e1 prezident v l\u00e1sce &#8211; Pavla Vondrou\u0161e, kter\u00fd na  Klause vyst\u0159elil z plastikov\u00e9 pistole ani &#8222;mal\u016fvk\u00e1\u0159e po plak\u00e1tech&#8220;  Romana Smetany.<\/p>\n<p>&#8222;N\u011bkte\u0159\u00ed \u010dten\u00e1\u0159i mi nyn\u00ed vyhro\u017euji i smrt\u00ed. Mo\u017en\u00e1 o  tom pak LN nap\u00ed\u0161\u00ed, \u017ee jsem ty jimi inspirovan\u00e9 n\u00e1siln\u00edky p\u0159epadl,&#8220;  dodal Jakl.<\/p>\n<p><a href=\"http:\/\/www.novinky.cz\/domaci\/290764-jakl-odmitl-ze-by-se-koudelka-a-hasenkopf-podileli-na-amnestii.html\" target=\"_blank\">Zdroj<\/a><\/p>\n","protected":false},"excerpt":{"rendered":"<p>Tajemn\u00edk prezidenta Ladislav Jakl se v ned\u011bli pro Novinky vyj\u00e1d\u0159il k informac\u00edm, \u017ee on, st\u00e1tn\u00ed z\u00e1stupce Zden\u011bk Koudelka a pr\u00e1vn\u00edk Pavel Hasenkopf m\u011bli b\u00fdt t\u011bmi, kdo pro prezidenta V\u00e1clava Klause p\u0159ipravili amnestii. Jakl odm\u00edt\u00e1, \u017ee by Koudelka \u010di Hasenkopf byli v trojici t\u011bch, s nimi\u017e prezident vedl polemiku o podob\u011b amnestie.<\/p>\n","protected":false},"author":1,"featured_media":0,"comment_status":"open","ping_status":"open","sticky":false,"template":"","format":"standard","meta":{"ngg_post_thumbnail":0,"footnotes":""},"categories":[11],"tags":[],"class_list":["post-3464","post","type-post","status-publish","format-standard","hentry","category-ozvena"],"_links":{"self":[{"href":"https:\/\/www.ladislavjakl.cz\/index.php?rest_route=\/wp\/v2\/posts\/3464","targetHints":{"allow":["GET"]}}],"collection":[{"href":"https:\/\/www.ladislavjakl.cz\/index.php?rest_route=\/wp\/v2\/posts"}],"about":[{"href":"https:\/\/www.ladislavjakl.cz\/index.php?rest_route=\/wp\/v2\/types\/post"}],"author":[{"embeddable":true,"href":"https:\/\/www.ladislavjakl.cz\/index.php?rest_route=\/wp\/v2\/users\/1"}],"replies":[{"embeddable":true,"href":"https:\/\/www.ladislavjakl.cz\/index.php?rest_route=%2Fwp%2Fv2%2Fcomments&post=3464"}],"version-history":[{"count":1,"href":"https:\/\/www.ladislavjakl.cz\/index.php?rest_route=\/wp\/v2\/posts\/3464\/revisions"}],"predecessor-version":[{"id":3465,"href":"https:\/\/www.ladislavjakl.cz\/index.php?rest_route=\/wp\/v2\/posts\/3464\/revisions\/3465"}],"wp:attachment":[{"href":"https:\/\/www.ladislavjakl.cz\/index.php?rest_route=%2Fwp%2Fv2%2Fmedia&parent=3464"}],"wp:term":[{"taxonomy":"category","embeddable":true,"href":"https:\/\/www.ladislavjakl.cz\/index.php?rest_route=%2Fwp%2Fv2%2Fcategories&post=3464"},{"taxonomy":"post_tag","embeddable":true,"href":"https:\/\/www.ladislavjakl.cz\/index.php?rest_route=%2Fwp%2Fv2%2Ftags&post=3464"}],"curies":[{"name":"wp","href":"https:\/\/api.w.org\/{rel}","templated":true}]}}