{"id":3466,"date":"2013-01-23T09:54:16","date_gmt":"2013-01-23T08:54:16","guid":{"rendered":"http:\/\/www.ladislavjakl.cz\/?p=3466"},"modified":"2013-01-23T09:54:16","modified_gmt":"2013-01-23T08:54:16","slug":"klausuv-tajemnik-jakl-priznava-lide-mi-kvuli-amnestii-vyhrozuji-smrti","status":"publish","type":"post","link":"https:\/\/www.ladislavjakl.cz\/?p=3466","title":{"rendered":"Klaus\u016fv tajemn\u00edk Jakl p\u0159izn\u00e1v\u00e1: Lid\u00e9 mi kv\u016fli amnestii vyhro\u017euj\u00ed smrt\u00ed"},"content":{"rendered":"<p>Tajemn\u00edk prezidenta Ladislav Jakl dnes odm\u00edtl spekulace, \u017ee by se krom\u011b  n\u011bj na p\u0159\u00edprav\u011b amnestie pod\u00edlel intern\u00ed poradce Pavel Hasenkopf a  b\u00fdval\u00fd poslanec \u010cSSD Zden\u011bk Koudelka, jak napsal server Lidovky.cz. Lid\u00e9  mu pr\u00fd nyn\u00ed vyhro\u017euj\u00ed smrt\u00ed.<\/p>\n<p><!--more--><\/p>\n<p>&#8222;Nen\u00ed pravdou, \u017ee amnestii p\u0159ipravovala trojice Jakl, Hasenkopf a  Koudelka. P\u0159ipravoval ji prezident \u010cesk\u00e9 republiky v osobn\u00edch debat\u00e1ch  se sv\u00fdmi bl\u00edzk\u00fdmi spolupracovn\u00edky,&#8220; uvedl Jakl ve sv\u00e9m vyj\u00e1d\u0159en\u00ed, kter\u00e9  rozeslal novin\u00e1\u0159\u016fm prost\u0159ednictv\u00edm SMS zpr\u00e1vy. Pop\u00edr\u00e1 tak informace,  kter\u00e9 p\u0159inesl server Lidovky.cz. P\u0159iznal tak\u00e9, \u017ee po zve\u0159ejn\u011bn\u00ed  sobotn\u00edho \u010dl\u00e1nku mu za\u010daly chodit od lid\u00ed v\u00fdhru\u017eky smrti.<\/p>\n<p>U\u017e za\u010d\u00e1tkem ledna Jakl prozradil, \u017ee amnestie vznikala v polemick\u00fdch  debat\u00e1ch v okruhu t\u0159\u00ed lid\u00ed, ale jejich jm\u00e9na nesd\u011blil. &#8222;Oba lid\u00e9, kter\u00e9  jmenuj\u00ed Lidov\u00e9 noviny, v\u0161ak mezi n\u011b nepat\u0159ili,\u201c tvrd\u00ed. D\u016frazn\u011b pop\u0159el i  tvrzen\u00ed o tom, \u017ee by \u00fa\u0159ad prezidenta nem\u011bl v l\u00e1sce tykadlov\u00e9ho \u0159idi\u010de  Romana Smetanu. &#8222;Pravdou tak\u00e9 nen\u00ed, \u017ee bychom o amnestii cokoli  nejp\u0159\u00edsn\u011bji tajili,&#8220; poznamenal Jakl.<\/p>\n<p><a href=\"http:\/\/www.parlamentnilisty.cz\/zpravy\/Klausuv-tajemnik-Jakl-priznava-Lide-mi-kvuli-amnestii-vyhrozuji-smrti-260252\" target=\"_blank\">Zdroj<\/a><\/p>\n","protected":false},"excerpt":{"rendered":"<p>Tajemn\u00edk prezidenta Ladislav Jakl dnes odm\u00edtl spekulace, \u017ee by se krom\u011b n\u011bj na p\u0159\u00edprav\u011b amnestie pod\u00edlel intern\u00ed poradce Pavel Hasenkopf a b\u00fdval\u00fd poslanec \u010cSSD Zden\u011bk Koudelka, jak napsal server Lidovky.cz. Lid\u00e9 mu pr\u00fd nyn\u00ed vyhro\u017euj\u00ed smrt\u00ed.<\/p>\n","protected":false},"author":1,"featured_media":0,"comment_status":"open","ping_status":"open","sticky":false,"template":"","format":"standard","meta":{"ngg_post_thumbnail":0,"footnotes":""},"categories":[11],"tags":[],"class_list":["post-3466","post","type-post","status-publish","format-standard","hentry","category-ozvena"],"_links":{"self":[{"href":"https:\/\/www.ladislavjakl.cz\/index.php?rest_route=\/wp\/v2\/posts\/3466","targetHints":{"allow":["GET"]}}],"collection":[{"href":"https:\/\/www.ladislavjakl.cz\/index.php?rest_route=\/wp\/v2\/posts"}],"about":[{"href":"https:\/\/www.ladislavjakl.cz\/index.php?rest_route=\/wp\/v2\/types\/post"}],"author":[{"embeddable":true,"href":"https:\/\/www.ladislavjakl.cz\/index.php?rest_route=\/wp\/v2\/users\/1"}],"replies":[{"embeddable":true,"href":"https:\/\/www.ladislavjakl.cz\/index.php?rest_route=%2Fwp%2Fv2%2Fcomments&post=3466"}],"version-history":[{"count":1,"href":"https:\/\/www.ladislavjakl.cz\/index.php?rest_route=\/wp\/v2\/posts\/3466\/revisions"}],"predecessor-version":[{"id":3467,"href":"https:\/\/www.ladislavjakl.cz\/index.php?rest_route=\/wp\/v2\/posts\/3466\/revisions\/3467"}],"wp:attachment":[{"href":"https:\/\/www.ladislavjakl.cz\/index.php?rest_route=%2Fwp%2Fv2%2Fmedia&parent=3466"}],"wp:term":[{"taxonomy":"category","embeddable":true,"href":"https:\/\/www.ladislavjakl.cz\/index.php?rest_route=%2Fwp%2Fv2%2Fcategories&post=3466"},{"taxonomy":"post_tag","embeddable":true,"href":"https:\/\/www.ladislavjakl.cz\/index.php?rest_route=%2Fwp%2Fv2%2Ftags&post=3466"}],"curies":[{"name":"wp","href":"https:\/\/api.w.org\/{rel}","templated":true}]}}