{"id":3470,"date":"2013-01-24T15:08:57","date_gmt":"2013-01-24T14:08:57","guid":{"rendered":"http:\/\/www.ladislavjakl.cz\/?p=3470"},"modified":"2013-01-24T15:09:33","modified_gmt":"2013-01-24T14:09:33","slug":"revolucni-medialni-fronta-v-akci-dejstvi-druhe","status":"publish","type":"post","link":"https:\/\/www.ladislavjakl.cz\/?p=3470","title":{"rendered":"Revolu\u010dn\u00ed medi\u00e1ln\u00ed fronta v akci, d\u011bjstv\u00ed druh\u00e9"},"content":{"rendered":"<p>To se n\u00e1m to rozv\u00e1\u0161nili II. Jen \u010dt\u011bte.<\/p>\n<p><!--more--><\/p>\n<p>Politologov\u00e9 maj\u00ed jasno\u2026\u2026\u2026\u2026\u2026\u2026\u2026\u2026\u2026\u2026\u2026\u2026<\/p>\n<p><a href=\"http:\/\/www.lidovky.cz\/klaus-amnestii-nevysvetlil-akorat-brani-sebe-zni-od-politologu-ps8-\/zpravy-domov.aspx?c=A130109_160606_ln_domov_ogo\" target=\"_blank\">http:\/\/www.lidovky.cz\/klaus-amnestii-nevysvetlil-akorat-brani-sebe-zni-od-politologu-ps8-\/zpravy-domov.aspx?c=A130109_160606_ln_domov_ogo<\/a><\/p>\n<p><a href=\"http:\/\/www.parlamentnilisty.cz\/arena\/politologove\/Je-to-spatne-pane-Klausi-Takto-pry-prezident-doplati-na-amnestii-259022\" target=\"_blank\">http:\/\/www.parlamentnilisty.cz\/arena\/politologove\/Je-to-spatne-pane-Klausi-Takto-pry-prezident-doplati-na-amnestii-259022<\/a><\/p>\n<p>Gazd\u00edk nez\u016fstal pozadu\u2026\u2026\u2026\u2026\u2026\u2026\u2026\u2026<\/p>\n<p><a href=\"http:\/\/zpravy.idnes.cz\/gazdika-nastval-premier-protoze-kritizoval-sundavani-klausovych-obrazu-1lt-\/domaci.aspx?c=A130110_122559_domaci_kop\" target=\"_blank\">http:\/\/zpravy.idnes.cz\/gazdika-nastval-premier-protoze-kritizoval-sundavani-klausovych-obrazu-1lt-\/domaci.aspx?c=A130110_122559_domaci_kop<\/a><\/p>\n<p>I soudruh Rychetsk\u00fd je rozho\u0159\u010den\u2026\u2026\u2026\u2026\u2026\u2026\u2026\u2026\u2026..<\/p>\n<p><a href=\"http:\/\/zpravy.idnes.cz\/rychetsky-kritizuje-amnestii-dkx-\/domaci.aspx?c=A130110_071036_domaci_wlk\" target=\"_blank\">http:\/\/zpravy.idnes.cz\/rychetsky-kritizuje-amnestii-dkx-\/domaci.aspx?c=A130110_071036_domaci_wlk<\/a><\/p>\n<p>Ani Fischer nezav\u00e1hal\u2026\u2026\u2026\u2026\u2026\u2026\u2026\u2026\u2026\u2026\u2026.<\/p>\n<p><a href=\"http:\/\/www.novinky.cz\/domaci\/289898-nejezdim-za-lobbisty-do-spindlu-oprel-se-fischer-do-klause.html\" target=\"_blank\">http:\/\/www.novinky.cz\/domaci\/289898-nejezdim-za-lobbisty-do-spindlu-oprel-se-fischer-do-klause.html<\/a><\/p>\n<p>Mach\u00e1\u010dek v\u00a0akci\u2026\u2026\u2026\u2026\u2026\u2026\u2026\u2026\u2026\u2026\u2026\u2026\u2026<\/p>\n<p><a href=\"http:\/\/respekt.ihned.cz\/audit-jana-machacka\/c1-59090320-utok-na-klausovu-osobu\" target=\"_blank\">http:\/\/respekt.ihned.cz\/audit-jana-machacka\/c1-59090320-utok-na-klausovu-osobu<\/a><\/p>\n<p><a href=\"http:\/\/respekt.ihned.cz\/vidlemi\/c1-59090010-klaus-ma-strach\" target=\"_blank\">http:\/\/respekt.ihned.cz\/vidlemi\/c1-59090010-klaus-ma-strach<\/a><\/p>\n<p>Britsk\u00e9 listy jako v\u017edy na \u010dele pelotonu nen\u00e1visti\u2026\u2026\u2026\u2026\u2026\u2026\u2026\u2026\u2026\u2026..<\/p>\n<p><a href=\"http:\/\/www.blisty.cz\/art\/66844.html\" target=\"_blank\">http:\/\/www.blisty.cz\/art\/66844.html<\/a><\/p>\n<p><a href=\"http:\/\/www.blisty.cz\/art\/66850.html\" target=\"_blank\">http:\/\/www.blisty.cz\/art\/66850.html<\/a><\/p>\n<p><a href=\"http:\/\/www.blisty.cz\/art\/66782.html\" target=\"_blank\">http:\/\/www.blisty.cz\/art\/66782.html<\/a><\/p>\n<p><a href=\"http:\/\/www.blisty.cz\/art\/66841.html\" target=\"_blank\">http:\/\/www.blisty.cz\/art\/66841.html<\/a><\/p>\n<p>Ani kouzeln\u00edk \u017dito nez\u016fstal pozadu\u2026\u2026\u2026\u2026\u2026\u2026\u2026<\/p>\n<p><a href=\"http:\/\/tn.nova.cz\/zpravy\/domaci\/klaus-amnestii-nastval-daniela-landu-ten-proti-nemu-svolava-rolneni.html\" target=\"_blank\">http:\/\/tn.nova.cz\/zpravy\/domaci\/klaus-amnestii-nastval-daniela-landu-ten-proti-nemu-svolava-rolneni.html<\/a><\/p>\n<p>Facebookov\u00e9 ove\u010dky dostali sign\u00e1l\u2026\u2026\u2026\u2026\u2026\u2026\u2026\u2026\u2026\u2026\u2026.<\/p>\n<p><a href=\"http:\/\/www.parlamentnilisty.cz\/rss\/zpravy\/A-uz-to-jede-Desetitisice-lidi-se-houfuji-k-odporu-proti-Klausove-amnestii-258590\" target=\"_blank\"> http:\/\/www.parlamentnilisty.cz\/rss\/zpravy\/A-uz-to-jede-Desetitisice-lidi-se-houfuji-k-odporu-proti-Klausove-amnestii-258590<\/a><\/p>\n<p>P\u0159isadila si i \u010cesk\u00e1 pozice\u2026\u2026\u2026\u2026\u2026\u2026<\/p>\n<p><a href=\"http:\/\/www.ceskapozice.cz\/domov\/politika\/protikorupcni-naseptavaci-o-klausove-amnestijnim-%E2%80%9Enestesti%E2%80%9C\" target=\"_blank\"> http:\/\/www.ceskapozice.cz\/domov\/politika\/protikorupcni-naseptavaci-o-klausove-amnestijnim-%E2%80%9Enestesti%E2%80%9C<\/a><\/p>\n<p><a href=\"http:\/\/www.ceskapozice.cz\/domov\/pravo-bezpecnost\/kde-se-stala-chyba-pane-prezidente\" target=\"_blank\">http:\/\/www.ceskapozice.cz\/domov\/pravo-bezpecnost\/kde-se-stala-chyba-pane-prezidente<\/a><\/p>\n<p>Soudru\u017eka Dvo\u0159\u00e1kov\u00e1 perl\u00ed\u2026\u2026\u2026\u2026\u2026\u2026\u2026\u2026\u2026\u2026<\/p>\n<p><a href=\"http:\/\/www.prvnizpravy.cz\/zpravy\/z-domova\/dvorakova-amnestie-byla-vzkazem-pro-podsveti\/\" target=\"_blank\">http:\/\/www.prvnizpravy.cz\/zpravy\/z-domova\/dvorakova-amnestie-byla-vzkazem-pro-podsveti\/<\/a><\/p>\n<p>Soudruh Zaor\u00e1lek vid\u00ed v\u011bci t\u0159\u00eddn\u011b<\/p>\n<p><a href=\"http:\/\/www.prvnizpravy.cz\/zpravy\/z-domova\/zaoralek-obavam-se-ze-se-z-prazskeho-hradu-lze\/\" target=\"_blank\">http:\/\/www.prvnizpravy.cz\/zpravy\/z-domova\/zaoralek-obavam-se-ze-se-z-prazskeho-hradu-lze\/<\/a><\/p>\n<p>Soudruzi z\u00a0Hal\u00f3 novin jsou znepokojeni r\u016fstem kriminality\u2026\u2026\u2026\u2026\u2026\u2026\u2026.<\/p>\n<p><a href=\"http:\/\/www.halonoviny.cz\/articles\/view\/1878754\" target=\"_blank\"> http:\/\/www.halonoviny.cz\/articles\/view\/1878754<\/a><\/p>\n<p>Samkov\u00e1 \u2013 Vesel\u00e1 by cht\u011bla rovnou prezidenta zav\u0159\u00edt\u2026\u2026\u2026\u2026\u2026\u2026\u2026\u2026\u2026\u2026<\/p>\n<p><a href=\"http:\/\/domaci.eurozpravy.cz\/politika\/62787-hrozi-klausovi-za-amnestii-kriminal-samkova-uvazuje-o-zalobe\/\" target=\"_blank\">http:\/\/domaci.eurozpravy.cz\/politika\/62787-hrozi-klausovi-za-amnestii-kriminal-samkova-uvazuje-o-zalobe\/<\/a><\/p>\n<p>A pracuj\u00edc\u00ed lid si \u017e\u00e1d\u00e1 potrest\u00e1n\u00ed vin\u00edk\u016f\u2026\u2026\u2026\u2026\u2026\u2026\u2026\u2026\u2026\u2026..<\/p>\n<p><a href=\"http:\/\/domaci.eurozpravy.cz\/politika\/62825-uz-150-000-lidi-se-vzbourilo-proti-klausove-amnestii-nastvanych-rychle-pribyva\/\" target=\"_blank\">http:\/\/domaci.eurozpravy.cz\/politika\/62825-uz-150-000-lidi-se-vzbourilo-proti-klausove-amnestii-nastvanych-rychle-pribyva\/<\/a><\/p>\n<p>Roman Joch op\u011bt ve form\u011b\u2026\u2026\u2026\u2026\u2026\u2026\u2026\u2026\u2026\u2026.<\/p>\n<p><a href=\"http:\/\/www.ceskapozice.cz\/domov\/pravo-bezpecnost\/prezidentska-amnestie-atentat-byl\" target=\"_blank\">http:\/\/www.ceskapozice.cz\/domov\/pravo-bezpecnost\/prezidentska-amnestie-atentat-byl<\/a><\/p>\n<p>Jan Str\u00e1nsk\u00fd napsal Klausovi nekrolog\u2026\u2026\u2026\u2026\u2026\u2026\u2026.<\/p>\n<p><a href=\"http:\/\/blog.aktualne.centrum.cz\/blogy\/martin-jan-stransky.php?itemid=18618\" target=\"_blank\">http:\/\/blog.aktualne.centrum.cz\/blogy\/martin-jan-stransky.php?itemid=18618<\/a><\/p>\n<p>\u201eHrab\u011b\u201c Bervid Buquoy pos\u00edl\u00e1 prezidenta rovnou do v\u011bzen\u00ed nebo do bl\u00e1zince\u2026\u2026\u2026\u2026\u2026\u2026.<\/p>\n<p><a href=\"http:\/\/blog.aktualne.centrum.cz\/blogy\/jan-berwid-buquoy.php?itemid=18626\" target=\"_blank\">http:\/\/blog.aktualne.centrum.cz\/blogy\/jan-berwid-buquoy.php?itemid=18626<\/a><\/p>\n<p>Podle Dr. Hn\u00edzdila je Klaus z\u00e1visl\u00fd na heroinu\u2026\u2026\u2026\u2026\u2026\u2026\u2026\u2026\u2026.<\/p>\n<p><a href=\"http:\/\/blog.aktualne.centrum.cz\/blogy\/jan-hnizdil.php?itemid=18662\" target=\"_blank\">http:\/\/blog.aktualne.centrum.cz\/blogy\/jan-hnizdil.php?itemid=18662<\/a><\/p>\n<p>Jan Ruml zavzpom\u00ednal na Sarajevo\u2026\u2026\u2026\u2026\u2026\u2026\u2026\u2026\u2026\u2026<\/p>\n<p><a href=\"http:\/\/www.lidovky.cz\/ruml-za-15-let-od-sarajeva-se-klaus-vubec-nepoucil-fup-\/zpravy-domov.aspx?c=A130109_114220_ln_domov_ogo\" target=\"_blank\">http:\/\/www.lidovky.cz\/ruml-za-15-let-od-sarajeva-se-klaus-vubec-nepoucil-fup-\/zpravy-domov.aspx?c=A130109_114220_ln_domov_ogo<\/a><\/p>\n<p>Paroubkova \u201eVa\u0161e v\u011bc\u201c je tak\u00e9 v\u00fd\u017eivn\u00e1\u2026\u2026\u2026\u2026\u2026\u2026\u2026\u2026\u2026\u2026\u2026\u2026..<\/p>\n<p><a href=\"http:\/\/www.vasevec.cz\/blogy\/amnestie-megalotru-je-mi-lito-na-uz-je-jen-bakunin-anebo-kolektivni-akced-0\" target=\"_blank\"> http:\/\/www.vasevec.cz\/blogy\/amnestie-megalotru-je-mi-lito-na-uz-je-jen-bakunin-anebo-kolektivni-akced-0<\/a><\/p>\n<p>N\u011bmeck\u00fd \u201eDen\u00edk\u201c nez\u016fstal pozadu\u2026\u2026\u2026\u2026\u2026\u2026\u2026\u2026\u2026\u2026\u2026\u2026..<\/p>\n<p><a href=\"http:\/\/www.denik.cz\/z_domova\/lide-proti-klausovi-na-webech-odpocitavaji-jeho-odchod-z-hradu-20130107.html\" target=\"_blank\">http:\/\/www.denik.cz\/z_domova\/lide-proti-klausovi-na-webech-odpocitavaji-jeho-odchod-z-hradu-20130107.html<\/a><\/p>\n<p>P\u0159\u00edbil na to v T\u00fddnu na k\u00e1pl\u2026\u2026\u2026\u2026\u2026\u2026..<\/p>\n<p><a href=\"http:\/\/www.tyden.cz\/rubriky\/domaci\/podezreni-byl-klaus-soucasti-obchodu-s-amnestii_257733.html\" target=\"_blank\">http:\/\/www.tyden.cz\/rubriky\/domaci\/podezreni-byl-klaus-soucasti-obchodu-s-amnestii_257733.html<\/a><\/p>\n<p>Havlist\u00e9 organizuj\u00ed protikorup\u010dn\u00ed cestovku na Hrad\u2026\u2026\u2026\u2026\u2026\u2026\u2026\u2026\u2026..<\/p>\n<p><a href=\"http:\/\/zpravy.idnes.cz\/korupcni-cestovka-vylety-na-hrad-d48-\/domaci.aspx?c=A130108_153932_domaci_klm\" target=\"_blank\">http:\/\/zpravy.idnes.cz\/korupcni-cestovka-vylety-na-hrad-d48-\/domaci.aspx?c=A130108_153932_domaci_klm<\/a><\/p>\n<p>I nada\u010dn\u00ed Fond proti korupci je znepokojen\u2026\u2026\u2026\u2026\u2026\u2026\u2026\u2026\u2026\u2026\u2026\u2026<\/p>\n<p><a href=\"http:\/\/www.nfpk.cz\/cz\/clanky\/1001210\" target=\"_blank\">http:\/\/www.nfpk.cz\/cz\/clanky\/1001210<\/a><\/p>\n<p>Havlisti\u010dt\u00ed starostov\u00e9 sundavaj\u00ed obrazy prezidenta ze st\u011bn\u2026\u2026\u2026\u2026\u2026\u2026\u2026\u2026\u2026\u2026\u2026\u2026\u2026.<\/p>\n<p><a href=\"http:\/\/www.lidovky.cz\/klausuv-obraz-sundalo-ze-steny-jiz-600-obci-fgo-\/zpravy-domov.aspx?c=A130108_173031_ln_domov_jkz\" target=\"_blank\">http:\/\/www.lidovky.cz\/klausuv-obraz-sundalo-ze-steny-jiz-600-obci-fgo-\/zpravy-domov.aspx?c=A130108_173031_ln_domov_jkz<\/a><\/p>\n<p>A nad\u011bjn\u00ed mlad\u00ed \u201eum\u011blci\u201c tvo\u0159\u00ed \u2026\u2026\u2026\u2026\u2026\u2026.<\/p>\n<p><a href=\"http:\/\/www.youtube.com\/watch?v=tSwbIl54cPU\" target=\"_blank\">http:\/\/www.youtube.com\/watch?v=tSwbIl54cPU<\/a><\/p>\n<p><a href=\"http:\/\/www.youtube.com\/watch?v=J5lRQSypFtQ\" target=\"_blank\">http:\/\/www.youtube.com\/watch?v=J5lRQSypFtQ<\/a><\/p>\n<p>nezn\u00e1m\u00fd \u010dten\u00e1\u0159<\/p>\n","protected":false},"excerpt":{"rendered":"<p>To se n\u00e1m to rozv\u00e1\u0161nili II. Jen \u010dt\u011bte.<\/p>\n","protected":false},"author":1,"featured_media":0,"comment_status":"open","ping_status":"open","sticky":false,"template":"","format":"standard","meta":{"ngg_post_thumbnail":0,"footnotes":""},"categories":[11],"tags":[],"class_list":["post-3470","post","type-post","status-publish","format-standard","hentry","category-ozvena"],"_links":{"self":[{"href":"https:\/\/www.ladislavjakl.cz\/index.php?rest_route=\/wp\/v2\/posts\/3470","targetHints":{"allow":["GET"]}}],"collection":[{"href":"https:\/\/www.ladislavjakl.cz\/index.php?rest_route=\/wp\/v2\/posts"}],"about":[{"href":"https:\/\/www.ladislavjakl.cz\/index.php?rest_route=\/wp\/v2\/types\/post"}],"author":[{"embeddable":true,"href":"https:\/\/www.ladislavjakl.cz\/index.php?rest_route=\/wp\/v2\/users\/1"}],"replies":[{"embeddable":true,"href":"https:\/\/www.ladislavjakl.cz\/index.php?rest_route=%2Fwp%2Fv2%2Fcomments&post=3470"}],"version-history":[{"count":2,"href":"https:\/\/www.ladislavjakl.cz\/index.php?rest_route=\/wp\/v2\/posts\/3470\/revisions"}],"predecessor-version":[{"id":3472,"href":"https:\/\/www.ladislavjakl.cz\/index.php?rest_route=\/wp\/v2\/posts\/3470\/revisions\/3472"}],"wp:attachment":[{"href":"https:\/\/www.ladislavjakl.cz\/index.php?rest_route=%2Fwp%2Fv2%2Fmedia&parent=3470"}],"wp:term":[{"taxonomy":"category","embeddable":true,"href":"https:\/\/www.ladislavjakl.cz\/index.php?rest_route=%2Fwp%2Fv2%2Fcategories&post=3470"},{"taxonomy":"post_tag","embeddable":true,"href":"https:\/\/www.ladislavjakl.cz\/index.php?rest_route=%2Fwp%2Fv2%2Ftags&post=3470"}],"curies":[{"name":"wp","href":"https:\/\/api.w.org\/{rel}","templated":true}]}}