{"id":3473,"date":"2013-01-24T15:10:54","date_gmt":"2013-01-24T14:10:54","guid":{"rendered":"http:\/\/www.ladislavjakl.cz\/?p=3473"},"modified":"2013-01-24T15:11:03","modified_gmt":"2013-01-24T14:11:03","slug":"jakl-ztrhal-lidovky-kvuli-vam-mi-vyhrozuji-smrti","status":"publish","type":"post","link":"https:\/\/www.ladislavjakl.cz\/?p=3473","title":{"rendered":"Jakl ztrhal lidovky. Kv\u016fli v\u00e1m mi vyhro\u017euj\u00ed smrt\u00ed"},"content":{"rendered":"<p>Tajemn\u00edk prezidenta republiky odm\u00edtl manipulativn\u00ed text Lidov\u00fdch novin o amnestii. Co v\u011bta, to nesmysl, zlob\u00ed se.<\/p>\n<p><!--more--><strong><span style=\"font-size: x-small;\">21.leden 2013<\/span><\/strong> &#8211; <strong><span style=\"font-size: x-small;\">11:55<\/span><\/strong><\/p>\n<p>&#8222;Nen\u00ed pravdou, \u017ee amnestii p\u0159ipravovala trojice <span>Jakl<\/span>,  Hasenkopf, Koudelka. P\u0159ipravoval ji prezident republiky v osobn\u00edch  debat\u00e1ch se sv\u00fdmi bl\u00edzk\u00fdmi spolupracovn\u00edky. To \u0159\u00edk\u00e1m st\u00e1le,&#8220; uvedl <span>Jakl<\/span> pro Prvnizpravy.cz.<\/p>\n<p>Reagoval  tak na ned\u00e1vn\u00e9 &#8222;zji\u0161t\u011bn\u00ed&#8220; listu Lidov\u00e9 noviny, kter\u00fd zcizil intern\u00ed  komunikaci \u010dlen\u016f Kancel\u00e1\u0159e prezidenta republiky a na jej\u00edm z\u00e1klad\u011b  napsal, \u017ee tato trojice je za zn\u011bn\u00ed amnestie zodpov\u011bdn\u00e1.<\/p>\n<p>&#8222;Lidov\u00e9  noviny v sobotu otiskly zcela nepravdiv\u00fd \u010dl\u00e1nek, t\u00fdkaj\u00edc\u00ed se mimo jin\u00e9  m\u00e9 osoby. Ji\u017e 3. ledna jsem t\u011bmto novin\u00e1m na jejich dotaz o tom, jak  prob\u00edhalo sestavov\u00e1n\u00ed parametr\u016f amnestie, \u0159ekl, \u017ee amnestie vznikala v  polemick\u00fdch debat\u00e1ch. Na ot\u00e1zku, jak \u0161irok\u00fd byl okruh spolupracovn\u00edk\u016f,  kter\u00e9 prezident do polemiky zapojil, jsem \u0159ekl, \u017ee to byl okruh t\u0159\u00ed  lid\u00ed. Oba lid\u00e9, kter\u00e9 jmenuj\u00ed LN, mezi n\u011b nepat\u0159ili,&#8220; up\u0159esnil d\u00e1le <span>Jakl<\/span>.<\/p>\n<p>Lidov\u00e9 noviny podle n\u011bj v\u0161e stav\u011bj\u00ed na n\u011bjak\u00e9m textu jednoho z expert\u016f. Z n\u011bj ale podle <span>Jakl<\/span>a nijak neplyne, \u017ee by se jeho autor pod\u00edlel na polemice s prezidentem o amnestii, co\u017e tak\u00e9 nen\u00ed pravdou.<\/p>\n<p>&#8222;Podobn\u00fdch text\u016f jsem za posledn\u00ed l\u00e9ta vid\u011bl mnoho, i od exministra Posp\u00ed\u0161ila nebo od kohosi z \u00dastavn\u00edho soudu,&#8220; dodal tajemn\u00edk.<\/p>\n<p>Odm\u00edtl tak\u00e9 dal\u0161\u00ed tvrzen\u00ed LN:<\/p>\n<p>&#8222;Tak\u00e9  nen\u00ed pravdou, \u017ee bych m\u011bl kdy \u00b4na starosti\u00b4 milosti, nebo \u017ee by v  debat\u00e1ch o amnestii kdy zazn\u00edvala jm\u00e9na dvou Lidov\u00fdmi novinami  jmenovan\u00fdch st\u00edhan\u00fdch osob, nebo \u017ee by prezident \u00b4nem\u011bl v l\u00e1sce\u00b4 toho  mal\u016fvk\u00e1\u0159e po plak\u00e1tech atd,&#8220; \u0159ekl <span>Jakl<\/span> v nar\u00e1\u017ece na \u0159idi\u010de Smetanu, o kter\u00e9m LN napsaly, \u017ee se prezident zaj\u00edmal, zda se ho amnestie tak\u00e9 dotkne.<\/p>\n<p>&#8222;Nen\u00ed ani pravdou, \u017ee bychom n\u011bco o amnestii &#8222;nejp\u0159\u00edsn\u011bji &#8220; tajili,&#8220; pokra\u010duje <span>Jakl<\/span>.  &#8222;Co v\u011bta, to nesmysl,&#8220; \u0159\u00edk\u00e1 rezolutn\u011b na adresu \u010dl\u00e1nku LN A dod\u00e1v\u00e1:  &#8222;N\u011bkte\u0159\u00ed \u010dten\u00e1\u0159i mi nyn\u00ed vyhro\u017euj\u00ed i smrt\u00ed. Mo\u017en\u00e1 o tom pak\u00a0 LN nap\u00ed\u0161\u00ed,  \u017ee jsem ty jimi inspirovan\u00e9 n\u00e1siln\u00edky p\u0159epadl,&#8220; posteskl si.<\/p>\n<p><span>Jakl<\/span> vz\u00e1p\u011bt\u00ed p\u0159e\u0161el do proti\u00fatoku v dal\u0161\u00edm exkluzivn\u00edm vyj\u00e1d\u0159en\u00ed pro  Prvnizpravy.cz p\u0159ipomn\u011bl, \u017ee kritici sou\u010dasn\u00e9 amnestie m\u011b\u0159\u00ed dvoj\u00edm  metrem.<\/p>\n<p>&#8222;Ti, co se sna\u017e\u00ed skandalizovat a o\u010dernit prezidenta,  tvrd\u00ed, \u017ee zastaven\u00ed st\u00edh\u00e1n\u00ed je cosi mimo\u0159\u00e1dn\u00e9ho. Ono to chce ob\u010das  fakta. Zastaven\u00ed st\u00edh\u00e1n\u00ed obsahovaly i v\u0161echny p\u0159edchoz\u00ed amnestie. Ta  sou\u010dasn\u00e1 zastavuje 150 \u0159\u00edzen\u00ed, kdy soudy nebyly schopny vyn\u00e9st rozsudek.  Mluv\u00ed se o desetin\u011b medi\u00e1ln\u011b obl\u00edben\u00fdch. Ty ostatn\u00ed, kde soudy p\u016fl  generace ni\u010d\u00ed \u017eivoty lid\u00ed, nikdo nezm\u00ednil,&#8220; zd\u016fraz\u0148uje prezident\u016fv  tajemn\u00edk.<\/p>\n<p>&#8222;P\u0159ipom\u00edn\u00e1m, \u017ee ta minul\u00e1 Havlova amnestie zastavila  stokr\u00e1t v\u00edce kauz. Tedy na 16. tis\u00edc. Sice tam nehrozily vysok\u00e9 tresty,  ale t\u00edm, \u017ee \u0161lo o ohromn\u00e9 po\u010dty p\u0159\u00edpad\u016f,\u00a0 \u0161lo nutn\u011b i o mnoho tis\u00edc  po\u0161kozen\u00fdch. A nav\u00edc \u0161lo ne o beznad\u011bjn\u00e1 \u0159\u00edzen\u00ed, ale o aktu\u00e1ln\u011b \u0159e\u0161en\u00e1,  kde rozsudek byl v dohledu. Kde byli tehdy dne\u0161n\u00ed k\u0159iklouni?&#8220; t\u00e1\u017ee se.<\/p>\n<p><a href=\"http:\/\/www.prvnizpravy.cz\/zpravy\/z-domova\/jakl-ztrhal-lidovky--kvuli-vam-mi-vyhrozuji-smrti\/\" target=\"_blank\">Zdroj<\/a><\/p>\n","protected":false},"excerpt":{"rendered":"<p>Tajemn\u00edk prezidenta republiky odm\u00edtl manipulativn\u00ed text Lidov\u00fdch novin o amnestii. Co v\u011bta, to nesmysl, zlob\u00ed se.<\/p>\n","protected":false},"author":1,"featured_media":0,"comment_status":"open","ping_status":"open","sticky":false,"template":"","format":"standard","meta":{"ngg_post_thumbnail":0,"footnotes":""},"categories":[11],"tags":[],"class_list":["post-3473","post","type-post","status-publish","format-standard","hentry","category-ozvena"],"_links":{"self":[{"href":"https:\/\/www.ladislavjakl.cz\/index.php?rest_route=\/wp\/v2\/posts\/3473","targetHints":{"allow":["GET"]}}],"collection":[{"href":"https:\/\/www.ladislavjakl.cz\/index.php?rest_route=\/wp\/v2\/posts"}],"about":[{"href":"https:\/\/www.ladislavjakl.cz\/index.php?rest_route=\/wp\/v2\/types\/post"}],"author":[{"embeddable":true,"href":"https:\/\/www.ladislavjakl.cz\/index.php?rest_route=\/wp\/v2\/users\/1"}],"replies":[{"embeddable":true,"href":"https:\/\/www.ladislavjakl.cz\/index.php?rest_route=%2Fwp%2Fv2%2Fcomments&post=3473"}],"version-history":[{"count":2,"href":"https:\/\/www.ladislavjakl.cz\/index.php?rest_route=\/wp\/v2\/posts\/3473\/revisions"}],"predecessor-version":[{"id":3475,"href":"https:\/\/www.ladislavjakl.cz\/index.php?rest_route=\/wp\/v2\/posts\/3473\/revisions\/3475"}],"wp:attachment":[{"href":"https:\/\/www.ladislavjakl.cz\/index.php?rest_route=%2Fwp%2Fv2%2Fmedia&parent=3473"}],"wp:term":[{"taxonomy":"category","embeddable":true,"href":"https:\/\/www.ladislavjakl.cz\/index.php?rest_route=%2Fwp%2Fv2%2Fcategories&post=3473"},{"taxonomy":"post_tag","embeddable":true,"href":"https:\/\/www.ladislavjakl.cz\/index.php?rest_route=%2Fwp%2Fv2%2Ftags&post=3473"}],"curies":[{"name":"wp","href":"https:\/\/api.w.org\/{rel}","templated":true}]}}