{"id":349,"date":"2010-05-13T13:14:05","date_gmt":"2010-05-13T12:14:05","guid":{"rendered":"http:\/\/www.ladislavjakl.cz\/?p=349"},"modified":"2010-05-13T13:26:55","modified_gmt":"2010-05-13T12:26:55","slug":"ladislav-jakl-pro-lidove-noviny","status":"publish","type":"post","link":"https:\/\/www.ladislavjakl.cz\/?p=349","title":{"rendered":"Unie chce kontrolovat rozpo\u010dty? Z tohoto mraku ani nek\u00e1pne, \u0159\u00edk\u00e1 Jakl"},"content":{"rendered":"<div><span><span>L.N. 13.\u00a0kv\u011btna\u00a02010<\/span> 10:47<\/span><\/div>\n<div><span>PRAHA &#8211; <\/span> Evropsk\u00e1 komise v\u010dera navrhla, aby st\u00e1tn\u00ed rozpo\u010dty  v\u0161ech \u010dlensk\u00fdch zem\u00ed EU je\u0161t\u011b p\u0159ed jejich schvalov\u00e1n\u00edm v n\u00e1rodn\u00edch  parlamentech posuzovala EU. Prezident V\u00e1clav Klaus se v\u010dera k n\u00e1vrhu  komise necht\u011bl vyj\u00e1d\u0159it. Pro LN tak promluvil jeho tajemn\u00edk Ladislav  Jakl.<\/div>\n<div><!--more--><strong>LN <a href=\"http:\/\/european-commission.takeit.cz\/historie-evropske-unie-6741925?373455&amp;rtype=V&amp;rmain=165223&amp;ritem=6741925&amp;rclanek=6663111&amp;rslovo=484275&amp;showdirect=1\" target=\"_blank\">Evropsk\u00e1 komise<\/a> navrhla, aby \u010dlensk\u00e9 zem\u011b <a href=\"http:\/\/european-commission.takeit.cz\/27-clenskych-zemi-evropske-unie-6741924?373455&amp;rtype=V&amp;rmain=169370&amp;ritem=6741924&amp;rclanek=6663111&amp;rslovo=484314&amp;showdirect=1\" target=\"_blank\">Evropsk\u00e9 unie<\/a> musely pos\u00edlat n\u00e1rodn\u00ed st\u00e1tn\u00ed rozpo\u010dty  ke schv\u00e1len\u00ed do Bruselu je\u0161t\u011b p\u0159edt\u00edm, ne\u017e n\u00e1vrh rozpo\u010dtu projedn\u00e1  parlament dan\u00e9 \u010dlensk\u00e9 zem\u011b. Co na takov\u00fd krok \u0159\u00edk\u00e1te?<\/strong><\/div>\n<p>P\u0159edev\u0161\u00edm to nen\u00ed t\u0159eba br\u00e1t p\u0159\u00edli\u0161 v\u00e1\u017en\u011b. Velk\u00e9 zem\u011b nic takov\u00e9ho  nedopust\u00ed. Z tohoto mraku ani nek\u00e1pne. Kdybych to na vte\u0159inu p\u0159ipustil,  musel bych \u0159\u00edci, \u017ee t\u00edm okam\u017eikem by ztratilo smysl chodit k volb\u00e1m.  Nen\u00ed v\u011bt\u0161\u00ed politikum, ne\u017e je rozpo\u010det. Kv\u016fli n\u011bmu padaj\u00ed vl\u00e1dy,  rozpou\u0161t\u011bj\u00ed se parlamenty. Nen\u00ed to nic technick\u00e9ho, neutr\u00e1ln\u00edho. Kdyby  rozpo\u010det m\u011bl b\u00fdt schvalov\u00e1n v Bruselu, to by pak na\u0161i poslanci  rozhodovali u\u017e jen o term\u00ednu st\u00e1tn\u00edch sv\u00e1tk\u016f.<\/p>\n<p><strong>LN Jak by se podle v\u00e1s m\u011bla k n\u00e1vrhu komise postavit \u010cesk\u00e1  republika?<br \/>\n<\/strong>Pokud by \u010cesk\u00e1 republika m\u011bla prst a m\u011bla by i \u010delo, musela by  si t\u00edm prstem na to \u010delo za\u0165ukat.<\/p>\n<p><strong>LN Je pravd\u011bpodobn\u00e9, \u017ee prezident by takov\u00fd n\u00e1vrh musel podepsat  podobn\u011b jako Lisabonskou smlouvu. U\u010dinil by tak v tomto p\u0159\u00edpad\u011b?<\/strong><br \/>\nSmyslem tohoto bruselsk\u00e9ho pl\u00e1cnut\u00ed bylo, aby se na to novin\u00e1\u0159i ptali  politik\u016f jako na v\u00e1\u017enou v\u011bc. Pravda je ale takov\u00e1, \u017ee to v\u00e1\u017en\u00e1 v\u011bc nen\u00ed.<\/p>\n<p><strong>LN Co by p\u0159ijet\u00ed takov\u00e9ho opat\u0159en\u00ed znamenalo pro budoucnost  Evropsk\u00e9 unie?<br \/>\n<\/strong>Zanikly by st\u00e1ty v\u010detn\u011b Francie a N\u011bmecka a EU by se sama stala  autorit\u00e1\u0159sk\u00fdm st\u00e1tem. Tomu v\u011b\u0159\u00edte?<\/p>\n<p><strong>LN Jednalo by se podle va\u0161eho n\u00e1zoru fakticky o vznik  evropsk\u00e9 federace?<\/strong><br \/>\nFederac\u00ed jsou USA. Tam by n\u011bco takov\u00e9ho nikoho ani nenapadlo. Proto\u017ee by  to znamenalo zru\u0161en\u00ed federace a zaveden\u00ed unit\u00e1rn\u00edho st\u00e1tu.<\/p>\n<p><strong>LN Co \u0159\u00edk\u00e1te na kritiku Bruselu, \u017ee <a href=\"http:\/\/top-shopcz.takeit.cz\/magneticky-rotoped-streamline-8034655?376906&amp;rtype=V&amp;rmain=7703090&amp;ritem=8034655&amp;rclanek=6663111&amp;rslovo=424408&amp;showdirect=1\" target=\"_blank\">\u010cesko<\/a> nepln\u00ed podm\u00ednky pro p\u0159ijet\u00ed eura?<\/strong><br \/>\n\u017de se tam asi n\u011bkdo probudil z t\u0159\u00edlet\u00e9ho sp\u00e1nku a nev\u00ed, co se kolem  d\u011bje. Euro m\u00e1 te\u010f starosti samo se sebou, ne\u017e aby se zab\u00fdvalo svou  expanz\u00ed. \u010cesko mo\u017en\u00e1 nepln\u00ed podm\u00ednky pro p\u0159ijet\u00ed eura, ale euro  moment\u00e1ln\u011b rozhodn\u011b nepln\u00ed podm\u00ednky pro to, aby bylo pro \u010cesko zaj\u00edmav\u00e9.  A dod\u00e1v\u00e1m, \u017ee by se m\u011bl n\u011bkdo zab\u00fdvat korektnost\u00ed tohoto zn\u00e1mkov\u00e1n\u00ed  st\u00e1t\u016f. Nen\u00ed toti\u017e zdaleka m\u011b\u0159eno v\u0161em stejn\u011b.<\/p>\n","protected":false},"excerpt":{"rendered":"<p>L.N. 13.\u00a0kv\u011btna\u00a02010 10:47 PRAHA &#8211; Evropsk\u00e1 komise v\u010dera navrhla, aby st\u00e1tn\u00ed rozpo\u010dty v\u0161ech \u010dlensk\u00fdch zem\u00ed EU je\u0161t\u011b p\u0159ed jejich schvalov\u00e1n\u00edm v n\u00e1rodn\u00edch parlamentech posuzovala EU. Prezident V\u00e1clav Klaus se v\u010dera k n\u00e1vrhu komise necht\u011bl vyj\u00e1d\u0159it. Pro LN tak promluvil jeho tajemn\u00edk Ladislav Jakl.<\/p>\n","protected":false},"author":1,"featured_media":0,"comment_status":"open","ping_status":"open","sticky":false,"template":"","format":"standard","meta":{"ngg_post_thumbnail":0,"footnotes":""},"categories":[13],"tags":[],"class_list":["post-349","post","type-post","status-publish","format-standard","hentry","category-rozhovory"],"_links":{"self":[{"href":"https:\/\/www.ladislavjakl.cz\/index.php?rest_route=\/wp\/v2\/posts\/349","targetHints":{"allow":["GET"]}}],"collection":[{"href":"https:\/\/www.ladislavjakl.cz\/index.php?rest_route=\/wp\/v2\/posts"}],"about":[{"href":"https:\/\/www.ladislavjakl.cz\/index.php?rest_route=\/wp\/v2\/types\/post"}],"author":[{"embeddable":true,"href":"https:\/\/www.ladislavjakl.cz\/index.php?rest_route=\/wp\/v2\/users\/1"}],"replies":[{"embeddable":true,"href":"https:\/\/www.ladislavjakl.cz\/index.php?rest_route=%2Fwp%2Fv2%2Fcomments&post=349"}],"version-history":[{"count":5,"href":"https:\/\/www.ladislavjakl.cz\/index.php?rest_route=\/wp\/v2\/posts\/349\/revisions"}],"predecessor-version":[{"id":353,"href":"https:\/\/www.ladislavjakl.cz\/index.php?rest_route=\/wp\/v2\/posts\/349\/revisions\/353"}],"wp:attachment":[{"href":"https:\/\/www.ladislavjakl.cz\/index.php?rest_route=%2Fwp%2Fv2%2Fmedia&parent=349"}],"wp:term":[{"taxonomy":"category","embeddable":true,"href":"https:\/\/www.ladislavjakl.cz\/index.php?rest_route=%2Fwp%2Fv2%2Fcategories&post=349"},{"taxonomy":"post_tag","embeddable":true,"href":"https:\/\/www.ladislavjakl.cz\/index.php?rest_route=%2Fwp%2Fv2%2Ftags&post=349"}],"curies":[{"name":"wp","href":"https:\/\/api.w.org\/{rel}","templated":true}]}}