{"id":3491,"date":"2013-01-25T12:17:01","date_gmt":"2013-01-25T11:17:01","guid":{"rendered":"http:\/\/www.ladislavjakl.cz\/?p=3491"},"modified":"2013-02-05T15:56:30","modified_gmt":"2013-02-05T14:56:30","slug":"zaoralek-neni-jen-lhar-a-hulvat-je-jeste-k-tomu-trdlo","status":"publish","type":"post","link":"https:\/\/www.ladislavjakl.cz\/?p=3491","title":{"rendered":"Zaor\u00e1lek nen\u00ed jen lh\u00e1\u0159 a hulv\u00e1t, je je\u0161t\u011b k tomu trdlo"},"content":{"rendered":"<p>Pan  Zaor\u00e1lek se u\u017e dva t\u00fddny sna\u017e\u00ed d\u011blat kauzu z\u00a0toho, kdo pr\u00fd p\u0159ipravoval  zn\u011bn\u00ed amnestie. P\u0159esto\u017ee jsem hned druh\u00fd den po jej\u00edm vyhl\u00e1\u0161en\u00ed ozn\u00e1mil,  \u017ee amnestie vznikala v\u00a0debat\u011b pana prezidenta s\u00a0\u00fazk\u00fdm okruhem jeho\u00a0t\u0159\u00ed  nejbli\u017e\u0161\u00edch spolupracovn\u00edk\u016f (to opravdu najednou nikdo nev\u00ed, kdo to  je?), mohutn\u011b se \u017eiv\u00ed f\u00e1ma, \u017ee vznikala kdesi mimo prezidenta mezi  tajemn\u00fdmi experty.<\/p>\n<p><!--more-->O to te\u010f ale nejde. Jde o to, \u017ee Zaor\u00e1lek ve sv\u00e9m ta\u017een\u00ed pou\u017eil z\u00e1kon  106\/99 o svobodn\u00e9m p\u0159\u00edstupu k\u00a0informac\u00edm a na autorstv\u00ed amnestie se t\u00e1\u017ee  pana prezidenta touto cestou. Vtipn\u00e9\u00a0je, \u017ee se sv\u00fdm t\u00fdmem nedok\u00e1zali  takovou\u00a0jednoduchou \u017e\u00e1dost sepsat a prost\u011b jen syst\u00e9mem \u201ectrl c ctrl  v\u201c\u00a0zkop\u00edrovali u\u017e dva t\u00fddny koluj\u00edc\u00ed hromadn\u00fd e-mail \u00fadajn\u00e9ho pir\u00e1ta  Jakuba Mich\u00e1lka (ro\u010dn\u00edk 1989). Zaor\u00e1lek m\u00e1 zaj\u00edmav\u00e9 p\u0159edstavy o kultu\u0159e  komunikace mezi nejvy\u0161\u0161\u00edmi \u00fastavn\u00edmi \u010diniteli. Prost\u011b zkop\u00edroval ciz\u00ed  text na hlavi\u010dkov\u00fd pap\u00edr, s\u00e1m ho ne\u010detl, i s\u00a0chybami podepsal a odeslal  prezidentu republiky.<\/p>\n<p>Myslel jsem si nejd\u0159\u00edv, \u017ee jde o podvrh a \u017ee si n\u011bkdo ze Zaor\u00e1lka  vyst\u0159elil. On se ale k\u00a0dopisu hl\u00e1s\u00ed. A v\u00edte, jak pro Novinky.cz obhajuje  fakt, \u017ee se jeho \u017e\u00e1dost zcela shoduje s\u00a0ciz\u00edm dopisem? To je fakt  z\u00e1bavn\u00e9:<\/p>\n<p>\u201eNemohu to vylou\u010dit, proto\u017ee jsem konzultoval tuto z\u00e1le\u017eitost  s\u00a0n\u011bkter\u00fdmi pr\u00e1vn\u00edky a je mo\u017en\u00e9, \u017ee p\u0159edchoz\u00ed \u017e\u00e1dost vych\u00e1z\u00ed z\u00a0podobn\u00fdch  zdroj\u016f, \u0159ekl Zaor\u00e1lek s\u00a0t\u00edm, \u017ee se samotn\u00fdmi Pir\u00e1ty v\u011bc neprob\u00edral.\u201c<\/p>\n<p>Aha. Tak pan Zaor\u00e1lek musel t\u011bch p\u00e1r \u0159\u00e1dek konzultovat s\u00a0pr\u00e1vn\u00edky.  N\u00e1hodou stejn\u00fdmi &#8222;pr\u00e1vn\u00edky&#8220;, jako ten chlapec od pir\u00e1t\u016f. A ti pr\u00e1vn\u00edci  mu poradili i osloven\u00ed \u201eDobr\u00fd den\u201c\u00a0a \u00fapln\u011b stejnou grafickou \u00fapravu. Ale  z\u00e1rove\u0148 mu tak n\u011bjak ne\u0159ekli, co m\u00e1 takov\u00e9 pod\u00e1n\u00ed\u00a0obsahovat, tak\u017ee  Zaor\u00e1lk\u016fv dopis za \u017e\u00e1dost podle z\u00e1kona 106\/99 nelze pova\u017eovat.<\/p>\n<p>Kdyby byl aspo\u0148 chlap a \u0159ekl: no tak jsem to zkop\u00edroval. Ale on se  vytas\u00ed s historkou, \u017ee to \u201ekonzultoval z\u00a0pr\u00e1vn\u00edky.\u201c Ono je n\u011bkdy lep\u0161\u00ed,  pane Zaor\u00e1lku, konzultovat n\u011bkter\u00e9 kroky s\u00a0norm\u00e1ln\u00edm lidsk\u00fdm rozumem. \u017de  ho n\u011bjak nem\u016f\u017eete naj\u00edt? Tak to potom ch\u00e1pu, \u017ee v\u00e1m nezb\u00fdv\u00e1 ne\u017e  kop\u00edrovat do \u00fa\u0159edn\u00edch listin pir\u00e1tsk\u00e9 spamy.<\/p>\n<p>L. Jakl<\/p>\n<p style=\"text-align: center;\">\n","protected":false},"excerpt":{"rendered":"<p>Pan Zaor\u00e1lek se u\u017e dva t\u00fddny sna\u017e\u00ed d\u011blat kauzu z\u00a0toho, kdo pr\u00fd p\u0159ipravoval zn\u011bn\u00ed amnestie. P\u0159esto\u017ee jsem hned druh\u00fd den po jej\u00edm vyhl\u00e1\u0161en\u00ed ozn\u00e1mil, \u017ee amnestie vznikala v\u00a0debat\u011b pana prezidenta s\u00a0\u00fazk\u00fdm okruhem jeho\u00a0t\u0159\u00ed nejbli\u017e\u0161\u00edch spolupracovn\u00edk\u016f (to opravdu najednou nikdo nev\u00ed, kdo to je?), mohutn\u011b se \u017eiv\u00ed f\u00e1ma, \u017ee vznikala kdesi mimo prezidenta mezi tajemn\u00fdmi experty.<\/p>\n","protected":false},"author":1,"featured_media":0,"comment_status":"open","ping_status":"open","sticky":false,"template":"","format":"standard","meta":{"ngg_post_thumbnail":0,"footnotes":""},"categories":[6],"tags":[],"class_list":["post-3491","post","type-post","status-publish","format-standard","hentry","category-co-jsem-nerekl"],"_links":{"self":[{"href":"https:\/\/www.ladislavjakl.cz\/index.php?rest_route=\/wp\/v2\/posts\/3491","targetHints":{"allow":["GET"]}}],"collection":[{"href":"https:\/\/www.ladislavjakl.cz\/index.php?rest_route=\/wp\/v2\/posts"}],"about":[{"href":"https:\/\/www.ladislavjakl.cz\/index.php?rest_route=\/wp\/v2\/types\/post"}],"author":[{"embeddable":true,"href":"https:\/\/www.ladislavjakl.cz\/index.php?rest_route=\/wp\/v2\/users\/1"}],"replies":[{"embeddable":true,"href":"https:\/\/www.ladislavjakl.cz\/index.php?rest_route=%2Fwp%2Fv2%2Fcomments&post=3491"}],"version-history":[{"count":4,"href":"https:\/\/www.ladislavjakl.cz\/index.php?rest_route=\/wp\/v2\/posts\/3491\/revisions"}],"predecessor-version":[{"id":3573,"href":"https:\/\/www.ladislavjakl.cz\/index.php?rest_route=\/wp\/v2\/posts\/3491\/revisions\/3573"}],"wp:attachment":[{"href":"https:\/\/www.ladislavjakl.cz\/index.php?rest_route=%2Fwp%2Fv2%2Fmedia&parent=3491"}],"wp:term":[{"taxonomy":"category","embeddable":true,"href":"https:\/\/www.ladislavjakl.cz\/index.php?rest_route=%2Fwp%2Fv2%2Fcategories&post=3491"},{"taxonomy":"post_tag","embeddable":true,"href":"https:\/\/www.ladislavjakl.cz\/index.php?rest_route=%2Fwp%2Fv2%2Ftags&post=3491"}],"curies":[{"name":"wp","href":"https:\/\/api.w.org\/{rel}","templated":true}]}}