{"id":3497,"date":"2013-01-28T13:28:22","date_gmt":"2013-01-28T12:28:22","guid":{"rendered":"http:\/\/www.ladislavjakl.cz\/?p=3497"},"modified":"2013-01-28T13:28:22","modified_gmt":"2013-01-28T12:28:22","slug":"revolucni-medialni-fronta-v-akci-dejstvi-treti","status":"publish","type":"post","link":"https:\/\/www.ladislavjakl.cz\/?p=3497","title":{"rendered":"Revolu\u010dn\u00ed medi\u00e1ln\u00ed fronta v akci, d\u011bjstv\u00ed t\u0159et\u00ed"},"content":{"rendered":"<p>To se n\u00e1m to rozv\u00e1\u0161nili III. Jen \u010dt\u011bte.<\/p>\n<p><!--more-->Amnesti\u00ed je znepokojen i zahrani\u010dn\u00ed tisk\u2026\u2026\u2026\u2026\u2026\u2026\u2026\u2026\u2026\u2026\u2026\u2026\u2026\u2026\u2026..<\/p>\n<p><a href=\"http:\/\/www.ceskapozice.cz\/domov\/politika\/verozvesti-%E2%80%9Eneviditelne-ruky%E2%80%9C-se-pridali-k-medialnimu-utoku-na-klause\" target=\"_blank\">http:\/\/www.ceskapozice.cz\/domov\/politika\/verozvesti-%E2%80%9Eneviditelne-ruky%E2%80%9C-se-pridali-k-medialnimu-utoku-na-klause<\/a><\/p>\n<p>Stejn\u011b jako cel\u00e1 Evropa\u2026\u2026\u2026\u2026\u2026\u2026\u2026\u2026\u2026\u2026\u2026..<\/p>\n<p><a href=\"http:\/\/www.prvnizpravy.cz\/zpravy\/z-domova\/ft-evropa-uvita-klausuv-odchod-s-ulevou\/\" target=\"_blank\">http:\/\/www.prvnizpravy.cz\/zpravy\/z-domova\/ft-evropa-uvita-klausuv-odchod-s-ulevou\/<\/a><\/p>\n<p>Havlista Hor\u00e1\u010dek se pochlapil\u2026\u2026\u2026\u2026\u2026\u2026\u2026.<\/p>\n<p><a href=\"http:\/\/domaci.eurozpravy.cz\/politika\/63264-skladatel-horacek-jednu-klausovi-vlepil-za-amnestii\/\" target=\"_blank\"> http:\/\/domaci.eurozpravy.cz\/politika\/63264-skladatel-horacek-jednu-klausovi-vlepil-za-amnestii\/<\/a><\/p>\n<p>Husitsk\u00fd far\u00e1\u0159 a vykasan\u00e1 nohavice Ko\u0161\u00ed\u010dek m\u00e1 jasno\u2026\u2026\u2026\u2026\u2026\u2026..<\/p>\n<p><a href=\"http:\/\/www.denik.cz\/z_domova\/farar-klaus-byl-vlk-v-rouse-berancim-20130111.html\" target=\"_blank\">http:\/\/www.denik.cz\/z_domova\/farar-klaus-byl-vlk-v-rouse-berancim-20130111.html<\/a><\/p>\n<p>A tady si \u201eHal\u00edkovec\u201c Ko\u0161\u00ed\u010dek vykas\u00e1v\u00e1 nohavice\u2026\u2026\u2026\u2026\u2026\u2026\u2026\u2026\u2026\u2026\u2026\u2026\u2026\u2026\u2026..<\/p>\n<p><a href=\"http:\/\/prostejovsky.denik.cz\/zpravy_region\/vzpominka-na-vaclava-havla-farar-si-kvuli-nemu-vyhrne-nohavice-20121218.html\" target=\"_blank\">http:\/\/prostejovsky.denik.cz\/zpravy_region\/vzpominka-na-vaclava-havla-farar-si-kvuli-nemu-vyhrne-nohavice-20121218.html<\/a><\/p>\n<p>K amnestii\u00a0vystoupil i \u201est\u0159elec z\u00a0Chrastavy\u201c<\/p>\n<p><a href=\"http:\/\/www.denik.cz\/z_domova\/amnestii-od-klause-bych-stejne-neprijal-rika-strelec-z-chrastavy-20130111.html\" target=\"_blank\">http:\/\/www.denik.cz\/z_domova\/amnestii-od-klause-bych-stejne-neprijal-rika-strelec-z-chrastavy-20130111.html<\/a><\/p>\n<p>A pozadu nez\u016fstal ani jeho \u201e\u0159\u00edd\u00edc\u00ed org\u00e1n\u201c z\u00a0V\u00eddn\u011b<\/p>\n<p><a href=\"http:\/\/www.tyden.cz\/rubriky\/domaci\/politika\/klausova-amnestie-je-paskvil-mini-aktivista-janyr_258230.html\" target=\"_blank\">http:\/\/www.tyden.cz\/rubriky\/domaci\/politika\/klausova-amnestie-je-paskvil-mini-aktivista-janyr_258230.html<\/a><\/p>\n<p>Rozho\u0159\u010den\u00ed obh\u00e1jci liberalismu\u2026\u2026\u2026\u2026\u2026\u2026\u2026\u2026\u2026\u2026.<\/p>\n<p><a href=\"http:\/\/www.ceskapozice.cz\/domov\/pravo-bezpecnost\/jak-vaclav-klaus-poprel-liberalismus\" target=\"_blank\"> http:\/\/www.ceskapozice.cz\/domov\/pravo-bezpecnost\/jak-vaclav-klaus-poprel-liberalismus<\/a><\/p>\n<p>\u010cesk\u00e1 pozice vyt\u00e1hla origin\u00e1ln\u011b i soudce Berku\u2026\u2026\u2026\u2026\u2026\u2026\u2026\u2026\u2026\u2026.<\/p>\n<p><a href=\"http:\/\/www.ceskapozice.cz\/domov\/politika\/klausovo-louceni-svoboda-pet-milionu-pro-%E2%80%9Emafiana%E2%80%9C-berku\" target=\"_blank\">http:\/\/www.ceskapozice.cz\/domov\/politika\/klausovo-louceni-svoboda-pet-milionu-pro-%E2%80%9Emafiana%E2%80%9C-berku<\/a><\/p>\n<p>Va\u0161e \u201eparoubkova\u201c v\u011bc to vid\u00ed jasn\u011b\u2026\u2026\u2026\u2026\u2026\u2026\u2026\u2026\u2026\u2026.<\/p>\n<p><a href=\"http:\/\/www.vasevec.cz\/vip-blogy\/zbynek-fiala-vazme-si-klause\" target=\"_blank\">http:\/\/www.vasevec.cz\/vip-blogy\/zbynek-fiala-vazme-si-klause<\/a><\/p>\n<p><a href=\"http:\/\/www.vasevec.cz\/vip-blogy\/prezident-pod-palbou\" target=\"_blank\">http:\/\/www.vasevec.cz\/vip-blogy\/prezident-pod-palbou<\/a><\/p>\n<p>Mlad\u00ed havlisti\u010dt\u00ed agit\u010d\u00edci si i za\u0161pr\u00fdmovali\u2026\u2026\u2026\u2026\u2026\u2026\u2026\u2026\u2026\u2026.<\/p>\n<p><a href=\"http:\/\/zpravy.idnes.cz\/corrupt-tour-ukazuje-klausuv-vyprodej-fci-\/domaci.aspx?c=A130110_172834_domaci_brm\" target=\"_blank\">http:\/\/zpravy.idnes.cz\/corrupt-tour-ukazuje-klausuv-vyprodej-fci-\/domaci.aspx?c=A130110_172834_domaci_brm<\/a><\/p>\n<p>Zat\u00edmco v\u00a0Liberci u\u017e to tak vtipn\u00e9 nebylo\u2026\u2026\u2026\u2026\u2026\u2026\u2026\u2026\u2026\u2026.<\/p>\n<p><a href=\"http:\/\/tn.nova.cz\/zpravy\/domaci\/k-l-a-u-s-je-c-rak-v-liberci-jezdila-auta-s-vulgarnim-napisem.html\" target=\"_blank\"> http:\/\/tn.nova.cz\/zpravy\/domaci\/k-l-a-u-s-je-c-rak-v-liberci-jezdila-auta-s-vulgarnim-napisem.html<\/a><\/p>\n<p>Ani kn\u00ed\u017eec\u00ed dvorn\u00ed kreativec \u201ev\u00fdtvarn\u00edk\u201c David \u010cern\u00fd ne\u0161el pro ostr\u00e9 slovo daleko\u2026\u2026\u2026\u2026\u2026\u2026<\/p>\n<p><a href=\"http:\/\/www.parlamentnilisty.cz\/zpravy\/Kontroverzni-umelec-Cerny-ke-Klausovi-Jakze-se-jmenuje-ten-pan-A-pak-ho-nesetril-259448\" target=\"_blank\"> http:\/\/www.parlamentnilisty.cz\/zpravy\/Kontroverzni-umelec-Cerny-ke-Klausovi-Jakze-se-jmenuje-ten-pan-A-pak-ho-nesetril-259448<\/a><\/p>\n<p>Dokonce i\u00a0 \u201eZv\u011bdavec\u201c jindy tak zv\u011bdav\u00fd, se tentokr\u00e1t zapojil do hlavn\u00edho proudu\u2026\u2026\u2026\u2026\u2026\u2026\u2026\u2026\u2026.<\/p>\n<p><a href=\"http:\/\/www.zvedavec.org\/komentare\/2013\/01\/5272-klausova-amnestie-dava-velkou-logiku.htm\" target=\"_blank\">http:\/\/www.zvedavec.org\/komentare\/2013\/01\/5272-klausova-amnestie-dava-velkou-logiku.htm<\/a><\/p>\n<p>Zdena Ma\u0161\u00ednov\u00e1 m\u00e1 jasno\u2026\u2026\u2026\u2026\u2026\u2026\u2026\u2026\u2026\u2026\u2026..<\/p>\n<p><a href=\"http:\/\/www.parlamentnilisty.cz\/rss\/zpravy\/Klaus-je-gauner-padlo-za-ucasti-Masinove-pri-akci-na-podporu-Smetany-259586\" target=\"_blank\">http:\/\/www.parlamentnilisty.cz\/rss\/zpravy\/Klaus-je-gauner-padlo-za-ucasti-Masinove-pri-akci-na-podporu-Smetany-259586<\/a><\/p>\n<p>Zaor\u00e1lek m\u00e1 jasno\u2026\u2026\u2026\u2026\u2026\u2026.<\/p>\n<p><a href=\"http:\/\/blog.aktualne.centrum.cz\/blogy\/lubomir-zaoralek.php?itemid=18695\" target=\"_blank\">http:\/\/blog.aktualne.centrum.cz\/blogy\/lubomir-zaoralek.php?itemid=18695<\/a><\/p>\n<p>Kn\u00ed\u017ee ze Schwarzenbergu\u00a0se postavil \u201estate\u010dn\u011b\u201c proti\u2026\u2026\u2026\u2026\u2026\u2026\u2026<\/p>\n<p><a href=\"http:\/\/www.tyden.cz\/rubriky\/domaci\/politika\/schwarzenberg-vystoupil-ve-snemovne-proti-amnestii_258595.html\" target=\"_blank\"> http:\/\/www.tyden.cz\/rubriky\/domaci\/politika\/schwarzenberg-vystoupil-ve-snemovne-proti-amnestii_258595.html<\/a><\/p>\n<p>\u010cSSD p\u00ed\u0161e otev\u0159en\u00e9 dopisy\u2026\u2026\u2026\u2026\u2026\u2026..<\/p>\n<p><a href=\"http:\/\/www.cssd.cz\/aktualne\/blogy\/je-klaus-s-justicni-mafii-jedna-ruka\/\" target=\"_blank\">http:\/\/www.cssd.cz\/aktualne\/blogy\/je-klaus-s-justicni-mafii-jedna-ruka\/<\/a><\/p>\n<p>Britsk\u00e9 listy tento t\u00fdden z\u016fstaly dost za o\u010dek\u00e1v\u00e1n\u00edm\u2026\u2026\u2026\u2026\u2026\u2026\u2026\u2026\u2026..<\/p>\n<p><a href=\"http:\/\/www.blisty.cz\/art\/66949.html\" target=\"_blank\">http:\/\/www.blisty.cz\/art\/66949.html<\/a><\/p>\n<p>K\u00a0tomu to z\u0159ejm\u011b m\u011blo cel\u00e9 v\u00e9st\u2026\u2026\u2026\u2026\u2026\u2026\u2026\u2026\u2026\u2026\u2026\u2026.<\/p>\n<p><a href=\"http:\/\/www.ceskapozice.cz\/domov\/politika\/lidrem-pravice-je-schwarzenberg-zacala-postklausovska-era\" target=\"_blank\"> http:\/\/www.ceskapozice.cz\/domov\/politika\/lidrem-pravice-je-schwarzenberg-zacala-postklausovska-era<\/a><\/p>\n<p>A tomu bylo t\u0159eba zabr\u00e1nit\u00a0v\u0161emi prost\u0159edky\u2026\u2026\u2026\u2026\u2026\u2026\u2026..<\/p>\n<p><a href=\"http:\/\/www.tyden.cz\/rubriky\/domaci\/politika\/klaus-zustal-nejduveryhodnejsim-politikem-zjisteno-pred-amnestii_258282.html\" target=\"_blank\">http:\/\/www.tyden.cz\/rubriky\/domaci\/politika\/klaus-zustal-nejduveryhodnejsim-politikem-zjisteno-pred-amnestii_258282.html<\/a><\/p>\n<p>nezn\u00e1m\u00fd \u010dten\u00e1\u0159<\/p>\n","protected":false},"excerpt":{"rendered":"<p>To se n\u00e1m to rozv\u00e1\u0161nili III. Jen \u010dt\u011bte.<\/p>\n","protected":false},"author":1,"featured_media":0,"comment_status":"open","ping_status":"open","sticky":false,"template":"","format":"standard","meta":{"ngg_post_thumbnail":0,"footnotes":""},"categories":[11],"tags":[],"class_list":["post-3497","post","type-post","status-publish","format-standard","hentry","category-ozvena"],"_links":{"self":[{"href":"https:\/\/www.ladislavjakl.cz\/index.php?rest_route=\/wp\/v2\/posts\/3497","targetHints":{"allow":["GET"]}}],"collection":[{"href":"https:\/\/www.ladislavjakl.cz\/index.php?rest_route=\/wp\/v2\/posts"}],"about":[{"href":"https:\/\/www.ladislavjakl.cz\/index.php?rest_route=\/wp\/v2\/types\/post"}],"author":[{"embeddable":true,"href":"https:\/\/www.ladislavjakl.cz\/index.php?rest_route=\/wp\/v2\/users\/1"}],"replies":[{"embeddable":true,"href":"https:\/\/www.ladislavjakl.cz\/index.php?rest_route=%2Fwp%2Fv2%2Fcomments&post=3497"}],"version-history":[{"count":1,"href":"https:\/\/www.ladislavjakl.cz\/index.php?rest_route=\/wp\/v2\/posts\/3497\/revisions"}],"predecessor-version":[{"id":3498,"href":"https:\/\/www.ladislavjakl.cz\/index.php?rest_route=\/wp\/v2\/posts\/3497\/revisions\/3498"}],"wp:attachment":[{"href":"https:\/\/www.ladislavjakl.cz\/index.php?rest_route=%2Fwp%2Fv2%2Fmedia&parent=3497"}],"wp:term":[{"taxonomy":"category","embeddable":true,"href":"https:\/\/www.ladislavjakl.cz\/index.php?rest_route=%2Fwp%2Fv2%2Fcategories&post=3497"},{"taxonomy":"post_tag","embeddable":true,"href":"https:\/\/www.ladislavjakl.cz\/index.php?rest_route=%2Fwp%2Fv2%2Ftags&post=3497"}],"curies":[{"name":"wp","href":"https:\/\/api.w.org\/{rel}","templated":true}]}}