{"id":3506,"date":"2013-01-28T13:34:02","date_gmt":"2013-01-28T12:34:02","guid":{"rendered":"http:\/\/www.ladislavjakl.cz\/?p=3506"},"modified":"2013-01-28T13:34:02","modified_gmt":"2013-01-28T12:34:02","slug":"hradni-jakl-zase-hajil-amnestii-zaoralek-je-hulvat-lhar-a-navic-i-trdlo","status":"publish","type":"post","link":"https:\/\/www.ladislavjakl.cz\/?p=3506","title":{"rendered":"Hradn\u00ed Jakl zase h\u00e1jil amnestii: Zaor\u00e1lek je hulv\u00e1t, lh\u00e1\u0159, a nav\u00edc i trdlo"},"content":{"rendered":"<p>Diskuse o amnestii prezidenta V\u00e1clava Klause pokra\u010duje. V p\u00e1tek se do  m\u00edstop\u0159edsedy \u010cSSD Lubom\u00edra Zaor\u00e1lka pustil \u0159editel Klausovy kancel\u00e1\u0159e  Ladislav Jakl. Nazval ho trdlem kv\u016fli \u017e\u00e1dosti, aby Klaus zve\u0159ejnil  autory amnestie.<\/p>\n<p><!--more--><\/p>\n<p>Lubom\u00edr Zaor\u00e1lek toti\u017e po\u017eaduje, aby Hrad zve\u0159ejnil, kdo pom\u00e1hal  V\u00e1clavu Klausovi s p\u0159\u00edpravou novoro\u010dn\u00ed amnestie. \u201eZaor\u00e1lek ve sv\u00e9m  ta\u017een\u00ed pou\u017eil z\u00e1kon 106\/99 o svobodn\u00e9m p\u0159\u00edstupu k informac\u00edm a na  autorstv\u00ed amnestie se t\u00e1\u017ee pana prezidenta touto cestou. Vtipn\u00e9 je, \u017ee  se sv\u00fdm t\u00fdmem nedok\u00e1zali takovou jednoduchou \u017e\u00e1dost sepsat a prost\u011b jen  syst\u00e9mem &#8218;ctrl c ctrl v&#8216; zkop\u00edrovali u\u017e dva t\u00fddny koluj\u00edc\u00ed hromadn\u00fd  e-mail \u00fadajn\u00e9ho pir\u00e1ta Jakuba Mich\u00e1lka,\u201c vysm\u00edv\u00e1 se mu Ladislav Jakl a  dod\u00e1v\u00e1, \u017ee v p\u016fvodn\u00edm textu m\u00edstop\u0159edseda \u010cSSD nechal i chyby.<\/p>\n<p>\u201eMyslel jsem si nejd\u0159\u00edv, \u017ee jde o podvrh a \u017ee si n\u011bkdo ze Zaor\u00e1lka  vyst\u0159elil. On se ale k dopisu hl\u00e1s\u00ed,\u201c popisuje Jakl a cituje: \u201eNemohu to  vylou\u010dit, proto\u017ee jsem konzultoval tuto z\u00e1le\u017eitost s n\u011bkter\u00fdmi pr\u00e1vn\u00edky  a je mo\u017en\u00e9, \u017ee p\u0159edchoz\u00ed \u017e\u00e1dost vych\u00e1z\u00ed z podobn\u00fdch zdroj\u016f, \u0159ekl  Zaor\u00e1lek s t\u00edm, \u017ee se samotn\u00fdmi Pir\u00e1ty v\u011bc neprob\u00edral.\u201c<\/p>\n<p>Nad t\u00edm se \u0161\u00e9f prezidentsk\u00e9 kancel\u00e1\u0159e pozastavuje \u2013 pr\u00e1vn\u00edci poradili  Lubom\u00edru Zaor\u00e1lkovi identick\u00fd text, jako byl ten, kter\u00fd poslal mlad\u00fd  \u010dlen \u010cesk\u00e9 pir\u00e1tsk\u00e9 strany? \u201eKdyby byl aspo\u0148 chlap a \u0159ekl: no tak jsem  to zkop\u00edroval. Ale on se vytas\u00ed s historkou, \u017ee to \u201ekonzultoval s  pr\u00e1vn\u00edky\u201c. Ono je n\u011bkdy lep\u0161\u00ed, pane Zaor\u00e1lku, konzultovat n\u011bkter\u00e9 kroky s  norm\u00e1ln\u00edm lidsk\u00fdm rozumem,\u201c rad\u00ed mu Jakl.<\/p>\n<p>\u201eP\u0159esto\u017ee jsem hned druh\u00fd den po jej\u00edm vyhl\u00e1\u0161en\u00ed ozn\u00e1mil, \u017ee amnestie  vznikala v debat\u011b pana prezidenta s \u00fazk\u00fdm okruhem jeho t\u0159\u00ed nejbli\u017e\u0161\u00edch  spolupracovn\u00edk\u016f (to opravdu najednou nikdo nev\u00ed, kdo to je?), mohutn\u011b se  \u017eiv\u00ed f\u00e1ma, \u017ee vznikala kdesi mimo prezidenta mezi tajemn\u00fdmi experty,\u201c  zd\u016fraz\u0148uje tak\u00e9. Oni t\u0159i nejbli\u017e\u0161\u00ed by pravd\u011bpodobn\u011b mohli b\u00fdt s\u00e1m Jakl,  Petr H\u00e1jek a Ji\u0159\u00ed Weigl.<\/p>\n<p><a href=\"http:\/\/www.parlamentnilisty.cz\/zpravy\/Hradni-Jakl-zase-hajil-amnestii-Zaoralek-je-hulvat-lhar-a-navic-i-trdlo-260852\" target=\"_blank\">Zdroj<\/a><\/p>\n","protected":false},"excerpt":{"rendered":"<p>Diskuse o amnestii prezidenta V\u00e1clava Klause pokra\u010duje. V p\u00e1tek se do m\u00edstop\u0159edsedy \u010cSSD Lubom\u00edra Zaor\u00e1lka pustil \u0159editel Klausovy kancel\u00e1\u0159e Ladislav Jakl. Nazval ho trdlem kv\u016fli \u017e\u00e1dosti, aby Klaus zve\u0159ejnil autory amnestie.<\/p>\n","protected":false},"author":1,"featured_media":0,"comment_status":"open","ping_status":"open","sticky":false,"template":"","format":"standard","meta":{"ngg_post_thumbnail":0,"footnotes":""},"categories":[11],"tags":[],"class_list":["post-3506","post","type-post","status-publish","format-standard","hentry","category-ozvena"],"_links":{"self":[{"href":"https:\/\/www.ladislavjakl.cz\/index.php?rest_route=\/wp\/v2\/posts\/3506","targetHints":{"allow":["GET"]}}],"collection":[{"href":"https:\/\/www.ladislavjakl.cz\/index.php?rest_route=\/wp\/v2\/posts"}],"about":[{"href":"https:\/\/www.ladislavjakl.cz\/index.php?rest_route=\/wp\/v2\/types\/post"}],"author":[{"embeddable":true,"href":"https:\/\/www.ladislavjakl.cz\/index.php?rest_route=\/wp\/v2\/users\/1"}],"replies":[{"embeddable":true,"href":"https:\/\/www.ladislavjakl.cz\/index.php?rest_route=%2Fwp%2Fv2%2Fcomments&post=3506"}],"version-history":[{"count":1,"href":"https:\/\/www.ladislavjakl.cz\/index.php?rest_route=\/wp\/v2\/posts\/3506\/revisions"}],"predecessor-version":[{"id":3507,"href":"https:\/\/www.ladislavjakl.cz\/index.php?rest_route=\/wp\/v2\/posts\/3506\/revisions\/3507"}],"wp:attachment":[{"href":"https:\/\/www.ladislavjakl.cz\/index.php?rest_route=%2Fwp%2Fv2%2Fmedia&parent=3506"}],"wp:term":[{"taxonomy":"category","embeddable":true,"href":"https:\/\/www.ladislavjakl.cz\/index.php?rest_route=%2Fwp%2Fv2%2Fcategories&post=3506"},{"taxonomy":"post_tag","embeddable":true,"href":"https:\/\/www.ladislavjakl.cz\/index.php?rest_route=%2Fwp%2Fv2%2Ftags&post=3506"}],"curies":[{"name":"wp","href":"https:\/\/api.w.org\/{rel}","templated":true}]}}