{"id":3508,"date":"2013-01-28T13:35:48","date_gmt":"2013-01-28T12:35:48","guid":{"rendered":"http:\/\/www.ladislavjakl.cz\/?p=3508"},"modified":"2013-01-28T13:35:48","modified_gmt":"2013-01-28T12:35:48","slug":"prezidentuv-poradce-jakl-perli-zaoralek-je-pry-lhar-hulvat-a-trdlo","status":"publish","type":"post","link":"https:\/\/www.ladislavjakl.cz\/?p=3508","title":{"rendered":"Prezident\u016fv poradce Jakl perl\u00ed: Zaor\u00e1lek je pr\u00fd lh\u00e1\u0159, hulv\u00e1t a trdlo"},"content":{"rendered":"<p>Nep\u0159\u00e1telsk\u00e9 v\u00fdpady kolem amnesti\u00ed pokra\u010duj\u00ed.  Prezident\u016fv poradce Ladislav Jakl v p\u00e1tek na sv\u00e9m webu uve\u0159ejnil \u010dl\u00e1nek,  kde m\u00edstop\u0159edsedu \u010cSSD Lubom\u00edra Zaor\u00e1vka naz\u00fdv\u00e1 lh\u00e1\u0159em, hulv\u00e1tem a  p\u0159id\u00e1v\u00e1 i trdlo.<\/p>\n<p><!--more-->D\u016fvodem Jaklovy reakce, kter\u00e1 je p\u0159\u00edzna\u010dn\u011b za\u0159azen\u00e1 do jeho sekce  Hrub\u00e1 z\u00e1plata, je Zaor\u00e1lkova \u017e\u00e1dost, aby Hrad zve\u0159ejnil, kdo konkr\u00e9tn\u011b  novoro\u010dn\u00ed amnestii p\u0159ipravoval. Jak u\u017e Jakl na sv\u00e9m webu upozornil p\u0159ed  dv\u011bma dny, zn\u011bn\u00ed Zaor\u00e1lkovy \u017e\u00e1dosti je toto\u017en\u00e9 s tou, kter\u00e1 do kancel\u00e1\u0159e  prezidenta dorazila o dev\u011bt dn\u00ed d\u0159\u00edve od Pir\u00e1ta Jakuba Mich\u00e1lka.<\/p>\n<p>&#8222;Pan Zaor\u00e1lek se u\u017e dva t\u00fddny sna\u017e\u00ed d\u011blat kauzu z toho, kdo  pr\u00fd p\u0159ipravoval zn\u011bn\u00ed amnestie. P\u0159esto\u017ee jsem hned druh\u00fd den po jej\u00edm  vyhl\u00e1\u0161en\u00ed ozn\u00e1mil, \u017ee amnestie vznikala v debat\u011b pana prezidenta s \u00fazk\u00fdm  okruhem jeho t\u0159\u00ed nejbli\u017e\u0161\u00edch spolupracovn\u00edk\u016f (to opravdu najednou nikdo  nev\u00ed, kdo to je?), mohutn\u011b se \u017eiv\u00ed f\u00e1ma, \u017ee vznikala kdesi mimo  prezidenta mezi tajemn\u00fdmi experty,&#8220; \u010d\u00edl\u00ed se jeden z Klausov\u00fdch mu\u017e\u016f.<\/p>\n<p><strong>Kdo tedy jsou ti t\u0159i nejbli\u017e\u0161\u00ed? <\/strong>Pravd\u011bpodobn\u011b s\u00e1m Jakl, Petr H\u00e1jek a Ji\u0159\u00ed Weigl. Jeho dcera byla ostatn\u011b p\u0159i amnestii zbavena trestu za zp\u016fsobenou autonehodu.<\/p>\n<p>A Jakl ne\u0161et\u0159\u00ed m\u00edstop\u0159edsedu soci\u00e1ln\u00ed demokracie a Poslaneck\u00e9  sn\u011bmovny ani d\u00e1le. &#8222;Zaor\u00e1lek ve sv\u00e9m ta\u017een\u00ed pou\u017eil z\u00e1kon 106\/99 o  svobodn\u00e9m p\u0159\u00edstupu k informac\u00edm a na autorstv\u00ed amnestie se t\u00e1\u017ee pana  prezidenta touto cestou. Vtipn\u00e9 je, \u017ee se sv\u00fdm t\u00fdmem nedok\u00e1zali takovou  jednoduchou \u017e\u00e1dost sepsat a prost\u011b jen syst\u00e9mem ctrl c ctrl v  zkop\u00edrovali u\u017e dva t\u00fddny koluj\u00edc\u00ed hromadn\u00fd e-mail \u00fadajn\u00e9ho pir\u00e1ta Jakuba  Mich\u00e1lka (ro\u010dn\u00edk 1989). Zaor\u00e1lek m\u00e1 zaj\u00edmav\u00e9 p\u0159edstavy o kultu\u0159e  komunikace mezi nejvy\u0161\u0161\u00edmi \u00fastavn\u00edmi \u010diniteli,&#8220; posm\u00edv\u00e1 se Jakl.<\/p>\n<p>Prost\u0159ednictv\u00edm  webu tak\u00e9 Lubom\u00edru Zaor\u00e1lkovi vzk\u00e1zal, \u017ee \u017e\u00e1dn\u00e9 informace nedostane,  proto\u017ee svou \u017e\u00e1dost sestavil \u0161patn\u011b. V tom se Jakl nem\u00fdl\u00ed \u2013 mezi \u017e\u00e1dost\u00ed  Mich\u00e1lka a Zaor\u00e1lka je jedin\u00fd rozd\u00edl, ov\u0161em podstatn\u00fd. <strong>M\u00edstop\u0159edsedovi chyb\u00ed kolonka povinn\u00fd subjekt, kterou z\u00e1kon vy\u017eaduje<\/strong>. Tam m\u011blo b\u00fdt vypln\u011bno Prezident republiky, \u010di Kancel\u00e1\u0159 prezidenta republiky.<\/p>\n<p>D\u00e1l  se Jakl Zaor\u00e1lkovi po\u0161klebuje, proto\u017ee se h\u00e1jil t\u00edm, \u017ee jeho \u017e\u00e1dost je  shodn\u00e1 s tou Pir\u00e1tskou, proto\u017ee pravd\u011bpodobn\u011b konzultoval se stejn\u00fdmi  pr\u00e1vn\u00edky. Tomu ov\u0161em prezident\u016fv poradce nev\u011b\u0159\u00ed.<\/p>\n<p>&#8222;<strong>Kdyby byl aspo\u0148 chlap<\/strong> a \u0159ekl: no tak jsem  to zkop\u00edroval. Ale on se vytas\u00ed s historkou, \u017ee to konzultoval z  pr\u00e1vn\u00edky. Ono je n\u011bkdy lep\u0161\u00ed, pane Zaor\u00e1lku, konzultovat n\u011bkter\u00e9 kroky s  norm\u00e1ln\u00edm lidsk\u00fdm rozumem. \u017de ho n\u011bjak nem\u016f\u017eete naj\u00edt? Tak to potom  ch\u00e1pu, \u017ee v\u00e1m nezb\u00fdv\u00e1 ne\u017e kop\u00edrovat do \u00fa\u0159edn\u00edch listin pir\u00e1tsk\u00e9 spamy,&#8220;  uzav\u00edr\u00e1 Jakl.<\/p>\n<p>Z\u00e1rove\u0148 poradce znovu zve\u0159ejnil ob\u011b p\u0159ijat\u00e9  \u017e\u00e1dosti. Jenom\u017ee ty obsahuj\u00ed i osobn\u00ed \u00fadaje odes\u00edlatel\u016f a Pir\u00e1ti se  proto hodlaj\u00ed br\u00e1nit pr\u00e1vn\u00edmi prost\u0159edky. Jak uvedla \u010cesk\u00e1 pozice, d\u016fvod  pro st\u00ed\u017enost je je\u0161t\u011b jeden: p\u0159esto\u017ee \u017e\u00e1dost Jakuba Mich\u00e1lka obsahovala  v\u0161e pot\u0159ebn\u00e9, <strong>Hrad na ni nereagoval v z\u00e1konn\u00e9 lh\u016ft<\/strong>\u011b, t\u00edm poru\u0161il normu o svobodn\u00e9m p\u0159\u00edstupu k infomac\u00edm.<\/p>\n<p><a href=\"http:\/\/tn.nova.cz\/zpravy\/domaci\/prezidentuv-poradce-lubomir-zaoralek-je-lhar-hulvat-a-trdlo.html\" target=\"_blank\">Zdroj<\/a><\/p>\n","protected":false},"excerpt":{"rendered":"<p>Nep\u0159\u00e1telsk\u00e9 v\u00fdpady kolem amnesti\u00ed pokra\u010duj\u00ed. Prezident\u016fv poradce Ladislav Jakl v p\u00e1tek na sv\u00e9m webu uve\u0159ejnil \u010dl\u00e1nek, kde m\u00edstop\u0159edsedu \u010cSSD Lubom\u00edra Zaor\u00e1vka naz\u00fdv\u00e1 lh\u00e1\u0159em, hulv\u00e1tem a p\u0159id\u00e1v\u00e1 i trdlo.<\/p>\n","protected":false},"author":1,"featured_media":0,"comment_status":"open","ping_status":"open","sticky":false,"template":"","format":"standard","meta":{"ngg_post_thumbnail":0,"footnotes":""},"categories":[11],"tags":[],"class_list":["post-3508","post","type-post","status-publish","format-standard","hentry","category-ozvena"],"_links":{"self":[{"href":"https:\/\/www.ladislavjakl.cz\/index.php?rest_route=\/wp\/v2\/posts\/3508","targetHints":{"allow":["GET"]}}],"collection":[{"href":"https:\/\/www.ladislavjakl.cz\/index.php?rest_route=\/wp\/v2\/posts"}],"about":[{"href":"https:\/\/www.ladislavjakl.cz\/index.php?rest_route=\/wp\/v2\/types\/post"}],"author":[{"embeddable":true,"href":"https:\/\/www.ladislavjakl.cz\/index.php?rest_route=\/wp\/v2\/users\/1"}],"replies":[{"embeddable":true,"href":"https:\/\/www.ladislavjakl.cz\/index.php?rest_route=%2Fwp%2Fv2%2Fcomments&post=3508"}],"version-history":[{"count":1,"href":"https:\/\/www.ladislavjakl.cz\/index.php?rest_route=\/wp\/v2\/posts\/3508\/revisions"}],"predecessor-version":[{"id":3509,"href":"https:\/\/www.ladislavjakl.cz\/index.php?rest_route=\/wp\/v2\/posts\/3508\/revisions\/3509"}],"wp:attachment":[{"href":"https:\/\/www.ladislavjakl.cz\/index.php?rest_route=%2Fwp%2Fv2%2Fmedia&parent=3508"}],"wp:term":[{"taxonomy":"category","embeddable":true,"href":"https:\/\/www.ladislavjakl.cz\/index.php?rest_route=%2Fwp%2Fv2%2Fcategories&post=3508"},{"taxonomy":"post_tag","embeddable":true,"href":"https:\/\/www.ladislavjakl.cz\/index.php?rest_route=%2Fwp%2Fv2%2Ftags&post=3508"}],"curies":[{"name":"wp","href":"https:\/\/api.w.org\/{rel}","templated":true}]}}